{"id":198720,"date":"2025-05-30T08:58:27","date_gmt":"2025-05-30T08:58:27","guid":{"rendered":"https:\/\/radiofenix.com.ar\/2023\/la-polemica-reflexion-del-gordo-dan-sobre-el-adoctrinamiento-de-derecha-no-es-lo-mismo\/"},"modified":"2025-05-30T08:58:27","modified_gmt":"2025-05-30T08:58:27","slug":"la-polemica-reflexion-del-gordo-dan-sobre-el-adoctrinamiento-de-derecha-no-es-lo-mismo","status":"publish","type":"post","link":"https:\/\/radiofenix.com.ar\/2023\/la-polemica-reflexion-del-gordo-dan-sobre-el-adoctrinamiento-de-derecha-no-es-lo-mismo\/","title":{"rendered":"La pol\u00e9mica reflexi\u00f3n del Gordo Dan sobre el adoctrinamiento de derecha: &quot;No es lo mismo&quot;"},"content":{"rendered":"<div id=\"\">\n<p>Cabe se\u00f1alar que, en la era de gesti\u00f3n kirchnerista, Paka-Paka fue mal tildado por la oposici\u00f3n y se\u00f1alado por supuestamente poseer contenido de adoctrinamiento a ni\u00f1os. Por esa raz\u00f3n, la nueva serie de ese canal gener\u00f3 tanta controversia y el Gordo Dan decidi\u00f3 salir a buscar interacciones diciendo lo que todos esperaban que dijera: la barbaridad que piensa realmente.<\/p>\n<p>\u00ab<strong>Si el adoctrinamiento es de derecha, entonces no es adoctrinamiento<\/strong>. Porque nuestras ideolog\u00edas no son equivalentes. Ense\u00f1ar socialismo no es equivalente a ense\u00f1ar liberalismo porque ense\u00f1ar una no da lo mismo que ense\u00f1ar la otra. <strong>Una defiende la realidad, y la otra una fantas\u00eda<\/strong>\u00ab, comenz\u00f3 indicando.<\/p>\n<p>Y agreg\u00f3: \u00abEs como si yo en la facultad de medicina te dijera: bueno mir\u00e1, pod\u00e9s aprender cirug\u00eda de este manual de chamanismo y vibraciones m\u00e1gicas azteca o del Principios de Cirug\u00eda de Schwartz 11ava Edici\u00f3n. <span class=\"saysCMSEmphasis\" id=\"saysCMSEmphasis19t13lza7la\">No es lo mismo. No existe tal equivalencia moral entre ense\u00f1ar uno y ense\u00f1ar el otro. Ense\u00f1ar uno est\u00e1 mal y ense\u00f1ar el otro est\u00e1 bien.<\/span> Les mando un fraterno abrazo\u00bb.<\/p>\n<div contenteditable=\"false\" class=\"embed_cont type_imagen\" id=\"8080908-Libre-555327684_wrap\">\n<p> image.png <span onclick=\"parent.parent.TinyMCETdcuerpo.preview_embed('8080908-Libre-555327684')\" class=\"embed_colapse less\" id=\"8080908-Libre-555327684_colapse\"\/>  <span onclick=\"parent.parent.TinyMCETdcuerpo.delete_embed('8080908-Libre-555327684')\" class=\"embed_delete less\" id=\"8080908-Libre-555327684_delete\"\/><\/p>\n<div id=\"8080908-Libre-555327684_content\" class=\"embed_content\"><img decoding=\"async\" src=\"https:\/\/media.minutouno.com\/p\/e1537ed016b8e10bb64273b96d277aa3\/adjuntos\/150\/imagenes\/042\/460\/0042460871\/610x0\/smart\/imagepng.png\" alt=\"\" title=\"\" width=\"610\" height=\"undefined\" id=\"8080908-Libre-555327684_embed\"\/><\/div>\n<\/p><\/div>\n<p>Por supuesto, logr\u00f3 las interacciones, los likes, retuits y, como era de esperarse, algunos rechazos de los que se alimenta a menudo.<\/p>\n<h2>Qui\u00e9n es el \u00abGordo Dan\u00bb y por qu\u00e9 es tan popular entre libertarios<\/h2>\n<p>Daniel Parisini, tambi\u00e9n conocido como \u00abGordo Dan\u00bb, es un m\u00e9dico genetista argentino y un influyente pol\u00edtico en redes sociales. <strong>Se ha destacado por su estilo provocador y su firme defensa del liberalismo y del presidente Javier Milei<\/strong>, especialmente en la plataforma X (antes Twitter).<\/p>\n<div contenteditable=\"false\" class=\"embed_cont type_imagen\" id=\"8076771-Libre-1182975450_wrap\">\n<p> milei gordo dan.jpg <span onclick=\"parent.parent.TinyMCETdcuerpo.preview_embed('8076771-Libre-1182975450')\" class=\"embed_colapse less\" id=\"8076771-Libre-1182975450_colapse\"\/>  <span onclick=\"parent.parent.TinyMCETdcuerpo.delete_embed('8076771-Libre-1182975450')\" class=\"embed_delete less\" id=\"8076771-Libre-1182975450_delete\"\/><\/p>\n<div id=\"8076771-Libre-1182975450_content\" class=\"embed_content\"><img loading=\"lazy\" decoding=\"async\" src=\"https:\/\/media.minutouno.com\/p\/58a9c61100a08a8962bb7135a1740bf8\/adjuntos\/150\/imagenes\/042\/435\/0042435397\/milei-gordo-danjpg.jpg\" alt=\"Javier Milei, junto a Daniel Parisini, m\u00e1s conocido como el \" gordo=\"\" dan=\"\" title=\"Javier Milei, junto a Daniel Parisini, m\u00e1s conocido como el \" width=\"610\" height=\"406\" id=\"8076771-Libre-1182975450_embed\"\/><\/div>\n<div id=\"8076771-Libre-1182975450_epigrafe\" class=\"embed_epigrafe\">\n<p> Javier Milei, junto a Daniel Parisini, m\u00e1s conocido como el \u00abGordo Dan\u00bb.<\/p>\n<\/div><\/div>\n<p>Nacido en Santiago del Estero en 1992, <strong>Parisini estudi\u00f3 medicina en la Universidad Nacional de Tucum\u00e1n <\/strong>y posteriormente <span class=\"saysCMSEmphasis\" id=\"saysCMSEmphasissw2idysqvr\">trabaj\u00f3 en instituciones prestigiosas como el Hospital Garrahan y el Centro Nacional de Gen\u00e9tica M\u00e9dica.<\/span><\/p>\n<p>Desde 2020, utiliza X para comunicar sus opiniones pol\u00edticas, a menudo empleando iron\u00eda y humor negro. Esta aproximaci\u00f3n directa lo ha convertido en una figura influyente dentro del espectro libertario en Argentina. Con frecuencia discute temas pol\u00edticos, enfatizando la libertad econ\u00f3mica y criticando las pol\u00edticas \u00abkirchneristas\u00bb. <\/p>\n<p>En 2024, recibi\u00f3 el premio <strong>Mart\u00edn Fierro Digital <\/strong>a la <em>\u00abCuenta m\u00e1s influyente de X\u00bb<\/em>. Tambi\u00e9n ha llamado la atenci\u00f3n por aparentemente predecir despidos y cambios gubernamentales, sugiriendo tener informaci\u00f3n privilegiada.<\/p>\n<div contenteditable=\"false\" class=\"embed_cont type_freetext\" rel=\"freetext\" id=\"embed8_wrap\">\n<p> Embed <span onclick=\"parent.parent.TinyMCETdcuerpo.preview_embed('embed8')\" class=\"embed_colapse less\" id=\"embed8_colapse\"\/>  <span onclick=\"parent.parent.TinyMCETdcuerpo.delete_embed('embed8')\" class=\"embed_delete less\" id=\"embed8_delete\"\/><\/p>\n<div id=\"embed8_content\" class=\"embed_content\">\n<div id=\"embed8_embed\">\n<figure class=\"figure\"><a href=\"https:\/\/t.me\/minutounocom\" target=\"_blank\"><img decoding=\"async\" src=\"https:\/\/media.minutouno.com\/adjuntos\/150\/banners\/039\/099\/0039099175.jpg\" class=\"figure-img img-fluid\" style=\"width:100%;height:auto;\"\/><\/a><\/figure>\n<\/p><\/div>\n<\/div><\/div>\n<\/div>\n<p><a href=\"https:\/\/www.minutouno.com\/politica\/la-polemica-reflexion-del-gordo-dan-el-adoctrinamiento-derecha-no-es-lo-mismo-n6150482\">source<\/a><\/p>\n","protected":false},"excerpt":{"rendered":"<p>Cabe se\u00f1alar que, en la era de gesti\u00f3n kirchnerista, Paka-Paka fue mal tildado por la&#8230;<\/p>\n","protected":false},"author":0,"featured_media":198721,"comment_status":"open","ping_status":"open","sticky":false,"template":"","format":"standard","meta":{"footnotes":""},"categories":[2],"tags":[],"class_list":["post-198720","post","type-post","status-publish","format-standard","has-post-thumbnail","hentry","category-politica"],"featured_image_urls":{"full":["https:\/\/radiofenix.com.ar\/2023\/wp-content\/uploads\/2025\/05\/wp-header-logo-175.png",610,695,false],"thumbnail":["https:\/\/radiofenix.com.ar\/2023\/wp-content\/uploads\/2025\/05\/wp-header-logo-175-150x150.png",150,150,true],"medium":["https:\/\/radiofenix.com.ar\/2023\/wp-content\/uploads\/2025\/05\/wp-header-logo-175-263x300.png",263,300,true],"medium_large":["https:\/\/radiofenix.com.ar\/2023\/wp-content\/uploads\/2025\/05\/wp-header-logo-175.png",610,695,false],"large":["https:\/\/radiofenix.com.ar\/2023\/wp-content\/uploads\/2025\/05\/wp-header-logo-175.png",610,695,false],"1536x1536":["https:\/\/radiofenix.com.ar\/2023\/wp-content\/uploads\/2025\/05\/wp-header-logo-175.png",610,695,false],"2048x2048":["https:\/\/radiofenix.com.ar\/2023\/wp-content\/uploads\/2025\/05\/wp-header-logo-175.png",610,695,false],"newsium-slider-full":["https:\/\/radiofenix.com.ar\/2023\/wp-content\/uploads\/2025\/05\/wp-header-logo-175.png",610,695,false],"newsium-featured":["https:\/\/radiofenix.com.ar\/2023\/wp-content\/uploads\/2025\/05\/wp-header-logo-175.png",610,695,false],"newsium-medium":["https:\/\/radiofenix.com.ar\/2023\/wp-content\/uploads\/2025\/05\/wp-header-logo-175-610x475.png",610,475,true]},"author_info":{"info":[""]},"category_info":"<a href=\"https:\/\/radiofenix.com.ar\/2023\/category\/politica\/\" rel=\"category tag\">Pol\u00edtica<\/a>","tag_info":"Pol\u00edtica","comment_count":"0","_links":{"self":[{"href":"https:\/\/radiofenix.com.ar\/2023\/wp-json\/wp\/v2\/posts\/198720","targetHints":{"allow":["GET"]}}],"collection":[{"href":"https:\/\/radiofenix.com.ar\/2023\/wp-json\/wp\/v2\/posts"}],"about":[{"href":"https:\/\/radiofenix.com.ar\/2023\/wp-json\/wp\/v2\/types\/post"}],"replies":[{"embeddable":true,"href":"https:\/\/radiofenix.com.ar\/2023\/wp-json\/wp\/v2\/comments?post=198720"}],"version-history":[{"count":0,"href":"https:\/\/radiofenix.com.ar\/2023\/wp-json\/wp\/v2\/posts\/198720\/revisions"}],"wp:featuredmedia":[{"embeddable":true,"href":"https:\/\/radiofenix.com.ar\/2023\/wp-json\/wp\/v2\/media\/198721"}],"wp:attachment":[{"href":"https:\/\/radiofenix.com.ar\/2023\/wp-json\/wp\/v2\/media?parent=198720"}],"wp:term":[{"taxonomy":"category","embeddable":true,"href":"https:\/\/radiofenix.com.ar\/2023\/wp-json\/wp\/v2\/categories?post=198720"},{"taxonomy":"post_tag","embeddable":true,"href":"https:\/\/radiofenix.com.ar\/2023\/wp-json\/wp\/v2\/tags?post=198720"}],"curies":[{"name":"wp","href":"https:\/\/api.w.org\/{rel}","templated":true}]}}