{"id":198724,"date":"2025-05-31T08:58:17","date_gmt":"2025-05-31T08:58:17","guid":{"rendered":"https:\/\/radiofenix.com.ar\/2023\/la-batalla-por-la-cultura-del-trabajo\/"},"modified":"2025-05-31T08:58:17","modified_gmt":"2025-05-31T08:58:17","slug":"la-batalla-por-la-cultura-del-trabajo","status":"publish","type":"post","link":"https:\/\/radiofenix.com.ar\/2023\/la-batalla-por-la-cultura-del-trabajo\/","title":{"rendered":"La batalla por la cultura del trabajo"},"content":{"rendered":"<div><!-- Body --><\/p>\n<p>En 20 de diciembre pr\u00f3ximo se cumplir\u00e1n 80 a\u00f1os del decreto 33.302 que instituy\u00f3 el aguinaldo, la indemnizaci\u00f3n por despido, los salarios b\u00e1sicos por regiones y, sobre todo, la figura del <b>Salario Vital M\u00ednimo<\/b>, para garantizar condiciones de vida elementales dentro de un sistema capitalista. Junto con ello, el decreto otorg\u00f3 aumentos salariales de emergencia y cre\u00f3 el Instituto Nacional de las Remuneraciones, para garantizar el cumplimiento del<b> nuevo paradigma de derechos <\/b>que se instauraba para el pauperizado mundo del trabajo.<\/p>\n<p>El decreto lo prepar\u00f3 Juan Domingo Per\u00f3n antes de abandonar la Secretar\u00eda de Trabajo y Previsi\u00f3n, ese mismo a\u00f1o, pero tambi\u00e9n inclu\u00eda la participaci\u00f3n de los trabajadores en las ganancias de las empresas, lo que finalmente qued\u00f3 afuera del texto que firm\u00f3 el presidente Edelmiro Farrell, todo su gabinete, y el reemplazante de Per\u00f3n en la Secretaria de Trabajo, Domingo Mercante, quien se qued\u00f3 con el cr\u00e9dito de la identificaci\u00f3n del decreto.<\/p>\n<p>Pero el esp\u00edritu de la norma y los valores promovidos eran bandera de Per\u00f3n. 1945 se convirti\u00f3 en un faro de la conquista de derechos para las mayor\u00edas populares.\u00a0<\/p>\n<p>La respuesta de las c\u00e1maras empresarias frente a la medida fue indignada: industrias, comercios, bancos, ruralistas, el poder econ\u00f3mico en pleno, impusieron un lock-out de tres d\u00edas y lanzaron una campa\u00f1a por todos los medios para intentar revertir la decisi\u00f3n.<\/p>\n<p>Sin embargo, <b>Per\u00f3n logr\u00f3 que esos derechos terminaran siendo asumidos por la sociedad y se incorporaran como parte del sentido com\u00fan de lo que significa ser un trabajador en la Argentina<\/b>, ya sea que los mismos se cumplan o no. La aspiraci\u00f3n del universo de los trabajadores era tenerlos.<\/p>\n<p>Casi 80 a\u00f1os despu\u00e9s, el gobierno de<b> Javier Milei se propone terminar de desmontar lo que queda de aquellas conquistas materiales y simb\u00f3licas<\/b>, para reemplazarlas por un distorsionado paradigma de la libertad.\u00a0<\/p>\n<p>Lo que pregona es la libertad para que cada uno se las arregle como pueda, y si alguien no puede mala suerte y si el m\u00e1s fuerte se aprovecha del d\u00e9bil mala suerte, con el Estado al margen o interviniendo solo para quitar m\u00e1s derechos a los trabajadores -como hizo hace dos semanas con el decreto que limit\u00f3 las huelgas en m\u00e1s actividades-, pisando paritarias y reprimiendo la protesta social.<\/p>\n<h2>Apoyo social<\/h2>\n<p>El discurso de Milei que culpabiliza a una casta de sindicalistas, kirchneristas, comunistas, opositores, mandriles, jubilados que protestan, \u00f1oquis del Estado y en general todo lo que huela a organizaci\u00f3n popular, por los males que sufren los trabajadores, ha logrado cristalizar un n\u00facleo duro de apoyo social. Un potente dispositivo medi\u00e1tico y en redes sociales lo propaga y lo sostiene a toda hora.<\/p>\n<p>Para esos sectores, si hay despidos, empeoran las condiciones de trabajo o los salarios no alcanzan, es por culpa de quienes llevaron al pa\u00eds al desorden macroecon\u00f3mico con pol\u00edticas populistas, regalando planes sociales, jubilaciones, pensiones por discapacidad y dem\u00e1s beneficios \u00aba los vagos y a los amigos\u00bb del poder pol\u00edtico.<\/p>\n<p>Milei lo expres\u00f3 este viernes respecto al conflicto en el Hospital Garrahan:\u00a0<b>\u201cLos K inventaron \u00f1oquis y te acusan de insensible por desarticularlos\u201d<\/b>. El presidente se presenta como un justiciero que evita que sectores de la pol\u00edtica rancia les roben a los trabajadores y a los empresarios que pagan impuestos. <b>La motosierra que se aplica al gasto p\u00fablico es el s\u00edmbolo de esa supuesta obra liberadora<\/b>,<\/p>\n<p>\u201cLa situaci\u00f3n la han politizado\u00bb, sigui\u00f3 Milei, atacando por el otro flanco de la batalla cultural de la extrema derecha contra la pol\u00edtica. \u00ab\u00bfEstamos de acuerdo que es un tema delicado? Estamos de acuerdo tambi\u00e9n que los recursos son escasos, a pesar de que se<b> <\/b>les ha girado una cantidad r\u00e9cord<b>\u00a0<\/b>y mucho m\u00e1s que el comparativo. Ahora <b>\u00bfusted est\u00e1 de acuerdo con que haya \u00f1oquis que le filtren los recursos a gente que no trabaja?<\/b> Empleados administrativos dibujados por el kirchnerismo\u00bb, complet\u00f3.<\/p>\n<h2>El FMI y el establishment<\/h2>\n<p>La operaci\u00f3n para transformar la cultura del trabajo y los derechos asociados, tan identificados con el peronismo, como algo nocivo y ventajista, para reemplazarlo por el ideario libertario del s\u00e1lvese quien pueda, recibe el respaldo categ\u00f3rico del gobierno de Estados Unidos, el FMI y el gran empresariado local.<\/p>\n<p><b>Milei sigue los pasos de su admirada Margaret Thatcher<\/b> en el estilo de confrontaci\u00f3n total con los sindicatos y los sectores que se resisten a sus pol\u00edticas.\u00a0<\/p>\n<p>\u00abHay empresarios que apoyan al Gobierno a pesar de que les va mal en sus actividades, aunque quiz\u00e1s ganan con las importaciones o el carry trade, porque Milei est\u00e1 haciendo lo que ped\u00edan hace mucho: un avance rotundo sobre el movimiento obrero. No es solo una pol\u00edtica de transferencia regresiva de los ingresos desde los asalariados a la ganancia del capital, es tambi\u00e9n <b>un ataque frontal a la resistencia obrera, por lo que eso les puede permitir para consolidar condiciones de sometimiento<\/b>\u00ab, advierte Mat\u00edas Cremonte, presidente de la Asociaci\u00f3n Latinoamericana de Abogados Laboralistas.<\/p>\n<p>La impotencia que exhibi\u00f3 el gobierno de Alberto Fern\u00e1ndez para recomponer los salarios que ven\u00edan da\u00f1ados del gobierno de Mauricio Macri es otro factor que identifica el especialista que favoreci\u00f3 la arremetida conservadora de Milei.<\/p>\n<h2>Servicio Militar Voluntario<\/h2>\n<p>La presentaci\u00f3n por segunda vez en seis meses y la tercera en seis a\u00f1os del proyecto de Servicio Militar Voluntario, que para colmo ya estaba vigente, no pretende ser ninguna soluci\u00f3n de fondo para los problemas de empleabilidad de los j\u00f3venes. Lo que busca es consolidar la idea de que la salida frente a los problemas no es protestar sino meterse en el cuartel.<\/p>\n<p>\u00abA todos los j\u00f3venes de 18 a 24 a\u00f1os que no trabajan ni estudian, los vamos a convocar para brindarles formaci\u00f3n en disciplina, respeto y valores\u00bb, hab\u00eda publicitado en diciembre pasado Patricia Bullrich, en el primer relanzamiento de la idea que ya hab\u00eda trabajado con Macri. Ahora el vocero Manuel Adorni extendi\u00f3 el programa hasta los 28 a\u00f1os y asegur\u00f3 que el objetivo es brindar formaci\u00f3n sobre \u201coficios concretos, como cocina, talleres mec\u00e1nicos o tareas de vigilancia\u00bb.<\/p>\n<p>De derechos laborales, ni una palabra.<\/p>\n<p><!-- Live Blog Post --><\/div>\n<p><a href=\"https:\/\/www.pagina12.com.ar\/830091-la-batalla-por-la-cultura-del-trabajo\">source<\/a><\/p>\n","protected":false},"excerpt":{"rendered":"<p>En 20 de diciembre pr\u00f3ximo se cumplir\u00e1n 80 a\u00f1os del decreto 33.302 que instituy\u00f3 el&#8230;<\/p>\n","protected":false},"author":0,"featured_media":198725,"comment_status":"open","ping_status":"open","sticky":false,"template":"","format":"standard","meta":{"footnotes":""},"categories":[5],"tags":[],"class_list":["post-198724","post","type-post","status-publish","format-standard","has-post-thumbnail","hentry","category-economia"],"featured_image_urls":{"full":["https:\/\/radiofenix.com.ar\/2023\/wp-content\/uploads\/2025\/05\/wp-header-logo-177.png",960,540,false],"thumbnail":["https:\/\/radiofenix.com.ar\/2023\/wp-content\/uploads\/2025\/05\/wp-header-logo-177-150x150.png",150,150,true],"medium":["https:\/\/radiofenix.com.ar\/2023\/wp-content\/uploads\/2025\/05\/wp-header-logo-177-300x169.png",300,169,true],"medium_large":["https:\/\/radiofenix.com.ar\/2023\/wp-content\/uploads\/2025\/05\/wp-header-logo-177-768x432.png",640,360,true],"large":["https:\/\/radiofenix.com.ar\/2023\/wp-content\/uploads\/2025\/05\/wp-header-logo-177.png",640,360,false],"1536x1536":["https:\/\/radiofenix.com.ar\/2023\/wp-content\/uploads\/2025\/05\/wp-header-logo-177.png",960,540,false],"2048x2048":["https:\/\/radiofenix.com.ar\/2023\/wp-content\/uploads\/2025\/05\/wp-header-logo-177.png",960,540,false],"newsium-slider-full":["https:\/\/radiofenix.com.ar\/2023\/wp-content\/uploads\/2025\/05\/wp-header-logo-177.png",960,540,false],"newsium-featured":["https:\/\/radiofenix.com.ar\/2023\/wp-content\/uploads\/2025\/05\/wp-header-logo-177.png",960,540,false],"newsium-medium":["https:\/\/radiofenix.com.ar\/2023\/wp-content\/uploads\/2025\/05\/wp-header-logo-177-720x475.png",720,475,true]},"author_info":{"info":[""]},"category_info":"<a href=\"https:\/\/radiofenix.com.ar\/2023\/category\/economia\/\" rel=\"category tag\">Economia<\/a>","tag_info":"Economia","comment_count":"0","_links":{"self":[{"href":"https:\/\/radiofenix.com.ar\/2023\/wp-json\/wp\/v2\/posts\/198724","targetHints":{"allow":["GET"]}}],"collection":[{"href":"https:\/\/radiofenix.com.ar\/2023\/wp-json\/wp\/v2\/posts"}],"about":[{"href":"https:\/\/radiofenix.com.ar\/2023\/wp-json\/wp\/v2\/types\/post"}],"replies":[{"embeddable":true,"href":"https:\/\/radiofenix.com.ar\/2023\/wp-json\/wp\/v2\/comments?post=198724"}],"version-history":[{"count":0,"href":"https:\/\/radiofenix.com.ar\/2023\/wp-json\/wp\/v2\/posts\/198724\/revisions"}],"wp:featuredmedia":[{"embeddable":true,"href":"https:\/\/radiofenix.com.ar\/2023\/wp-json\/wp\/v2\/media\/198725"}],"wp:attachment":[{"href":"https:\/\/radiofenix.com.ar\/2023\/wp-json\/wp\/v2\/media?parent=198724"}],"wp:term":[{"taxonomy":"category","embeddable":true,"href":"https:\/\/radiofenix.com.ar\/2023\/wp-json\/wp\/v2\/categories?post=198724"},{"taxonomy":"post_tag","embeddable":true,"href":"https:\/\/radiofenix.com.ar\/2023\/wp-json\/wp\/v2\/tags?post=198724"}],"curies":[{"name":"wp","href":"https:\/\/api.w.org\/{rel}","templated":true}]}}