{"id":198730,"date":"2025-05-31T08:58:30","date_gmt":"2025-05-31T08:58:30","guid":{"rendered":"https:\/\/radiofenix.com.ar\/2023\/le-pidieron-a-karina-milei-un-mensaje-para-los-medicos-del-hospital-garrahan-que-dijo\/"},"modified":"2025-05-31T08:58:30","modified_gmt":"2025-05-31T08:58:30","slug":"le-pidieron-a-karina-milei-un-mensaje-para-los-medicos-del-hospital-garrahan-que-dijo","status":"publish","type":"post","link":"https:\/\/radiofenix.com.ar\/2023\/le-pidieron-a-karina-milei-un-mensaje-para-los-medicos-del-hospital-garrahan-que-dijo\/","title":{"rendered":"Le pidieron a Karina Milei un mensaje para los m\u00e9dicos del Hospital Garrahan: qu\u00e9 dijo"},"content":{"rendered":"<div id=\"\">\n<p>Sin embargo, la funcionaria tuvo espacio para tomarse fotos con aquellos que s\u00ed apoyan la gesti\u00f3n de su hermano y de todo el equipo que ella integra, aunque una pregunta de uno de los presentes la descoloc\u00f3 mientras intentaba sonre\u00edr a la c\u00e1mara.<\/p>\n<p><strong>\u00ab\u00bfUn mensaje para los del Garrahan, Karina, que est\u00e1n complicados ahora?\u00bb<\/strong>, consult\u00f3 un hombre, lo que recibi\u00f3 una despreocupada respuesta de la secretaria presidencial: <span class=\"saysCMSEmphasis\" id=\"saysCMSEmphasiso6fyy6msb7\">\u00abEstamos trabajando\u00bb<\/span>, dijo Karina, mientras continuaba atendiendo a una seguidora.<\/p>\n<div contenteditable=\"false\" class=\"embed_cont type_video\" id=\"8081929-984228492_wrap\">\n<p> karina milei mensaje a los del garrahan.mp4 <span onclick=\"parent.parent.TinyMCETdcuerpo.preview_embed('8081929-984228492')\" class=\"embed_colapse less\" id=\"8081929-984228492_colapse\"\/>  <span onclick=\"parent.parent.TinyMCETdcuerpo.delete_embed('8081929-984228492')\" class=\"embed_delete less\" id=\"8081929-984228492_delete\"\/><\/p>\n<\/p><\/div>\n<p>Este episodio tiene lugar en medio de un duro conflicto salarial que <strong><a href=\"https:\/\/www.minutouno.com\/politica\/javier-milei-acelera-su-ajuste-al-hospital-garrahan-y-asegura-que-esta-lleno-noquis-n6151370\" target=\"_blank\" rel=\"follow\">mantiene tensa la relaci\u00f3n entre el Gobierno y los m\u00e9dicos residentes del Hospital Garrahan<\/a><\/strong>, que contin\u00faan de paro y con sucesivas manifestaciones a lo largo de la semana.<\/p>\n<p>Cabe se\u00f1alar que la gesti\u00f3n de <strong>Javier Milei <\/strong>contin\u00faa arremetiendo contra los profesionales de la Salud, no s\u00f3lo con el profundo ajuste econ\u00f3mico, sino tambi\u00e9n con la desvalorizaci\u00f3n de quienes trabajan en ese centro de salud, a los que <a href=\"https:\/\/www.minutouno.com\/politica\/javier-milei-acelera-su-ajuste-al-hospital-garrahan-y-asegura-que-esta-lleno-noquis-n6151370\" target=\"_blank\" rel=\"follow noopener\">la administraci\u00f3n libertaria considera como \u00ab\u00f1oquis\u00bb<\/a>, asegurando que hay m\u00e1s administrativos que m\u00e9dicos, lo cual est\u00e1 demostrado que es mentira.<\/p>\n<h2>Bullrich pidi\u00f3 paciencia a m\u00e9dicos del Garrahan: \u00abTodos necesitamos ganar m\u00e1s\u00bb<\/h2>\n<p>Mientras sigue adelanto el paro llevado a cabo por los trabajadores del hospital pedi\u00e1trico, el Gobierno se encarga de seguir denost\u00e1ndolos, con todo tipo de declaraciones. En esta oportunidad, la ministra de Seguridad, <strong>Patricia Bullrich<\/strong>, habl\u00f3 de la problem\u00e1tica en una entrevista televisiva que brind\u00f3 en las \u00faltimas horas, donde <strong>pidi\u00f3 \u00abpaciencia\u00bb a quienes hoy se encuentran en pie de protesta<\/strong>.<\/p>\n<div contenteditable=\"false\" class=\"embed_cont type_imagen\" id=\"8049953-Libre-1202859297_wrap\">\n<p> patricia bullrich contra jueza.jpg <span onclick=\"parent.parent.TinyMCETdcuerpo.preview_embed('8049953-Libre-1202859297')\" class=\"embed_colapse less\" id=\"8049953-Libre-1202859297_colapse\"\/>  <span onclick=\"parent.parent.TinyMCETdcuerpo.delete_embed('8049953-Libre-1202859297')\" class=\"embed_delete less\" id=\"8049953-Libre-1202859297_delete\"\/><\/p>\n<div id=\"8049953-Libre-1202859297_content\" class=\"embed_content\"><img decoding=\"async\" src=\"https:\/\/media.minutouno.com\/p\/8263bfc24de6395366d8158b4b224aa3\/adjuntos\/150\/imagenes\/042\/258\/0042258820\/610x0\/smart\/patricia-bullrich-contra-juezajpg.jpg\" alt=\"\" title=\"\" width=\"610\" height=\"undefined\" id=\"8049953-Libre-1202859297_embed\"\/><\/div>\n<\/p><\/div>\n<p>\u00abLo que se le pide a cada sector es una paciencia como para poder entender que si volvemos a la enfermedad anterior, hablando del Garrahan,<strong> si volvemos a la enfermedad en su forma m\u00e1s cruda, vamos a estar mucho peor<\/strong>\u00ab, se\u00f1al\u00f3 la funcionaria libertaria.<\/p>\n<p>En t\u00e9rminos t\u00e9cnicos de salud, agreg\u00f3: <span class=\"saysCMSEmphasis\" id=\"saysCMSEmphasisnm603u6av8h\">\u00abEntonces, estamos en un tratamiento, tenemos que pasar este tratamiento y todos los sectores tienen que entender y tener paciencia porque no vale volver a romper el chanchito y volver a tirar la Argentina al vac\u00edo, no sirve eso, ya lo hemos probado muchas veces\u00bb.<\/span><\/p>\n<p>Y repiti\u00f3: \u00abEntonces, todos los sectores tienen que tener la paciencia necesaria para poder ordenar la macroeconom\u00eda y ah\u00ed ordenar la econom\u00eda de cada argentino. Eso es lo importante y <strong>eso es lo que se le pide tambi\u00e9n a los m\u00e9dicos<\/strong>\u00ab.<\/p>\n<p>\u00abCualquier hospital de la Argentina, no s\u00f3lo el Garrahan, necesitan ganar m\u00e1s. <strong>Todos necesitamos ganar m\u00e1s<\/strong>, todos los argentinos que trabajan en el mundo privado y en el mundo p\u00fablico. Lo que hay que entender es que es un momento dif\u00edcil del pa\u00eds, que lo estamos pasando todos\u00bb, sentenci\u00f3, de manera ins\u00f3lita.<\/p>\n<div contenteditable=\"false\" class=\"embed_cont type_video\" id=\"8081915-1464316697_wrap\">\n<p> bullrich medicos paciencia.mp4 <span onclick=\"parent.parent.TinyMCETdcuerpo.preview_embed('8081915-1464316697')\" class=\"embed_colapse less\" id=\"8081915-1464316697_colapse\"\/>  <span onclick=\"parent.parent.TinyMCETdcuerpo.delete_embed('8081915-1464316697')\" class=\"embed_delete less\" id=\"8081915-1464316697_delete\"\/><\/p>\n<\/p><\/div>\n<div contenteditable=\"false\" class=\"embed_cont type_freetext\" rel=\"freetext\" id=\"embed20_wrap\">\n<p> Embed <span onclick=\"parent.parent.TinyMCETdcuerpo.preview_embed('embed20')\" class=\"embed_colapse less\" id=\"embed20_colapse\"\/>  <span onclick=\"parent.parent.TinyMCETdcuerpo.delete_embed('embed20')\" class=\"embed_delete less\" id=\"embed20_delete\"\/><\/p>\n<div id=\"embed20_content\" class=\"embed_content\">\n<div id=\"embed20_embed\">\n<figure class=\"figure\"><a href=\"https:\/\/t.me\/minutounocom\" target=\"_blank\"><img decoding=\"async\" src=\"https:\/\/media.minutouno.com\/adjuntos\/150\/banners\/039\/099\/0039099175.jpg\" class=\"figure-img img-fluid\" style=\"width:100%;height:auto;\"\/><\/a><\/figure>\n<\/p><\/div>\n<\/div><\/div>\n<\/p><\/div>\n<p><a href=\"https:\/\/www.minutouno.com\/politica\/le-pidieron-karina-milei-un-mensaje-los-medicos-del-hospital-garrahan-que-dijo-n6151433\">source<\/a><\/p>\n","protected":false},"excerpt":{"rendered":"<p>Sin embargo, la funcionaria tuvo espacio para tomarse fotos con aquellos que s\u00ed apoyan la&#8230;<\/p>\n","protected":false},"author":0,"featured_media":198731,"comment_status":"open","ping_status":"open","sticky":false,"template":"","format":"standard","meta":{"footnotes":""},"categories":[2],"tags":[],"class_list":["post-198730","post","type-post","status-publish","format-standard","has-post-thumbnail","hentry","category-politica"],"featured_image_urls":{"full":["https:\/\/radiofenix.com.ar\/2023\/wp-content\/uploads\/2025\/05\/wp-header-logo-180.png",610,381,false],"thumbnail":["https:\/\/radiofenix.com.ar\/2023\/wp-content\/uploads\/2025\/05\/wp-header-logo-180-150x150.png",150,150,true],"medium":["https:\/\/radiofenix.com.ar\/2023\/wp-content\/uploads\/2025\/05\/wp-header-logo-180-300x187.png",300,187,true],"medium_large":["https:\/\/radiofenix.com.ar\/2023\/wp-content\/uploads\/2025\/05\/wp-header-logo-180.png",610,381,false],"large":["https:\/\/radiofenix.com.ar\/2023\/wp-content\/uploads\/2025\/05\/wp-header-logo-180.png",610,381,false],"1536x1536":["https:\/\/radiofenix.com.ar\/2023\/wp-content\/uploads\/2025\/05\/wp-header-logo-180.png",610,381,false],"2048x2048":["https:\/\/radiofenix.com.ar\/2023\/wp-content\/uploads\/2025\/05\/wp-header-logo-180.png",610,381,false],"newsium-slider-full":["https:\/\/radiofenix.com.ar\/2023\/wp-content\/uploads\/2025\/05\/wp-header-logo-180.png",610,381,false],"newsium-featured":["https:\/\/radiofenix.com.ar\/2023\/wp-content\/uploads\/2025\/05\/wp-header-logo-180.png",610,381,false],"newsium-medium":["https:\/\/radiofenix.com.ar\/2023\/wp-content\/uploads\/2025\/05\/wp-header-logo-180.png",610,381,false]},"author_info":{"info":[""]},"category_info":"<a href=\"https:\/\/radiofenix.com.ar\/2023\/category\/politica\/\" rel=\"category tag\">Pol\u00edtica<\/a>","tag_info":"Pol\u00edtica","comment_count":"0","_links":{"self":[{"href":"https:\/\/radiofenix.com.ar\/2023\/wp-json\/wp\/v2\/posts\/198730","targetHints":{"allow":["GET"]}}],"collection":[{"href":"https:\/\/radiofenix.com.ar\/2023\/wp-json\/wp\/v2\/posts"}],"about":[{"href":"https:\/\/radiofenix.com.ar\/2023\/wp-json\/wp\/v2\/types\/post"}],"replies":[{"embeddable":true,"href":"https:\/\/radiofenix.com.ar\/2023\/wp-json\/wp\/v2\/comments?post=198730"}],"version-history":[{"count":0,"href":"https:\/\/radiofenix.com.ar\/2023\/wp-json\/wp\/v2\/posts\/198730\/revisions"}],"wp:featuredmedia":[{"embeddable":true,"href":"https:\/\/radiofenix.com.ar\/2023\/wp-json\/wp\/v2\/media\/198731"}],"wp:attachment":[{"href":"https:\/\/radiofenix.com.ar\/2023\/wp-json\/wp\/v2\/media?parent=198730"}],"wp:term":[{"taxonomy":"category","embeddable":true,"href":"https:\/\/radiofenix.com.ar\/2023\/wp-json\/wp\/v2\/categories?post=198730"},{"taxonomy":"post_tag","embeddable":true,"href":"https:\/\/radiofenix.com.ar\/2023\/wp-json\/wp\/v2\/tags?post=198730"}],"curies":[{"name":"wp","href":"https:\/\/api.w.org\/{rel}","templated":true}]}}