{"id":198734,"date":"2025-06-01T08:58:08","date_gmt":"2025-06-01T08:58:08","guid":{"rendered":"https:\/\/radiofenix.com.ar\/2023\/caso-maradona-la-jueza-mintio-descaradamente-en-su-defensa-critico-amendola\/"},"modified":"2025-06-01T08:58:08","modified_gmt":"2025-06-01T08:58:08","slug":"caso-maradona-la-jueza-mintio-descaradamente-en-su-defensa-critico-amendola","status":"publish","type":"post","link":"https:\/\/radiofenix.com.ar\/2023\/caso-maradona-la-jueza-mintio-descaradamente-en-su-defensa-critico-amendola\/","title":{"rendered":"Caso Maradona: \u201cLa jueza minti\u00f3 descaradamente en su defensa&quot;, critic\u00f3 Am\u00e9ndola"},"content":{"rendered":"<div><!-- Body --><\/p>\n<p>El abogado <b>Fabi\u00e1n Am\u00e9ndola<\/b>, representante legal de Dalma y Gianinna Maradona junto a Fernando Burlando, se refiri\u00f3 al esc\u00e1ndalo que rodea al juicio por la muerte de Diego Armando Maradona, luego de que se revelara que <b>la jueza Julieta Makintach particip\u00f3 en la filmaci\u00f3n de un<a href=\"https:\/\/www.pagina12.com.ar\/829655-juicio-por-la-muerte-de-diego-maradona-la-jueza-makintach-fu\"> documental durante el proceso judicial<\/a>, hecho que motiv\u00f3 su apartamiento<\/b>.<\/p>\n<p>\u201cLa jueza minti\u00f3 descaradamente en su defensa; neg\u00f3 el documental tres veces, habl\u00f3 de una simple nota con una amiga y dijo que solo hab\u00eda tres im\u00e1genes. No sab\u00eda que el fiscal Ferrari ten\u00eda todo el material: el video, el guion, las pruebas\u201d, afirm\u00f3 Am\u00e9ndola en declaraciones radiales, asegurando que Makintach <b>desobedeci\u00f3 \u00f3rdenes expresas del tribunal<\/b>, abus\u00f3 de su poder e incluso comprometi\u00f3 a polic\u00edas que le respond\u00edan jer\u00e1rquicamente.<\/p>\n<p>Seg\u00fan relat\u00f3, la jueza orden\u00f3 por WhatsApp a su custodia que contradijera a otra oficial que intentaba frenar la filmaci\u00f3n, en cumplimiento de las disposiciones judiciales. <b>\u201cLa Suprema Corte solo hab\u00eda autorizado grabar la jornada inicial, los alegatos y la sentencia<\/b>. Todo lo dem\u00e1s era de uso interno. Ella viol\u00f3 esa norma\u201d, explic\u00f3.<\/p>\n<p>Consultado sobre los motivos detr\u00e1s de la conducta de la jueza, Am\u00e9ndola no dud\u00f3: <b>\u201cFue todo junto: vanidad, soberbia, impunidad y af\u00e1n de protagonismo<\/b>. Us\u00f3 el juicio por la muerte de Maradona, una figura mundial, para proyectarse como si fuera una estrella de cine. Fue una puesta en escena, se film\u00f3 como si estuviera interpretando un rol\u201d.<\/p>\n<p>A pesar del esc\u00e1ndalo, <span>el letrado consider\u00f3\u00a0<\/span>que el proceso judicial podr\u00e1 continuar y llegar a la verdad, ya que las pruebas est\u00e1n incorporadas desde la instrucci\u00f3n y el juicio a\u00fan no hab\u00eda sido validado formalmente, lo que impide que se invoque la figura del <i>non bis in idem<\/i> (nadie puede ser juzgado dos veces por el mismo delito).<\/p>\n<p><b>\u201cLa nulidad fue necesaria para evitar un esc\u00e1ndalo mayor m\u00e1s adelante<\/b>. Si esto se descubr\u00eda despu\u00e9s de un fallo, los condenados hubieran podido pedir su nulidad. Ahora se debe reconstruir el juicio con imparcialidad. Pero no tengan dudas: se va a llegar a las condenas\u201d, afirm\u00f3 el letrado.<\/p>\n<p>Sobre el futuro de la jueza Makintach, Am\u00e9ndola expres\u00f3:<b> \u201cTiene m\u00faltiples pedidos de jury y una licencia compulsiva otorgada por la Corte<\/b>. Sigue cobrando su sueldo, pero no he escuchado un solo magistrado que no est\u00e9 alarmado. La justicia no va a querer quedar atada a este papel\u00f3n. Esto no va a terminar de otra manera que en su destituci\u00f3n\u201d.<\/p>\n<p>Finalmente, por Radio Rivadavia, record\u00f3 que tanto Dalma como Gianinna Maradona exigen justicia real, y que <b>su principal preocupaci\u00f3n es que el juicio avance sin m\u00e1s vicios ni maniobras que pongan en riesgo la b\u00fasqueda de verdad<\/b> y de responsabilidades por la muerte de su padre.<\/p>\n<p><!-- Live Blog Post --><\/div>\n<p><a href=\"https:\/\/www.pagina12.com.ar\/830208-caso-maradona-la-jueza-mintio-descaradamente-en-su-defensa-c\">source<\/a><\/p>\n","protected":false},"excerpt":{"rendered":"<p>El abogado Fabi\u00e1n Am\u00e9ndola, representante legal de Dalma y Gianinna Maradona junto a Fernando Burlando,&#8230;<\/p>\n","protected":false},"author":0,"featured_media":198735,"comment_status":"open","ping_status":"open","sticky":false,"template":"","format":"standard","meta":{"footnotes":""},"categories":[7],"tags":[],"class_list":["post-198734","post","type-post","status-publish","format-standard","has-post-thumbnail","hentry","category-sociedad"],"featured_image_urls":{"full":["https:\/\/radiofenix.com.ar\/2023\/wp-content\/uploads\/2025\/06\/wp-header-logo.png",960,540,false],"thumbnail":["https:\/\/radiofenix.com.ar\/2023\/wp-content\/uploads\/2025\/06\/wp-header-logo-150x150.png",150,150,true],"medium":["https:\/\/radiofenix.com.ar\/2023\/wp-content\/uploads\/2025\/06\/wp-header-logo-300x169.png",300,169,true],"medium_large":["https:\/\/radiofenix.com.ar\/2023\/wp-content\/uploads\/2025\/06\/wp-header-logo-768x432.png",640,360,true],"large":["https:\/\/radiofenix.com.ar\/2023\/wp-content\/uploads\/2025\/06\/wp-header-logo.png",640,360,false],"1536x1536":["https:\/\/radiofenix.com.ar\/2023\/wp-content\/uploads\/2025\/06\/wp-header-logo.png",960,540,false],"2048x2048":["https:\/\/radiofenix.com.ar\/2023\/wp-content\/uploads\/2025\/06\/wp-header-logo.png",960,540,false],"newsium-slider-full":["https:\/\/radiofenix.com.ar\/2023\/wp-content\/uploads\/2025\/06\/wp-header-logo.png",960,540,false],"newsium-featured":["https:\/\/radiofenix.com.ar\/2023\/wp-content\/uploads\/2025\/06\/wp-header-logo.png",960,540,false],"newsium-medium":["https:\/\/radiofenix.com.ar\/2023\/wp-content\/uploads\/2025\/06\/wp-header-logo-720x475.png",720,475,true]},"author_info":{"info":[""]},"category_info":"<a href=\"https:\/\/radiofenix.com.ar\/2023\/category\/sociedad\/\" rel=\"category tag\">Sociedad<\/a>","tag_info":"Sociedad","comment_count":"0","_links":{"self":[{"href":"https:\/\/radiofenix.com.ar\/2023\/wp-json\/wp\/v2\/posts\/198734","targetHints":{"allow":["GET"]}}],"collection":[{"href":"https:\/\/radiofenix.com.ar\/2023\/wp-json\/wp\/v2\/posts"}],"about":[{"href":"https:\/\/radiofenix.com.ar\/2023\/wp-json\/wp\/v2\/types\/post"}],"replies":[{"embeddable":true,"href":"https:\/\/radiofenix.com.ar\/2023\/wp-json\/wp\/v2\/comments?post=198734"}],"version-history":[{"count":0,"href":"https:\/\/radiofenix.com.ar\/2023\/wp-json\/wp\/v2\/posts\/198734\/revisions"}],"wp:featuredmedia":[{"embeddable":true,"href":"https:\/\/radiofenix.com.ar\/2023\/wp-json\/wp\/v2\/media\/198735"}],"wp:attachment":[{"href":"https:\/\/radiofenix.com.ar\/2023\/wp-json\/wp\/v2\/media?parent=198734"}],"wp:term":[{"taxonomy":"category","embeddable":true,"href":"https:\/\/radiofenix.com.ar\/2023\/wp-json\/wp\/v2\/categories?post=198734"},{"taxonomy":"post_tag","embeddable":true,"href":"https:\/\/radiofenix.com.ar\/2023\/wp-json\/wp\/v2\/tags?post=198734"}],"curies":[{"name":"wp","href":"https:\/\/api.w.org\/{rel}","templated":true}]}}