{"id":198846,"date":"2025-06-10T08:58:25","date_gmt":"2025-06-10T08:58:25","guid":{"rendered":"https:\/\/radiofenix.com.ar\/2023\/francia-se-movilizo-para-apoyar-a-la-tripulacion-del-velero-madleen\/"},"modified":"2025-06-10T08:58:25","modified_gmt":"2025-06-10T08:58:25","slug":"francia-se-movilizo-para-apoyar-a-la-tripulacion-del-velero-madleen","status":"publish","type":"post","link":"https:\/\/radiofenix.com.ar\/2023\/francia-se-movilizo-para-apoyar-a-la-tripulacion-del-velero-madleen\/","title":{"rendered":"Francia se moviliz\u00f3 para apoyar\u00a0a la tripulaci\u00f3n del velero Madleen"},"content":{"rendered":"<div><!-- Body --><\/p>\n<p><i>Desde Par\u00eds<\/i><\/p>\n<p>Este lunes 9 de junio a las 2 de la madrugada, <a href=\"https:\/\/www.pagina12.com.ar\/832383-las-fuerzas-israelies-interceptaron-el-barco-humanitario-que\">la marina israel\u00ed intercept\u00f3 el velero \u00abMadleen\u00bb de la Flotilla de la Libertad<\/a> en aguas del mar Mediterr\u00e1neo cuando se dirig\u00eda a Gaza. <a href=\"https:\/\/www.pagina12.com.ar\/832565-el-barco-humanitario-con-destino-a-la-franja-de-gaza-arribo-\">Los 12 activistas que viajaban en el Madleen fueron arrestados<\/a>, entre los que se encuentra la eurodiputada franco-palestina Rima Hassan, y tambi\u00e9n la c\u00e9lebre ecologista sueca Greta Thunberg. <b>Los tripulantes no pudieron concretar los objetivos que se hab\u00edan planteado, entregar ayuda humanitaria y romper el bloqueo israel\u00ed a Gaza.<\/b><\/p>\n<p><b>La detenci\u00f3n de los tripulantes del Madleen provoc\u00f3 en Francia reacciones pol\u00edticas inmediatas. <\/b>El presidente Emmanuel Macron pidi\u00f3 \u00abque se permita, a la mayor brevedad posible, el regreso de los seis franceses que se encontraban en el barco interceptado por las autoridades israel\u00edes\u00bb. El comunicado del El\u00edseo fue visto como tibio por algunos sectores pol\u00edticos, as\u00ed el coordinador de La Francia Insumisa, LFI, <b>Manuel Bompard<\/b>, <b>calific\u00f3 de \u00abescandalosa\u00bb la declaraci\u00f3n de Macron<\/b> y le pidi\u00f3 que \u00abpor una vez, diera muestras de un poco de coraje\u00bb.<\/p>\n<p>LFI, los ecologistas y organizaciones sociales como la Uni\u00f3n Jud\u00eda Francesa por la Paz, UJFP, convocaron a manifestar en toda Francia para exigir la liberaci\u00f3n de la tripulaci\u00f3n \u00absecuestrada\u00bb por Israel y el fin al bloqueo a Gaza. <b>A pesar de la convocatoria hecha a \u00faltimo momento, se registraron manifestaciones en m\u00e1s de 160 ciudades galas<\/b>, y en Par\u00eds se concentraron m\u00e1s de 50 mil personas en la plaza de la Rep\u00fablica.\u00a0<\/p>\n<p>En las diferentes concentraciones convocadas se pudo ver personas con diferentes banderas pol\u00edticas de izquierda, ecologistas, sindicalistas y de organizaciones sociales; y se escucharon coros de los manifestantes que expresaban consignas tales como \u00abTodos somos ni\u00f1os de Gaza\u00bb, \u00abLibertad para la Flotilla de la Libertad\u00bb o \u00abIsrael asesina, Macron c\u00f3mplice\u00bb.<\/p>\n<div class=\"iframely-embed medium-embedded-content\" data-html=\"Jmx0O2Jsb2NrcXVvdGUgY2xhc3M9InR3aXR0ZXItdHdlZXQiIGRhdGEtZG50PSJ0cnVlIiBhbGlnbj0iY2VudGVyIiZndDsmbHQ7cCBsYW5nPSJlbiIgZGlyPSJsdHIiJmd0O0FmdGVyIHRoZSBhcnJlc3QgYW5kIGltcHJpc29ubWVudCBvZiBGcmVlZG9tIEZsb3RpbGxhIGFjdGl2aXN0cyBhbmQgdGhlIHNlaXp1cmUgb2YgdGhlIHNoaXAsIHRob3VzYW5kcyBhcmUgbm93IGZpbGxpbmcgdGhlIHN0cmVldHMgb2YgUGFyaXMsIHRoZSBGcmVuY2ggY2FwaXRhbCwgY2hhbnRpbmcgZm9yIEdhemEuJmx0O2EgaHJlZj0iaHR0cHM6Ly90d2l0dGVyLmNvbS9oYXNodGFnL0ZyZWVkb21GbG90aWxsYT9zcmM9aGFzaCZhbXA7YW1wO3JlZl9zcmM9dHdzcmMlNUV0ZnciJmd0OyNGcmVlZG9tRmxvdGlsbGEmbHQ7L2EmZ3Q7ICZsdDthIGhyZWY9Imh0dHBzOi8vdHdpdHRlci5jb20vaGFzaHRhZy9GcmVlUGFsZXN0aW5lP3NyYz1oYXNoJmFtcDthbXA7cmVmX3NyYz10d3NyYyU1RXRmdyImZ3Q7I0ZyZWVQYWxlc3RpbmUmbHQ7L2EmZ3Q7ICZsdDthIGhyZWY9Imh0dHBzOi8vdC5jby8xcFd1WjJhYVpSIiZndDtwaWMudHdpdHRlci5jb20vMXBXdVoyYWFaUiZsdDsvYSZndDsmbHQ7L3AmZ3Q7JmFtcDttZGFzaDsgTWFobW9kIEhpbmF3aSAoQEdhemFSZWFsaXR5KSAmbHQ7YSBocmVmPSJodHRwczovL3R3aXR0ZXIuY29tL0dhemFSZWFsaXR5L3N0YXR1cy8xOTMyMTYxMTk3MDA2MzUyNzEwP3JlZl9zcmM9dHdzcmMlNUV0ZnciJmd0O0p1bmUgOSwgMjAyNSZsdDsvYSZndDsmbHQ7L2Jsb2NrcXVvdGUmZ3Q7CiZsdDtzY3JpcHQgYXN5bmMgc3JjPSJodHRwczovL3BsYXRmb3JtLnR3aXR0ZXIuY29tL3dpZGdldHMuanMiIGNoYXJzZXQ9InV0Zi04IiZndDsmbHQ7L3NjcmlwdCZndDsKCiZsdDtkaXYgY2xhc3M9Im1lZGl1bS1pbnNlcnQtZW1iZWRzLW1ldGEiJmd0OyZsdDtzY3JpcHQgdHlwZT0idGV4dC9qc29uIiZndDt7InVybCI6Imh0dHBzOi8vdHdpdHRlci5jb20vR2F6YVJlYWxpdHkvc3RhdHVzLzE5MzIxNjExOTcwMDYzNTI3MTAiLCJ0eXBlIjoicmljaCIsInZlcnNpb24iOiIxLjAiLCJ0aXRsZSI6Ik1haG1vZCBIaW5hd2kgb24gVHdpdHRlciAvIFgiLCJhdXRob3IiOiJNYWhtb2QgSGluYXdpIiwiYXV0aG9yX3VybCI6Imh0dHBzOi8vdHdpdHRlci5jb20vR2F6YVJlYWxpdHkiLCJwcm92aWRlcl9uYW1lIjoiVHdpdHRlciIsImRlc2NyaXB0aW9uIjoiQWZ0ZXIgdGhlIGFycmVzdCBhbmQgaW1wcmlzb25tZW50IG9mIEZyZWVkb20gRmxvdGlsbGEgYWN0aXZpc3RzIGFuZCB0aGUgc2VpenVyZSBvZiB0aGUgc2hpcCwgdGhvdXNhbmRzIGFyZSBub3cgZmlsbGluZyB0aGUgc3RyZWV0cyBvZiBQYXJpcywgdGhlIEZyZW5jaCBjYXBpdGFsLCBjaGFudGluZyBmb3IgR2F6YS4jRnJlZWRvbUZsb3RpbGxhICNGcmVlUGFsZXN0aW5lIHBpYy50d2l0dGVyLmNvbS8xcFd1WjJhYVpS4oCUIE1haG1vZCBIaW5hd2kgKEBHYXphUmVhbGl0eSkgSnVuZSA5LCAyMDI1XG5cblxuIiwidGh1bWJuYWlsX3VybCI6Imh0dHBzOi8vcGJzLnR3aW1nLmNvbS9leHRfdHdfdmlkZW9fdGh1bWIvMTkzMjE2MTE2MDQ2OTQyMjA4MC9wdS9pbWcvcktoSEZVZDlSbzRMUW9rXy5qcGc6bGFyZ2UiLCJ0aHVtYm5haWxfd2lkdGgiOjcyMCwidGh1bWJuYWlsX2hlaWdodCI6MTI4MCwiY2FjaGVfYWdlIjo4NjQwMCwib3B0aW9ucyI6eyJfaGlkZV9tZWRpYSI6eyJsYWJlbCI6IkhpZGUgcGhvdG9zLCB2aWRlb3MsIGFuZCBjYXJkcyIsInZhbHVlIjpmYWxzZX0sIl90aGVtZSI6eyJ2YWx1ZSI6IiIsInZhbHVlcyI6eyJkYXJrIjoiVXNlIGRhcmsgdGhlbWUifX0sIl9tYXh3aWR0aCI6eyJ2YWx1ZSI6IiIsImxhYmVsIjoiQWRqdXN0IHdpZHRoIiwicGxhY2Vob2xkZXIiOiIyMjAtNTUwLCBpbiBweCJ9fX0mbHQ7L3NjcmlwdCZndDsmbHQ7L2RpdiZndDs=\">\n                <a data-iframely-url=\"\" href=\"https:\/\/twitter.com\/GazaReality\/status\/1932161197006352710\">https:\/\/twitter.com\/GazaReality\/status\/1932161197006352710<\/a>\n              <\/div>\n<h2>\u00abSon capaces de hacer lo peor\u00bb<\/h2>\n<p><b>En el  escenario parisino el principal orador fue el l\u00edder de LFI, Jean-Luc M\u00e9lenchon<\/b>. El l\u00edder de la izquierda reivindic\u00f3 el coraje de Rima Hassan, Greta Thunberg y de los dem\u00e1s tripulantes. Por otra parte M\u00e9lenchon lanz\u00f3 frente a la multitud tres demandas inmediatas: poner fin al bloqueo a Gaza, que Francia reconozca de manera inmediata el Estado de Palestina como manera de responder al arresto de los tripulantes del barco de ayuda humanitaria, y la liberaci\u00f3n inmediata de los activistas.<\/p>\n<p>M\u00e9lenchon tambi\u00e9n expres\u00f3 su preocupaci\u00f3n sobre la seguridad de los tripulantes del Madleen en manos de las autoridades israel\u00edes. \u00abLes creemos capaces de hacer lo peor, porque sabemos que son capaces de hacerlo, desde hace 18 meses que vienen haciendo lo peor\u00bb. M\u00e9lenchon cerr\u00f3 su discurso convocando a manifestaciones en toda Francia para el pr\u00f3ximo s\u00e1bado en apoyo al pueblo palestino.<\/p>\n<p>El embajador israel\u00ed en Par\u00eds, Joshua Zarka, puso el acento en que el barco fue detenido en aguas de Israel y no en aguas internacionales. Con ese argumento pretendi\u00f3 justificar la detenci\u00f3n del velero y el arresto de los tripulantes. La respuesta del diputado Manuel Bompard fue muy cr\u00edtica con el embajador, al que acus\u00f3 de propagandista, sostuvo que los franceses detenidos lo han sido de manera ilegal, y critic\u00f3 al gobierno franc\u00e9s por no haber llamado al embajador israel\u00ed a consultas para que diera explicaciones sobre el accionar del gobierno de Netanyahu.<\/p>\n<p>Por su parte desde la derechista Agrupaci\u00f3n Nacional, RN por sus siglas en franc\u00e9s, justific\u00f3 las acciones de Israel. El eurodiputado de RN <b>Aleksandar Nikolic<\/b>\u00a0dijo que \u00abhay una operaci\u00f3n militar en curso en Gaza y si no hay autorizaci\u00f3n, <b>evidentemente es una intervenci\u00f3n que puede perturbar las operaciones en curso<\/b>\u00ab, reconociendo a Israel el derecho de dar o no autorizaci\u00f3n para ingresar a Gaza, lo cual contradice la posici\u00f3n oficial del Estado franc\u00e9s, que propone como soluci\u00f3n la creaci\u00f3n de un Estado palestino independiente, que viva junto al Estado israel\u00ed.<\/p>\n<h2>Un movimiento global<\/h2>\n<p>Pero las reacciones tambi\u00e9n se vieron<b> en la vecina Suiza<\/b>, donde<b> cientos de manifestantes <\/b>que exig\u00edan la liberaci\u00f3n de la flotilla, el fin del bloqueo, el reconocimiento del Estado palestino y el fin del genocidio\u00a0<b>bloquearon la circulaci\u00f3n de trenes en Lausana y Ginebra<\/b>.<\/p>\n<p>En el actual contexto de bloqueo que padecen los habitantes de Gaza, los movimientos de solidaridad internacional y desobediencia civil se multiplican. As\u00ed se ha creado <b>\u00abLa marcha global a Gaza\u00bb<\/b>, una iniciativa ciudadana que <b>propone marchar a Gaza desde Egipto<\/b>, con id\u00e9ntico sentido al de la Flotilla de la Libertad, romper el bloqueo llevando ayuda humanitaria.\u00a0<\/p>\n<p><b>Miles de civiles de m\u00e1s de 35 pa\u00edses ya se encuentran en El Cairo, y se preparan para marchar pac\u00edficamente durante 48 kil\u00f3metros hasta la frontera en Rafah<\/b>, el 15 de junio pr\u00f3ximo. En una acci\u00f3n ciudadana in\u00e9dita, se espera que al menos 10 mil civiles puedan desbloquear ese paso fronterizo y asegurar un corredor humanitario a Gaza. Una de las consignas de la organizaci\u00f3n de la marcha es: \u00abSi los estados fracasan, entonces los ciudadanos deben intervenir\u00bb.<\/p>\n<p>Mientras tanto han pasado 24 horas desde el arresto de los tripulantes del velero Madleen, y se ignoran las condiciones de su detenci\u00f3n. Desde la organizaci\u00f3n no gubernamental Amnist\u00eda Internacional, exigieron en un comunicado que la tripulaci\u00f3n del Madleen sea liberada de inmediato y advirtieron que \u00abse les debe proteger de la tortura y otros malos tratos\u00bb.<\/p>\n<p><!-- Live Blog Post --><\/div>\n<p><script async src=\"\/\/platform.twitter.com\/widgets.js\" charset=\"utf-8\"><\/script><br \/><a href=\"https:\/\/www.pagina12.com.ar\/832592-francia-se-movilizo-para-apoyar-a-la-tripulacion-del-velero-\">source<\/a><\/p>\n","protected":false},"excerpt":{"rendered":"<p>Desde Par\u00eds Este lunes 9 de junio a las 2 de la madrugada, la marina&#8230;<\/p>\n","protected":false},"author":0,"featured_media":198847,"comment_status":"open","ping_status":"open","sticky":false,"template":"","format":"standard","meta":{"footnotes":""},"categories":[60],"tags":[],"class_list":["post-198846","post","type-post","status-publish","format-standard","has-post-thumbnail","hentry","category-internacional"],"featured_image_urls":{"full":["https:\/\/radiofenix.com.ar\/2023\/wp-content\/uploads\/2025\/06\/wp-header-logo-56.png",960,540,false],"thumbnail":["https:\/\/radiofenix.com.ar\/2023\/wp-content\/uploads\/2025\/06\/wp-header-logo-56-150x150.png",150,150,true],"medium":["https:\/\/radiofenix.com.ar\/2023\/wp-content\/uploads\/2025\/06\/wp-header-logo-56-300x169.png",300,169,true],"medium_large":["https:\/\/radiofenix.com.ar\/2023\/wp-content\/uploads\/2025\/06\/wp-header-logo-56-768x432.png",640,360,true],"large":["https:\/\/radiofenix.com.ar\/2023\/wp-content\/uploads\/2025\/06\/wp-header-logo-56.png",640,360,false],"1536x1536":["https:\/\/radiofenix.com.ar\/2023\/wp-content\/uploads\/2025\/06\/wp-header-logo-56.png",960,540,false],"2048x2048":["https:\/\/radiofenix.com.ar\/2023\/wp-content\/uploads\/2025\/06\/wp-header-logo-56.png",960,540,false],"newsium-slider-full":["https:\/\/radiofenix.com.ar\/2023\/wp-content\/uploads\/2025\/06\/wp-header-logo-56.png",960,540,false],"newsium-featured":["https:\/\/radiofenix.com.ar\/2023\/wp-content\/uploads\/2025\/06\/wp-header-logo-56.png",960,540,false],"newsium-medium":["https:\/\/radiofenix.com.ar\/2023\/wp-content\/uploads\/2025\/06\/wp-header-logo-56-720x475.png",720,475,true]},"author_info":{"info":[""]},"category_info":"<a href=\"https:\/\/radiofenix.com.ar\/2023\/category\/internacional\/\" rel=\"category tag\">Internacional<\/a>","tag_info":"Internacional","comment_count":"0","_links":{"self":[{"href":"https:\/\/radiofenix.com.ar\/2023\/wp-json\/wp\/v2\/posts\/198846","targetHints":{"allow":["GET"]}}],"collection":[{"href":"https:\/\/radiofenix.com.ar\/2023\/wp-json\/wp\/v2\/posts"}],"about":[{"href":"https:\/\/radiofenix.com.ar\/2023\/wp-json\/wp\/v2\/types\/post"}],"replies":[{"embeddable":true,"href":"https:\/\/radiofenix.com.ar\/2023\/wp-json\/wp\/v2\/comments?post=198846"}],"version-history":[{"count":0,"href":"https:\/\/radiofenix.com.ar\/2023\/wp-json\/wp\/v2\/posts\/198846\/revisions"}],"wp:featuredmedia":[{"embeddable":true,"href":"https:\/\/radiofenix.com.ar\/2023\/wp-json\/wp\/v2\/media\/198847"}],"wp:attachment":[{"href":"https:\/\/radiofenix.com.ar\/2023\/wp-json\/wp\/v2\/media?parent=198846"}],"wp:term":[{"taxonomy":"category","embeddable":true,"href":"https:\/\/radiofenix.com.ar\/2023\/wp-json\/wp\/v2\/categories?post=198846"},{"taxonomy":"post_tag","embeddable":true,"href":"https:\/\/radiofenix.com.ar\/2023\/wp-json\/wp\/v2\/tags?post=198846"}],"curies":[{"name":"wp","href":"https:\/\/api.w.org\/{rel}","templated":true}]}}