{"id":198848,"date":"2025-06-10T08:58:27","date_gmt":"2025-06-10T08:58:27","guid":{"rendered":"https:\/\/radiofenix.com.ar\/2023\/baby-etchecopar-con-cristina-kirchner-me-fue-bien-pero-no-lo-puedo-decir\/"},"modified":"2025-06-10T08:58:27","modified_gmt":"2025-06-10T08:58:27","slug":"baby-etchecopar-con-cristina-kirchner-me-fue-bien-pero-no-lo-puedo-decir","status":"publish","type":"post","link":"https:\/\/radiofenix.com.ar\/2023\/baby-etchecopar-con-cristina-kirchner-me-fue-bien-pero-no-lo-puedo-decir\/","title":{"rendered":"Baby Etchecopar: &quot;Con Cristina Kirchner me fue bien, pero no lo puedo decir&quot;"},"content":{"rendered":"<div id=\"\">\n<p>\u00abA cada uno que vot\u00e9 al primero que se garcha es a m\u00ed\u00bb, comenz\u00f3 a contar Etchecopar sobre su experiencia con los candidatos que vot\u00f3 en cada elecci\u00f3n presidencial.<\/p>\n<p><span class=\"saysCMSEmphasis\" id=\"saysCMSEmphasisn8aiywhphze\">\u00abLo vot\u00e9 a Milei y dice que hay que meter preso a Baby, a (Fernando) De la R\u00faa no lo vot\u00e9. Me prohibi\u00f3 en los medios. Lo vot\u00e9 a (Ra\u00fal) Alfons\u00edn y me cag\u00f3 los negocios, o sea&#8230;\u00bb sigui\u00f3<\/span>, y entre risas, tap\u00e1ndose la boca y bajando el tono de voz admiti\u00f3: <span class=\"saysCMSEmphasis\" id=\"saysCMSEmphasis41ckrysoo79\">\u00abestuve bien con Cristina, pero no lo puedo decir\u00bb.<\/span><\/p>\n<p>La confesi\u00f3n de Etchecopar gener\u00f3 sorpresa en Rebord que no esperaba que admitiera que cuando mejor le fue con el gobierno que m\u00e1s critic\u00f3.<\/p>\n<div contenteditable=\"false\" class=\"embed_cont type_imagen\" id=\"7991414-Libre-1879208795_wrap\">\n<p>Baby Etchecopar <span onclick=\"parent.parent.TinyMCETdcuerpo.preview_embed('7991414-Libre-1879208795')\" class=\"embed_colapse less\" id=\"7991414-Libre-1879208795_colapse\"\/>  <span onclick=\"parent.parent.TinyMCETdcuerpo.delete_embed('7991414-Libre-1879208795')\" class=\"embed_delete less\" id=\"7991414-Libre-1879208795_delete\"\/><\/p>\n<div id=\"7991414-Libre-1879208795_content\" class=\"embed_content\"><img loading=\"lazy\" decoding=\"async\" src=\"https:\/\/media.minutouno.com\/p\/1ace728095305fa7e126974c5c35872f\/adjuntos\/150\/imagenes\/041\/875\/0041875633\/baby-etchecopar.jpg\" alt=\"\u00c1ngel \u201cBaby\u201d Etchecopar, periodista, conductor de radio y televisi\u00f3n\" title=\"\u00c1ngel \u201cBaby\u201d Etchecopar, periodista, conductor de radio y televisi\u00f3n\" width=\"610\" height=\"457\" id=\"7991414-Libre-1879208795_embed\"\/><\/div>\n<div id=\"7991414-Libre-1879208795_epigrafe\" class=\"embed_epigrafe\">\n<p> \u00c1ngel \u201cBaby\u201d Etchecopar, periodista, conductor de radio y televisi\u00f3n<\/p>\n<\/div><\/div>\n<p>El s\u00e1bado, y en ocasi\u00f3n del D\u00eda del Periodista, Etchecopar public\u00f3 una carta abierta a Milei a quien critic\u00f3 duramente por su avanzada y su violenta diatriba contra el periodismo. De hecho en Madrid, en el D\u00eda del Periodismo, el mandatario volvi\u00f3 a advertir que \u00abno odiamos lo suficiente a los periodistas\u00bb.<\/p>\n<h2>La carta abierta completa que le escribi\u00f3 Baby Etchecopar a Milei en el D\u00eda del Periodista<\/h2>\n<p><em>Buenos d\u00edas Se\u00f1or Presidente.<\/em><\/p>\n<p><em> Recuerdo cuando comenc\u00e9 en esta profesi\u00f3n hace muchos muchos a\u00f1os un poco menos de los a\u00f1os que usted tiene. Yo so\u00f1aba con simplemente ser un comunicador de la libertad y esa libertad que la dictadura nos quit\u00f3 tantas veces. En la utop\u00eda de aquellos a\u00f1os de Bohemia que llenaban nuestras cabezas con la libertad y la democracia comenc\u00e9 a hacer programas de radio FM chiquititos, m\u00ednimos, pero quer\u00eda ser comunicador. Tal vez me quede grande la palabra periodista simplemente me honra la palabra comunicador, a lo mejor un juglar de la vida que cuenta lo que le pasa a la gente de pueblo en pueblo, de localidad de localidad, a la gente le sirve que nosotros contemos lo que le pasa, es m\u00e1s, a la gente le sirve que nosotros le contemos a usted lo que le pasa, es m\u00e1s a todos nos sirve que nos enteremos qu\u00e9 nos pasa porque a lo mejor enterarnos de qu\u00e9 estamos mal nos ayuda a estar mejor.<\/em><\/p>\n<p><em> Bien, yo quise ser voz de un mont\u00f3n de gente que no tiene micr\u00f3fono, quise ser el que ayude a mis hijos, el que ayude a mis nietos y a los padres y abuelos a tener un futuro con dignidad y en paz, sin agravios.<\/em><\/p>\n<p><em> Se\u00f1or Presidente usted hizo la campa\u00f1a en los medios, oficiando de periodista econ\u00f3mico, hablando y discutiendo en todos los espacios que los juglares le dimos, aspirando a hacer economista como su compa\u00f1ero Manuel Adorni, el cual trabaj\u00f3 conmigo en radio y televisi\u00f3n como periodista. <em class=\"saysCMSEmphasis\">Se\u00f1or Presidente, es muy dif\u00edcil tener democracia con motosierra, amenazas, que coartan la libertad de expresi\u00f3n y rozan y rayan en el autoritarismo. Se\u00f1or Presidente, es muy dif\u00edcil tener democracia con hambre, con fr\u00edo, sin justicia, con inseguridad por todos lados. Se\u00f1or Presidente los argentinos solo sabemos soportar y nadie es su enemigo. <\/em>Se\u00f1or Presidente por esos d\u00edas de televisi\u00f3n y radio donde usted, Adorni y yo hac\u00edamos lo mismo frente a una pantalla o un micr\u00f3fono, FELIZ D\u00cdA !!!! Porque mandriles somos todos.<\/em><\/p>\n<h3><strong> Mir\u00e1 la entrevista completa<\/strong><\/h3>\n<div contenteditable=\"false\" class=\"embed_cont type_freetext\" rel=\"freetext\" id=\"embed45_wrap\">\n<p> Embed <span onclick=\"parent.parent.TinyMCETdcuerpo.preview_embed('embed45')\" class=\"embed_colapse less\" id=\"embed45_colapse\"\/> <span onclick=\"parent.parent.TinyMCETdcuerpo.delete_embed('embed45')\" class=\"embed_delete less\" id=\"embed45_delete\"\/><\/p>\n<div id=\"embed45_content\" class=\"embed_content\">\n<div id=\"embed45_embed\">\n<figure class=\"figure\"><a href=\"https:\/\/t.me\/minutounocom\" target=\"_blank\"><img decoding=\"async\" src=\"https:\/\/media.minutouno.com\/adjuntos\/150\/banners\/039\/099\/0039099175.jpg\" class=\"figure-img img-fluid\" style=\"width:100%;height:auto;\"\/><\/a><\/figure>\n<\/p><\/div>\n<\/div><\/div>\n<\/p><\/div>\n<p><a href=\"https:\/\/www.minutouno.com\/politica\/baby-etchecopar-con-cristina-kirchner-me-fue-bien-pero-no-lo-puedo-decir-n6154598\">source<\/a><\/p>\n","protected":false},"excerpt":{"rendered":"<p>\u00abA cada uno que vot\u00e9 al primero que se garcha es a m\u00ed\u00bb, comenz\u00f3 a&#8230;<\/p>\n","protected":false},"author":0,"featured_media":198849,"comment_status":"open","ping_status":"open","sticky":false,"template":"","format":"standard","meta":{"footnotes":""},"categories":[2],"tags":[],"class_list":["post-198848","post","type-post","status-publish","format-standard","has-post-thumbnail","hentry","category-politica"],"featured_image_urls":{"full":["https:\/\/radiofenix.com.ar\/2023\/wp-content\/uploads\/2025\/06\/wp-header-logo-57.png",610,457,false],"thumbnail":["https:\/\/radiofenix.com.ar\/2023\/wp-content\/uploads\/2025\/06\/wp-header-logo-57-150x150.png",150,150,true],"medium":["https:\/\/radiofenix.com.ar\/2023\/wp-content\/uploads\/2025\/06\/wp-header-logo-57-300x225.png",300,225,true],"medium_large":["https:\/\/radiofenix.com.ar\/2023\/wp-content\/uploads\/2025\/06\/wp-header-logo-57.png",610,457,false],"large":["https:\/\/radiofenix.com.ar\/2023\/wp-content\/uploads\/2025\/06\/wp-header-logo-57.png",610,457,false],"1536x1536":["https:\/\/radiofenix.com.ar\/2023\/wp-content\/uploads\/2025\/06\/wp-header-logo-57.png",610,457,false],"2048x2048":["https:\/\/radiofenix.com.ar\/2023\/wp-content\/uploads\/2025\/06\/wp-header-logo-57.png",610,457,false],"newsium-slider-full":["https:\/\/radiofenix.com.ar\/2023\/wp-content\/uploads\/2025\/06\/wp-header-logo-57.png",610,457,false],"newsium-featured":["https:\/\/radiofenix.com.ar\/2023\/wp-content\/uploads\/2025\/06\/wp-header-logo-57.png",610,457,false],"newsium-medium":["https:\/\/radiofenix.com.ar\/2023\/wp-content\/uploads\/2025\/06\/wp-header-logo-57.png",610,457,false]},"author_info":{"info":[""]},"category_info":"<a href=\"https:\/\/radiofenix.com.ar\/2023\/category\/politica\/\" rel=\"category tag\">Pol\u00edtica<\/a>","tag_info":"Pol\u00edtica","comment_count":"0","_links":{"self":[{"href":"https:\/\/radiofenix.com.ar\/2023\/wp-json\/wp\/v2\/posts\/198848","targetHints":{"allow":["GET"]}}],"collection":[{"href":"https:\/\/radiofenix.com.ar\/2023\/wp-json\/wp\/v2\/posts"}],"about":[{"href":"https:\/\/radiofenix.com.ar\/2023\/wp-json\/wp\/v2\/types\/post"}],"replies":[{"embeddable":true,"href":"https:\/\/radiofenix.com.ar\/2023\/wp-json\/wp\/v2\/comments?post=198848"}],"version-history":[{"count":0,"href":"https:\/\/radiofenix.com.ar\/2023\/wp-json\/wp\/v2\/posts\/198848\/revisions"}],"wp:featuredmedia":[{"embeddable":true,"href":"https:\/\/radiofenix.com.ar\/2023\/wp-json\/wp\/v2\/media\/198849"}],"wp:attachment":[{"href":"https:\/\/radiofenix.com.ar\/2023\/wp-json\/wp\/v2\/media?parent=198848"}],"wp:term":[{"taxonomy":"category","embeddable":true,"href":"https:\/\/radiofenix.com.ar\/2023\/wp-json\/wp\/v2\/categories?post=198848"},{"taxonomy":"post_tag","embeddable":true,"href":"https:\/\/radiofenix.com.ar\/2023\/wp-json\/wp\/v2\/tags?post=198848"}],"curies":[{"name":"wp","href":"https:\/\/api.w.org\/{rel}","templated":true}]}}