{"id":198852,"date":"2025-06-11T08:58:17","date_gmt":"2025-06-11T08:58:17","guid":{"rendered":"https:\/\/radiofenix.com.ar\/2023\/cambia-el-iva-en-supermercados\/"},"modified":"2025-06-11T08:58:17","modified_gmt":"2025-06-11T08:58:17","slug":"cambia-el-iva-en-supermercados","status":"publish","type":"post","link":"https:\/\/radiofenix.com.ar\/2023\/cambia-el-iva-en-supermercados\/","title":{"rendered":"Cambia el IVA en supermercados"},"content":{"rendered":"<div><!-- Body --><\/p>\n<p>La Agencia de Recaudaci\u00f3n y Control Aduanero (ARCA) modific\u00f3, este martes, el r\u00e9gimen de percepci\u00f3n del Impuesto al Valor Agregado (IVA): las compras en supermercados, <b>menores a 10 millones de pesos<\/b>, ser\u00e1n consideradas a consumidor final y quedar\u00e1n exceptuadas del tributo.<\/p>\n<p>Mediante la Resoluci\u00f3n General 5710\/2025, del Bolet\u00edn Oficial, la nueva normativa vigente desde el 1 de julio <b>incluye a los sujetos que no acrediten su calidad de responsables inscriptos, exentos o no alcanzados con relaci\u00f3n a dicho gravamen<\/b>, o su condici\u00f3n de peque\u00f1os contribuyentes inscriptos en el R\u00e9gimen Simplificado para Peque\u00f1os Contribuyentes (RS).<\/p>\n<p>El r\u00e9gimen de percepci\u00f3n no ser\u00e1 de aplicaci\u00f3n cuando \u00ablos adquirentes, locatarios o prestatarios, declaren expresamente su condici\u00f3n de consumidor final a trav\u00e9s de la aceptaci\u00f3n del comprobante o factura que para tales efectos se emitir\u00e1 de conformidad con lo que disponga este organismo, y siempre que el vendedor, locador o prestador no pudiera razonablemente presumir que no se trata de un consumidor final\u00bb.<\/p>\n<p>La disposici\u00f3n fundament\u00f3 que \u00absin perjuicio de lo expuesto, se considerar\u00e1 que el adquirente, locatario o prestatario resulta consumidor final cuando el monto total de la operaci\u00f3n perfeccionada no supere los 10.000.000 pesos, ello exclusivamente, para el caso de que el vendedor, locador o prestador haya declarado como actividad econ\u00f3mica alguno de los siguientes c\u00f3digos\u00bb.<\/p>\n<p>Los <b>rubros comerciales contemplados<\/b> en la medida son: venta al por mayor en supermercados mayoristas de alimentos; venta al por menor en hipermercados; venta al por menor en supermercados; venta al por menor en minimercados (incluye mercaditos, autoservicios y establecimientos similares que vendan carnes, verduras y dem\u00e1s productos alimenticios en forma conjunta).<\/p>\n<p>Las compras realizadas por consumidores finales, en locales de consumo masivo de alimentos, quedar\u00e1n exceptuados del r\u00e9gimen desde el primer d\u00eda del pr\u00f3ximo mes. Los comercios <b>ver\u00e1n reducida la cantidad de operaciones <\/b>en las que deber\u00e1n aplicar el r\u00e9gimen de percepci\u00f3n del IVA: s\u00f3lo a aquellos clientes que superen el monto establecido oficialmente y que no hayan acreditado su condici\u00f3n tributaria.<\/p>\n<p>El cambio est\u00e1 en l\u00ednea con el <b>nuevo r\u00e9gimen de emisi\u00f3n de comprobantes<\/b>, que elev\u00f3 tambi\u00e9n a 10 millones de pesos el monto base para que comercios identifiquen a los consumidores finales.<\/p>\n<p>La decisi\u00f3n forma parte del plan oficial para <b>estimular la circulaci\u00f3n de los d\u00f3lares del colch\u00f3n<\/b>.<\/p>\n<p><!-- Live Blog Post --><\/div>\n<p><a href=\"https:\/\/www.pagina12.com.ar\/832945-cambia-el-iva-en-supermercados\">source<\/a><\/p>\n","protected":false},"excerpt":{"rendered":"<p>La Agencia de Recaudaci\u00f3n y Control Aduanero (ARCA) modific\u00f3, este martes, el r\u00e9gimen de percepci\u00f3n&#8230;<\/p>\n","protected":false},"author":0,"featured_media":198853,"comment_status":"open","ping_status":"open","sticky":false,"template":"","format":"standard","meta":{"footnotes":""},"categories":[5],"tags":[],"class_list":["post-198852","post","type-post","status-publish","format-standard","has-post-thumbnail","hentry","category-economia"],"featured_image_urls":{"full":["https:\/\/radiofenix.com.ar\/2023\/wp-content\/uploads\/2025\/06\/wp-header-logo-59.png",960,540,false],"thumbnail":["https:\/\/radiofenix.com.ar\/2023\/wp-content\/uploads\/2025\/06\/wp-header-logo-59-150x150.png",150,150,true],"medium":["https:\/\/radiofenix.com.ar\/2023\/wp-content\/uploads\/2025\/06\/wp-header-logo-59-300x169.png",300,169,true],"medium_large":["https:\/\/radiofenix.com.ar\/2023\/wp-content\/uploads\/2025\/06\/wp-header-logo-59-768x432.png",640,360,true],"large":["https:\/\/radiofenix.com.ar\/2023\/wp-content\/uploads\/2025\/06\/wp-header-logo-59.png",640,360,false],"1536x1536":["https:\/\/radiofenix.com.ar\/2023\/wp-content\/uploads\/2025\/06\/wp-header-logo-59.png",960,540,false],"2048x2048":["https:\/\/radiofenix.com.ar\/2023\/wp-content\/uploads\/2025\/06\/wp-header-logo-59.png",960,540,false],"newsium-slider-full":["https:\/\/radiofenix.com.ar\/2023\/wp-content\/uploads\/2025\/06\/wp-header-logo-59.png",960,540,false],"newsium-featured":["https:\/\/radiofenix.com.ar\/2023\/wp-content\/uploads\/2025\/06\/wp-header-logo-59.png",960,540,false],"newsium-medium":["https:\/\/radiofenix.com.ar\/2023\/wp-content\/uploads\/2025\/06\/wp-header-logo-59-720x475.png",720,475,true]},"author_info":{"info":[""]},"category_info":"<a href=\"https:\/\/radiofenix.com.ar\/2023\/category\/economia\/\" rel=\"category tag\">Economia<\/a>","tag_info":"Economia","comment_count":"0","_links":{"self":[{"href":"https:\/\/radiofenix.com.ar\/2023\/wp-json\/wp\/v2\/posts\/198852","targetHints":{"allow":["GET"]}}],"collection":[{"href":"https:\/\/radiofenix.com.ar\/2023\/wp-json\/wp\/v2\/posts"}],"about":[{"href":"https:\/\/radiofenix.com.ar\/2023\/wp-json\/wp\/v2\/types\/post"}],"replies":[{"embeddable":true,"href":"https:\/\/radiofenix.com.ar\/2023\/wp-json\/wp\/v2\/comments?post=198852"}],"version-history":[{"count":0,"href":"https:\/\/radiofenix.com.ar\/2023\/wp-json\/wp\/v2\/posts\/198852\/revisions"}],"wp:featuredmedia":[{"embeddable":true,"href":"https:\/\/radiofenix.com.ar\/2023\/wp-json\/wp\/v2\/media\/198853"}],"wp:attachment":[{"href":"https:\/\/radiofenix.com.ar\/2023\/wp-json\/wp\/v2\/media?parent=198852"}],"wp:term":[{"taxonomy":"category","embeddable":true,"href":"https:\/\/radiofenix.com.ar\/2023\/wp-json\/wp\/v2\/categories?post=198852"},{"taxonomy":"post_tag","embeddable":true,"href":"https:\/\/radiofenix.com.ar\/2023\/wp-json\/wp\/v2\/tags?post=198852"}],"curies":[{"name":"wp","href":"https:\/\/api.w.org\/{rel}","templated":true}]}}