{"id":198854,"date":"2025-06-11T08:58:19","date_gmt":"2025-06-11T08:58:19","guid":{"rendered":"https:\/\/radiofenix.com.ar\/2023\/la-cgt-respaldo-a-cristina-kirchner-y-denuncio-que-la-democracia-esta-en-peligro\/"},"modified":"2025-06-11T08:58:19","modified_gmt":"2025-06-11T08:58:19","slug":"la-cgt-respaldo-a-cristina-kirchner-y-denuncio-que-la-democracia-esta-en-peligro","status":"publish","type":"post","link":"https:\/\/radiofenix.com.ar\/2023\/la-cgt-respaldo-a-cristina-kirchner-y-denuncio-que-la-democracia-esta-en-peligro\/","title":{"rendered":"La CGT respald\u00f3 a Cristina Kirchner y denunci\u00f3 que &quot;la democracia est\u00e1 en peligro&quot;"},"content":{"rendered":"<div><!-- Body --><\/p>\n<p>Mientras los integrantes de la Corte Suprema de Justicia se preparan para resolver la condena contra la expresidenta <b><a href=\"https:\/\/www.pagina12.com.ar\/832187-cristina-kirchner-denuncio-presiones-para-que-la-justicia-la\">Cristina Fern\u00e1ndez de Kirchner<\/a> <\/b>en el marco del proceso judicial acusatorio, medi\u00e1ticamente conocido como \u00ab<b>Causa Vialidad<\/b>\u00ab, los miembros de la Confederaci\u00f3n General del Trabajo (<b>CGT<\/b>) <b>repudiaron el intento de <\/b>\u00ab<b>proscripci\u00f3n<\/b>\u00ab<b> de la dirigente peronista. \u00abLa democracia est\u00e1 en peligro\u00bb,\u00a0<\/b>indicaron en un comunicado oficial y expresaron su \u00ab<b>solidaridad y apoyo incondicional<\/b>\u00bb con quien fue presidenta en dos oportunidades.<\/p>\n<h3\/>\n<p>\u00ab<b>Cualquier fallo que ponga en cuesti\u00f3n las reglas democr\u00e1ticas<\/b>,<b> no hace m\u00e1s que alterar el normal funcionamiento institucional de la Naci\u00f3n<\/b>\u00ab, acus\u00f3 la organizaci\u00f3n gremial en un comunicado difundido este mediod\u00eda en sus canales oficiales. Se espera que en las pr\u00f3ximas horas Corte Suprema confirme el fallo que condena a la expresidenta a seis a\u00f1os de prisi\u00f3n e <b>inhabilitaci\u00f3n especial perpetua para ejercer cargos p\u00fablicos.<\/b><\/p>\n<p>En este sentido, apuntaron contra las \u00abcausas\u00bb armadas contra la titular del Partido Justicialista, quien a comienzos de este mes hab\u00eda\u00a0confirmado su candidatura para las pr\u00f3ximas elecciones legislativas de la provincia de Buenos Aires. Y ampliaron: \u00abNos referimos a causas en las que se observan <b>serias irregularidades<\/b>, <b>difusi\u00f3n anticipada de medidas a trav\u00e9s de los medios<\/b>, <b>y manipulaci\u00f3n informativa<\/b>\u00ab.<\/p>\n<div class=\"medium-insert-embeds\">\n<figure>\n<div class=\"medium-insert-embed\">\n<div align=\"center\">\n<figure role=\"group\" class=\"caption caption-drupal-entity\"><figcaption>Comunicado oficial de la CGT ante el inminente fallo de la Corte Suprema.<\/figcaption><\/figure>\n<\/div><\/div>\n<\/figure>\n<\/div>\n<p>Para la CGT, estos factores \u00ab<b>desvirt\u00faan y desnaturalizan los procesos de investigaci\u00f3n y juzgamiento<\/b>, que deber\u00edan ajustarse a derecho y respetar las garant\u00edas\u00bb. De lo contrario, puntualiz\u00f3, se \u00abtransforman en mecanismos de persecuci\u00f3n y proscripci\u00f3n pol\u00edtica\u00bb.<\/p>\n<p>\u00abUn procedimiento que ya se ha utilizado en pa\u00edses hermanos, cuyo caso m\u00e1s emblem\u00e1tico fue el del compa\u00f1ero Lula Da Silva en Brasil\u00bb, recordaron desde la central obrera.<\/p>\n<p>En tanto, en la v\u00edspera de los comicios legislativos, sostuvieron que \u00ab<b>es la voluntad popular la que debe ser resguardada<\/b>, ya que solo ella puede decidir, a trav\u00e9s de elecciones libres, qui\u00e9nes ser\u00e1n sus representantes, sin interferencias de otros poderes que obstaculicen ese acto de soberan\u00eda constitucional\u00bb.<\/p>\n<p>Ante esto, la CGT expres\u00f3 \u00absu m\u00e1s profundo <b>repudio a la embestida medi\u00e1tica y pol\u00edtica<\/b> sobre la Justicia\u00bb, al tiempo que exigi\u00f3 \u00abresponsabilidad al Poder Judicial para que act\u00fae con la integridad que la ley le exige y la sociedad le reclama\u00bb.<\/p>\n<p>\u00abSin lugar a dudas, la persecuci\u00f3n a los candidatos, ya sea del peronismo o de cualquier otra organizaci\u00f3n que defienda los intereses nacionales y populares, confirma que <b>la proscripci\u00f3n electoral es una condici\u00f3n necesaria para imponer un modelo econ\u00f3mico y social de desigualdad<\/b>, <b>fragmentaci\u00f3n y empobrecimiento de las mayor\u00edas<\/b>\u00ab, concluyeron.<\/p>\n<h3><b>Segu\u00ed leyendo:<br \/><\/b><\/h3>\n<p><!-- Live Blog Post --><\/div>\n<p><a href=\"https:\/\/www.pagina12.com.ar\/832758-la-cgt-respaldo-a-cristina-kirchner-y-denuncio-que-la-democr\">source<\/a><\/p>\n","protected":false},"excerpt":{"rendered":"<p>Mientras los integrantes de la Corte Suprema de Justicia se preparan para resolver la condena&#8230;<\/p>\n","protected":false},"author":0,"featured_media":198855,"comment_status":"open","ping_status":"open","sticky":false,"template":"","format":"standard","meta":{"footnotes":""},"categories":[7],"tags":[],"class_list":["post-198854","post","type-post","status-publish","format-standard","has-post-thumbnail","hentry","category-sociedad"],"featured_image_urls":{"full":["https:\/\/radiofenix.com.ar\/2023\/wp-content\/uploads\/2025\/06\/wp-header-logo-60.png",960,540,false],"thumbnail":["https:\/\/radiofenix.com.ar\/2023\/wp-content\/uploads\/2025\/06\/wp-header-logo-60-150x150.png",150,150,true],"medium":["https:\/\/radiofenix.com.ar\/2023\/wp-content\/uploads\/2025\/06\/wp-header-logo-60-300x169.png",300,169,true],"medium_large":["https:\/\/radiofenix.com.ar\/2023\/wp-content\/uploads\/2025\/06\/wp-header-logo-60-768x432.png",640,360,true],"large":["https:\/\/radiofenix.com.ar\/2023\/wp-content\/uploads\/2025\/06\/wp-header-logo-60.png",640,360,false],"1536x1536":["https:\/\/radiofenix.com.ar\/2023\/wp-content\/uploads\/2025\/06\/wp-header-logo-60.png",960,540,false],"2048x2048":["https:\/\/radiofenix.com.ar\/2023\/wp-content\/uploads\/2025\/06\/wp-header-logo-60.png",960,540,false],"newsium-slider-full":["https:\/\/radiofenix.com.ar\/2023\/wp-content\/uploads\/2025\/06\/wp-header-logo-60.png",960,540,false],"newsium-featured":["https:\/\/radiofenix.com.ar\/2023\/wp-content\/uploads\/2025\/06\/wp-header-logo-60.png",960,540,false],"newsium-medium":["https:\/\/radiofenix.com.ar\/2023\/wp-content\/uploads\/2025\/06\/wp-header-logo-60-720x475.png",720,475,true]},"author_info":{"info":[""]},"category_info":"<a href=\"https:\/\/radiofenix.com.ar\/2023\/category\/sociedad\/\" rel=\"category tag\">Sociedad<\/a>","tag_info":"Sociedad","comment_count":"0","_links":{"self":[{"href":"https:\/\/radiofenix.com.ar\/2023\/wp-json\/wp\/v2\/posts\/198854","targetHints":{"allow":["GET"]}}],"collection":[{"href":"https:\/\/radiofenix.com.ar\/2023\/wp-json\/wp\/v2\/posts"}],"about":[{"href":"https:\/\/radiofenix.com.ar\/2023\/wp-json\/wp\/v2\/types\/post"}],"replies":[{"embeddable":true,"href":"https:\/\/radiofenix.com.ar\/2023\/wp-json\/wp\/v2\/comments?post=198854"}],"version-history":[{"count":0,"href":"https:\/\/radiofenix.com.ar\/2023\/wp-json\/wp\/v2\/posts\/198854\/revisions"}],"wp:featuredmedia":[{"embeddable":true,"href":"https:\/\/radiofenix.com.ar\/2023\/wp-json\/wp\/v2\/media\/198855"}],"wp:attachment":[{"href":"https:\/\/radiofenix.com.ar\/2023\/wp-json\/wp\/v2\/media?parent=198854"}],"wp:term":[{"taxonomy":"category","embeddable":true,"href":"https:\/\/radiofenix.com.ar\/2023\/wp-json\/wp\/v2\/categories?post=198854"},{"taxonomy":"post_tag","embeddable":true,"href":"https:\/\/radiofenix.com.ar\/2023\/wp-json\/wp\/v2\/tags?post=198854"}],"curies":[{"name":"wp","href":"https:\/\/api.w.org\/{rel}","templated":true}]}}