{"id":198860,"date":"2025-06-11T08:58:27","date_gmt":"2025-06-11T08:58:27","guid":{"rendered":"https:\/\/radiofenix.com.ar\/2023\/apoyo-de-axel-kicillof-a-cristina-kirchner-macri-y-milei-desprecian-la-democracia-con-la-misma-intensidad\/"},"modified":"2025-06-11T08:58:27","modified_gmt":"2025-06-11T08:58:27","slug":"apoyo-de-axel-kicillof-a-cristina-kirchner-macri-y-milei-desprecian-la-democracia-con-la-misma-intensidad","status":"publish","type":"post","link":"https:\/\/radiofenix.com.ar\/2023\/apoyo-de-axel-kicillof-a-cristina-kirchner-macri-y-milei-desprecian-la-democracia-con-la-misma-intensidad\/","title":{"rendered":"Apoyo de Axel Kicillof a Cristina Kirchner: &quot;Macri y Milei desprecian la democracia con la misma intensidad&quot;"},"content":{"rendered":"<div id=\"\">\n<p>En este marco, Kicillof lament\u00f3 en sus redes sociales que <strong>\u00abhoy condenan a Cristina Kirchner<\/strong>\u00ab, situaci\u00f3n que calific\u00f3 como \u00abun final anunciado tras a\u00f1os de perversa persecuci\u00f3n pol\u00edtica, medi\u00e1tica y judicial\u00bb.<\/p>\n<div contenteditable=\"false\" class=\"embed_cont type_freetext\" rel=\"freetext\" id=\"embed7389_wrap\" data-provider=\"Twitter\">\n<p>Embed &#8211; https:\/\/publish.twitter.com\/oembed?url=https:\/\/x.com\/Kicillofok\/status\/1932558046825238912&amp;partner=&amp;hide_thread=false<span onclick=\"parent.parent.TinyMCETdcuerpo.preview_embed('embed7389')\" class=\"embed_colapse less\" id=\"embed7389_colapse\"\/><span onclick=\"parent.parent.TinyMCETdcuerpo.delete_embed('embed7389')\" class=\"embed_delete less\" id=\"embed7389_delete\"\/><\/p>\n<div id=\"embed7389_content\" class=\"embed_content\">\n<div id=\"embed7389_embed\">\n<blockquote data-td-script-src=\"https:\/\/platform.twitter.com\/widgets.js\" class=\"twitter-tweet\">\n<p dir=\"ltr\" lang=\"es\"> Hoy condenan a <a href=\"https:\/\/twitter.com\/CFKArgentina?ref_src=twsrc%5Etfw\">@CFKArgentina<\/a>, un final anunciado tras a\u00f1os de perversa persecuci\u00f3n pol\u00edtica, medi\u00e1tica y judicial. Esta condena termina de consagrar una aut\u00e9ntica infamia. Se trata de un nuevo cap\u00edtulo en la larga historia de ataques al peronismo y a quienes, como ella, se\u2026<\/p>\n<p> \u2014 Axel Kicillof (@Kicillofok) <a href=\"https:\/\/twitter.com\/Kicillofok\/status\/1932558046825238912?ref_src=twsrc%5Etfw\">June 10, 2025<\/a><\/p><\/blockquote>\n<\/div><\/div>\n<\/p><\/div>\n<p>\u00ab<strong>Esta condena termina de consagrar una aut\u00e9ntica infamia<\/strong>. Se trata de un nuevo cap\u00edtulo en la larga historia de ataques al peronismo y a quienes, como ella, se atrevieron a transformar la Argentina en favor de las mayor\u00edas\u00bb, se\u00f1al\u00f3 el mandatario provincial.<\/p>\n<p>El gobernador record\u00f3 que \u00abdurante el Gobierno de Macri, se mont\u00f3 un sistema de espionaje ilegal, se armaron causas y se manipularon pruebas para perseguir a Cristina, a su familia y a sus exfuncionarios\u00bb, y sentenci\u00f3: <span class=\"saysCMSEmphasis\" id=\"saysCMSEmphasis3aux26ol8v7\">\u00abEl lawfare y la estigmatizaci\u00f3n del campo popular se convirtieron en pol\u00edticas de Estado. Y hoy, con un presidente para quien &#8216;la justicia social es una aberraci\u00f3n&#8217;, el clima de odio, autoritarismo y hostigamiento se ha intensificado\u00bb<\/span>.<\/p>\n<p>\u00abTanto Macri como Milei desprecian la democracia con la misma intensidad con la que desprecian la dignidad del pueblo. Y por eso, hoy celebran\u00bb, remarc\u00f3 Kicillof.<\/p>\n<p>Por \u00faltimo, el gobernador record\u00f3 que \u00aba lo largo de todo el proceso judicial, fiscales y jueces actuaron con \u00e1nimo revanchista, sin el menor apego por la verdad y por la justicia\u00bb.<\/p>\n<p><span class=\"saysCMSEmphasis\" id=\"saysCMSEmphasismrrj5xdg7g\">\u00abNo investigaron hechos: ejecutaron un plan, o en otras palabras, y dado el car\u00e1cter mafioso de quienes la persiguen, una vendetta. Buscan, en realidad, disciplinar a la dirigencia y garantizar privilegios econ\u00f3micos. Hoy esa democracia queda profundamente herida. Y nuestra responsabilidad hist\u00f3rica es defenderla\u00bb<\/span>, concluy\u00f3 Kicillof.<\/p>\n<div contenteditable=\"false\" class=\"embed_cont type_freetext\" rel=\"freetext\" id=\"embed45_wrap\">\n<p> Embed <span onclick=\"parent.parent.TinyMCETdcuerpo.preview_embed('embed45')\" class=\"embed_colapse less\" id=\"embed45_colapse\"\/>  <span onclick=\"parent.parent.TinyMCETdcuerpo.delete_embed('embed45')\" class=\"embed_delete less\" id=\"embed45_delete\"\/><\/p>\n<div id=\"embed45_content\" class=\"embed_content\">\n<div id=\"embed45_embed\">\n<figure class=\"figure\"><a href=\"https:\/\/t.me\/minutounocom\" target=\"_blank\"><img decoding=\"async\" src=\"https:\/\/media.minutouno.com\/adjuntos\/150\/banners\/039\/099\/0039099175.jpg\" class=\"figure-img img-fluid\" style=\"width:100%;height:auto;\"\/><\/a><\/figure>\n<\/p><\/div>\n<\/div><\/div>\n<\/div>\n<p><a href=\"https:\/\/www.minutouno.com\/politica\/apoyo-axel-kicillof-cristina-kirchner-macri-y-milei-desprecian-la-democracia-la-misma-intensidad-n6155263\">source<\/a><\/p>\n","protected":false},"excerpt":{"rendered":"<p>En este marco, Kicillof lament\u00f3 en sus redes sociales que \u00abhoy condenan a Cristina Kirchner\u00ab,&#8230;<\/p>\n","protected":false},"author":0,"featured_media":198861,"comment_status":"open","ping_status":"open","sticky":false,"template":"","format":"standard","meta":{"footnotes":""},"categories":[2],"tags":[],"class_list":["post-198860","post","type-post","status-publish","format-standard","has-post-thumbnail","hentry","category-politica"],"featured_image_urls":{"full":["https:\/\/radiofenix.com.ar\/2023\/wp-content\/uploads\/2025\/06\/wp-header-logo-63.png",730,100,false],"thumbnail":["https:\/\/radiofenix.com.ar\/2023\/wp-content\/uploads\/2025\/06\/wp-header-logo-63-150x100.png",150,100,true],"medium":["https:\/\/radiofenix.com.ar\/2023\/wp-content\/uploads\/2025\/06\/wp-header-logo-63-300x41.png",300,41,true],"medium_large":["https:\/\/radiofenix.com.ar\/2023\/wp-content\/uploads\/2025\/06\/wp-header-logo-63.png",640,88,false],"large":["https:\/\/radiofenix.com.ar\/2023\/wp-content\/uploads\/2025\/06\/wp-header-logo-63.png",640,88,false],"1536x1536":["https:\/\/radiofenix.com.ar\/2023\/wp-content\/uploads\/2025\/06\/wp-header-logo-63.png",730,100,false],"2048x2048":["https:\/\/radiofenix.com.ar\/2023\/wp-content\/uploads\/2025\/06\/wp-header-logo-63.png",730,100,false],"newsium-slider-full":["https:\/\/radiofenix.com.ar\/2023\/wp-content\/uploads\/2025\/06\/wp-header-logo-63.png",730,100,false],"newsium-featured":["https:\/\/radiofenix.com.ar\/2023\/wp-content\/uploads\/2025\/06\/wp-header-logo-63.png",730,100,false],"newsium-medium":["https:\/\/radiofenix.com.ar\/2023\/wp-content\/uploads\/2025\/06\/wp-header-logo-63-720x100.png",720,100,true]},"author_info":{"info":[""]},"category_info":"<a href=\"https:\/\/radiofenix.com.ar\/2023\/category\/politica\/\" rel=\"category tag\">Pol\u00edtica<\/a>","tag_info":"Pol\u00edtica","comment_count":"0","_links":{"self":[{"href":"https:\/\/radiofenix.com.ar\/2023\/wp-json\/wp\/v2\/posts\/198860","targetHints":{"allow":["GET"]}}],"collection":[{"href":"https:\/\/radiofenix.com.ar\/2023\/wp-json\/wp\/v2\/posts"}],"about":[{"href":"https:\/\/radiofenix.com.ar\/2023\/wp-json\/wp\/v2\/types\/post"}],"replies":[{"embeddable":true,"href":"https:\/\/radiofenix.com.ar\/2023\/wp-json\/wp\/v2\/comments?post=198860"}],"version-history":[{"count":0,"href":"https:\/\/radiofenix.com.ar\/2023\/wp-json\/wp\/v2\/posts\/198860\/revisions"}],"wp:featuredmedia":[{"embeddable":true,"href":"https:\/\/radiofenix.com.ar\/2023\/wp-json\/wp\/v2\/media\/198861"}],"wp:attachment":[{"href":"https:\/\/radiofenix.com.ar\/2023\/wp-json\/wp\/v2\/media?parent=198860"}],"wp:term":[{"taxonomy":"category","embeddable":true,"href":"https:\/\/radiofenix.com.ar\/2023\/wp-json\/wp\/v2\/categories?post=198860"},{"taxonomy":"post_tag","embeddable":true,"href":"https:\/\/radiofenix.com.ar\/2023\/wp-json\/wp\/v2\/tags?post=198860"}],"curies":[{"name":"wp","href":"https:\/\/api.w.org\/{rel}","templated":true}]}}