{"id":198868,"date":"2025-06-12T08:58:43","date_gmt":"2025-06-12T08:58:43","guid":{"rendered":"https:\/\/radiofenix.com.ar\/2023\/mastantuono-entre-lapiceras-y-valijas\/"},"modified":"2025-06-12T08:58:43","modified_gmt":"2025-06-12T08:58:43","slug":"mastantuono-entre-lapiceras-y-valijas","status":"publish","type":"post","link":"https:\/\/radiofenix.com.ar\/2023\/mastantuono-entre-lapiceras-y-valijas\/","title":{"rendered":"Mastantuono, entre lapiceras y valijas"},"content":{"rendered":"<div><!-- Body --><\/p>\n<p><b>Franco Mastantuono<\/b> firm\u00f3 este mi\u00e9rcoles su contrato con el <b>Real Madrid <\/b>-seg\u00fan trascendi\u00f3- y dejar\u00e1 <b>River <\/b>a mediados de agosto, cuando sea mayor de edad, mediante la activaci\u00f3n de la cl\u00e1usula de rescisi\u00f3n de 45 millones de euros.<\/p>\n<p>El volante viajar\u00e1 esta noche hacia <b>Seattle, Estados Unidos<\/b>, con el resto de la delegaci\u00f3n millonaria para afrontar el Mundial de Clubes, en la que ser\u00e1 su \u00faltima participaci\u00f3n con la camiseta de River en esta etapa.<\/p>\n<p>Vale recordar que a los <b>45 millones<\/b> le sumar\u00e1n otros 15 millones adicionales por cuestiones impositivas, lo que convierten a la operaci\u00f3n en la m\u00e1s cara de la historia del f\u00fatbol argentino.<\/p>\n<p>El juvenil se reincorpor\u00f3 a las \u00f3rdenes de Marcelo Gallardo luego de su estad\u00eda con la <b>Selecci\u00f3n Argentina<\/b>, con la que debut\u00f3 en el 1 a 0 a Chile. Despu\u00e9s de su discreta labor en Santiago, vio desde el banco el complicado 1 a 1 ante Colombia en el Monumental.<\/p>\n<p>River debutar\u00e1 el martes contra el <b>Urawa Red Diamonds de Jap\u00f3n<\/b> a las 16. Luego vendr\u00e1n <b>Monterrey de M\u00e9xico\u00a0<\/b>el s\u00e1bado 21 a las 22 e <b>Inter de Mil\u00e1n <\/b>el mi\u00e9rcoles 25 tambi\u00e9n por la noche.<\/p>\n<p><!-- Live Blog Post --><\/div>\n<p><a href=\"https:\/\/www.pagina12.com.ar\/833229-mastantuono-entre-lapiceras-y-valijas\">source<\/a><\/p>\n","protected":false},"excerpt":{"rendered":"<p>Franco Mastantuono firm\u00f3 este mi\u00e9rcoles su contrato con el Real Madrid -seg\u00fan trascendi\u00f3- y dejar\u00e1&#8230;<\/p>\n","protected":false},"author":0,"featured_media":198869,"comment_status":"open","ping_status":"open","sticky":false,"template":"","format":"standard","meta":{"footnotes":""},"categories":[3],"tags":[],"class_list":["post-198868","post","type-post","status-publish","format-standard","has-post-thumbnail","hentry","category-deportes"],"featured_image_urls":{"full":["https:\/\/radiofenix.com.ar\/2023\/wp-content\/uploads\/2025\/06\/wp-header-logo-67.png",960,540,false],"thumbnail":["https:\/\/radiofenix.com.ar\/2023\/wp-content\/uploads\/2025\/06\/wp-header-logo-67-150x150.png",150,150,true],"medium":["https:\/\/radiofenix.com.ar\/2023\/wp-content\/uploads\/2025\/06\/wp-header-logo-67-300x169.png",300,169,true],"medium_large":["https:\/\/radiofenix.com.ar\/2023\/wp-content\/uploads\/2025\/06\/wp-header-logo-67-768x432.png",640,360,true],"large":["https:\/\/radiofenix.com.ar\/2023\/wp-content\/uploads\/2025\/06\/wp-header-logo-67.png",640,360,false],"1536x1536":["https:\/\/radiofenix.com.ar\/2023\/wp-content\/uploads\/2025\/06\/wp-header-logo-67.png",960,540,false],"2048x2048":["https:\/\/radiofenix.com.ar\/2023\/wp-content\/uploads\/2025\/06\/wp-header-logo-67.png",960,540,false],"newsium-slider-full":["https:\/\/radiofenix.com.ar\/2023\/wp-content\/uploads\/2025\/06\/wp-header-logo-67.png",960,540,false],"newsium-featured":["https:\/\/radiofenix.com.ar\/2023\/wp-content\/uploads\/2025\/06\/wp-header-logo-67.png",960,540,false],"newsium-medium":["https:\/\/radiofenix.com.ar\/2023\/wp-content\/uploads\/2025\/06\/wp-header-logo-67-720x475.png",720,475,true]},"author_info":{"info":[""]},"category_info":"<a href=\"https:\/\/radiofenix.com.ar\/2023\/category\/deportes\/\" rel=\"category tag\">Deportes<\/a>","tag_info":"Deportes","comment_count":"0","_links":{"self":[{"href":"https:\/\/radiofenix.com.ar\/2023\/wp-json\/wp\/v2\/posts\/198868","targetHints":{"allow":["GET"]}}],"collection":[{"href":"https:\/\/radiofenix.com.ar\/2023\/wp-json\/wp\/v2\/posts"}],"about":[{"href":"https:\/\/radiofenix.com.ar\/2023\/wp-json\/wp\/v2\/types\/post"}],"replies":[{"embeddable":true,"href":"https:\/\/radiofenix.com.ar\/2023\/wp-json\/wp\/v2\/comments?post=198868"}],"version-history":[{"count":0,"href":"https:\/\/radiofenix.com.ar\/2023\/wp-json\/wp\/v2\/posts\/198868\/revisions"}],"wp:featuredmedia":[{"embeddable":true,"href":"https:\/\/radiofenix.com.ar\/2023\/wp-json\/wp\/v2\/media\/198869"}],"wp:attachment":[{"href":"https:\/\/radiofenix.com.ar\/2023\/wp-json\/wp\/v2\/media?parent=198868"}],"wp:term":[{"taxonomy":"category","embeddable":true,"href":"https:\/\/radiofenix.com.ar\/2023\/wp-json\/wp\/v2\/categories?post=198868"},{"taxonomy":"post_tag","embeddable":true,"href":"https:\/\/radiofenix.com.ar\/2023\/wp-json\/wp\/v2\/tags?post=198868"}],"curies":[{"name":"wp","href":"https:\/\/api.w.org\/{rel}","templated":true}]}}