{"id":198870,"date":"2025-06-12T08:58:45","date_gmt":"2025-06-12T08:58:45","guid":{"rendered":"https:\/\/radiofenix.com.ar\/2023\/israel-puso-en-aislamiento-penitenciario-a-dos-activistas-del-velero-madleen\/"},"modified":"2025-06-12T08:58:45","modified_gmt":"2025-06-12T08:58:45","slug":"israel-puso-en-aislamiento-penitenciario-a-dos-activistas-del-velero-madleen","status":"publish","type":"post","link":"https:\/\/radiofenix.com.ar\/2023\/israel-puso-en-aislamiento-penitenciario-a-dos-activistas-del-velero-madleen\/","title":{"rendered":"Israel puso en aislamiento penitenciario a dos activistas del velero Madleen"},"content":{"rendered":"<div><!-- Body --><\/p>\n<p><b>Las autoridades israel\u00edes pusieron este mi\u00e9rcoles en aislamiento penitenciario a la eurodiputada francesa Rima Hassan y al activista brasile\u00f1o Thiago \u00c1vila<\/b>, que fueron<a href=\"https:\/\/www.pagina12.com.ar\/832669-tras-interceptar-el-barco-con-ayuda-humanitaria-para-gaza-is\"> detenidos junto a los otros 10 activistas del barco Madleen\u00a0interceptado por el Ej\u00e9rcito israel\u00ed <\/a>el lunes por la madrugada.\u00a0El grupo legal palestino Adalah, que representa a los activistas en Israel, inform\u00f3 que Hassan fue trasladada nuevamente a la prisi\u00f3n de Givon tras pasar unas horas\u00a0retenida \u00aben condiciones inhumanas\u00bb. La pol\u00edtica, miembro de La Francia Insumisa (LFI), <b>hab\u00eda sido llevada a la c\u00e1rcel de mujeres Neve Tirza tras escribir \u00abPalestina Libre\u00bb en una pared<\/b> de la prisi\u00f3n en la que se encontraba en un primer momento junto al resto de los detenidos.<\/p>\n<div class=\"iframely-embed medium-embedded-content\" data-html=\"Jmx0O2Jsb2NrcXVvdGUgY2xhc3M9InR3aXR0ZXItdHdlZXQiIGRhdGEtZG50PSJ0cnVlIiBhbGlnbj0iY2VudGVyIiZndDsmbHQ7cCBsYW5nPSJlbiIgZGlyPSJsdHIiJmd0O\/CfmqggTWVzc2FnZXMgZnJvbSBSaW1hIGFuZCBvdGhlciBtZW1iZXJzIG9mIHRoZSBGcmVlZG9tIEZsb3RpbGxhIGNyZXcuJmx0O2EgaHJlZj0iaHR0cHM6Ly90d2l0dGVyLmNvbS9oYXNodGFnL0ZyZWVkb21GbG90aWxsYT9zcmM9aGFzaCZhbXA7YW1wO3JlZl9zcmM9dHdzcmMlNUV0ZnciJmd0OyNGcmVlZG9tRmxvdGlsbGEmbHQ7L2EmZ3Q7ICZsdDthIGhyZWY9Imh0dHBzOi8vdHdpdHRlci5jb20vaGFzaHRhZy9GcmVlTWFkbGVlbj9zcmM9aGFzaCZhbXA7YW1wO3JlZl9zcmM9dHdzcmMlNUV0ZnciJmd0OyNGcmVlTWFkbGVlbiZsdDsvYSZndDsgJmx0O2EgaHJlZj0iaHR0cHM6Ly90LmNvLzRXeTllaWk5NzIiJmd0O3BpYy50d2l0dGVyLmNvbS80V3k5ZWlpOTcyJmx0Oy9hJmd0OyZsdDsvcCZndDsmYW1wO21kYXNoOyBSaW1hIEhhc3NhbiAoQFJpbWFIYXMpICZsdDthIGhyZWY9Imh0dHBzOi8vdHdpdHRlci5jb20vUmltYUhhcy9zdGF0dXMvMTkzMjgzNjk0NDgzODU4MjY3Mj9yZWZfc3JjPXR3c3JjJTVFdGZ3IiZndDtKdW5lIDExLCAyMDI1Jmx0Oy9hJmd0OyZsdDsvYmxvY2txdW90ZSZndDsKJmx0O3NjcmlwdCBhc3luYyBzcmM9Imh0dHBzOi8vcGxhdGZvcm0udHdpdHRlci5jb20vd2lkZ2V0cy5qcyIgY2hhcnNldD0idXRmLTgiJmd0OyZsdDsvc2NyaXB0Jmd0OwoKJmx0O2RpdiBjbGFzcz0ibWVkaXVtLWluc2VydC1lbWJlZHMtbWV0YSImZ3Q7Jmx0O3NjcmlwdCB0eXBlPSJ0ZXh0L2pzb24iJmd0O3sidXJsIjoiaHR0cHM6Ly90d2l0dGVyLmNvbS9SaW1hSGFzL3N0YXR1cy8xOTMyODM2OTQ0ODM4NTgyNjcyIiwidHlwZSI6InJpY2giLCJ2ZXJzaW9uIjoiMS4wIiwidGl0bGUiOiJSaW1hIEhhc3NhbiBvbiBUd2l0dGVyIC8gWCIsImF1dGhvciI6IlJpbWEgSGFzc2FuIiwiYXV0aG9yX3VybCI6Imh0dHBzOi8vdHdpdHRlci5jb20vUmltYUhhcyIsInByb3ZpZGVyX25hbWUiOiJUd2l0dGVyIiwiZGVzY3JpcHRpb24iOiLwn5qoIE1lc3NhZ2VzIGZyb20gUmltYSBhbmQgb3RoZXIgbWVtYmVycyBvZiB0aGUgRnJlZWRvbSBGbG90aWxsYSBjcmV3LiNGcmVlZG9tRmxvdGlsbGEgI0ZyZWVNYWRsZWVuIHBpYy50d2l0dGVyLmNvbS80V3k5ZWlpOTcy4oCUIFJpbWEgSGFzc2FuIChAUmltYUhhcykgSnVuZSAxMSwgMjAyNVxuXG5cbiIsInRodW1ibmFpbF91cmwiOiJodHRwczovL3Bicy50d2ltZy5jb20vbWVkaWEvR3RMUTlOclhzQUV0MElMLmpwZzpsYXJnZSIsInRodW1ibmFpbF93aWR0aCI6MTA4MCwidGh1bWJuYWlsX2hlaWdodCI6MTM1MCwiY2FjaGVfYWdlIjo4NjQwMCwib3B0aW9ucyI6eyJfaGlkZV9tZWRpYSI6eyJsYWJlbCI6IkhpZGUgcGhvdG9zLCB2aWRlb3MsIGFuZCBjYXJkcyIsInZhbHVlIjpmYWxzZX0sIl90aGVtZSI6eyJ2YWx1ZSI6IiIsInZhbHVlcyI6eyJkYXJrIjoiVXNlIGRhcmsgdGhlbWUifX0sIl9tYXh3aWR0aCI6eyJ2YWx1ZSI6IiIsImxhYmVsIjoiQWRqdXN0IHdpZHRoIiwicGxhY2Vob2xkZXIiOiIyMjAtNTUwLCBpbiBweCJ9fX0mbHQ7L3NjcmlwdCZndDsmbHQ7L2RpdiZndDs=\">\n                <a data-iframely-url=\"\" href=\"https:\/\/twitter.com\/RimaHas\/status\/1932836944838582672\">https:\/\/twitter.com\/RimaHas\/status\/1932836944838582672<\/a>\n              <\/div>\n<h2>\u00abUna grave violaci\u00f3n de derechos\u00bb<\/h2>\n<p>Seg\u00fan inform\u00f3 Adalah,\u00a0Hassan fue trasladada a la prisi\u00f3n de Neve Tirza y puesta all\u00ed en \u00abaislamiento en condiciones inhumanas\u00bb\u00a0, bajo \u00abinfecciones de chinches y acceso \u00fanicamente a agua corriente no potable\u00bb. \u00abLa trasladaron a una celda peque\u00f1a, sin ventanas y con p\u00e9simas condiciones higi\u00e9nicas, y se le neg\u00f3 el acceso al patio de la prisi\u00f3n\u00bb, dijeron sobre Hassan, quien fue liberada horas m\u00e1s tarde.<\/p>\n<p>En cuanto a <b>\u00c1vila, tambi\u00e9n fue trasladado a otra prisi\u00f3n<\/b>, la de Ayalon (tanto esta c\u00e1rcel como las dos anteriores est\u00e1n en Ramla, cerca de Tel Aviv). El caso del brasile\u00f1o es <b>por la huelga de hambre y sed que inici\u00f3 tras ser detenido por las autoridades israel\u00edes<\/b>, explic\u00f3 Adalah en un comunicado. \u00abTambi\u00e9n fue tratado agresivamente por las autoridades penitenciarias, aunque esto no ha llegado a agresiones f\u00edsicas\u00bb, dice la nota.<\/p>\n<p>\u00abEl aislamiento y el traslado a instalaciones penitenciarias separadas constituyen una grave violaci\u00f3n de los derechos de los voluntarios y <b>un claro intento de ejercer presi\u00f3n psicol\u00f3gica y pol\u00edtica sobre ellos<\/b>\u00ab, plantearon los letrados, exigiendo a las autoridades israel\u00edes que saquen a \u00c1vila del aislamiento, \u00abcesen todas las represalias y liberen inmediatamente a los ocho, ya sea permitiendo su regreso al barco para continuar su misi\u00f3n humanitaria o facilitando su regreso a sus pa\u00edses de origen\u00bb.<\/p>\n<p>Los ocho activistas detenidos en Israel pasaron el martes ante un tribunal que aval\u00f3 su deportaci\u00f3n del pa\u00eds y fij\u00f3 una revisi\u00f3n de la custodia para el 8 de julio en caso de que la deportaci\u00f3n no se produzca antes, explic\u00f3 su equipo jur\u00eddico, que denuncia que el juez penitenciario permiti\u00f3 as\u00ed \u00abextender la detenci\u00f3n arbitrariamente, posiblemente por un mes\u00bb. El ministro de Relaciones Exteriores franc\u00e9s, Jean-No\u00ebl Barrot, anunci\u00f3 en X que los 4 activistas franceses que permanecen detenidos ser\u00e1n expulsados de Israel el jueves y el viernes.\u00a0<\/p>\n<p>Los activistas que permanecen en Israel son Suayb Ordu, de Turqu\u00eda; Mark van Rennes, de Pa\u00edses Bajos; Pascal Maurieras, Reva Viard, Yanis Mhamdi y Rima Hassan, de Francia; Thiago Avila, de Brasil; y Yasemin Acar, de Alemania. Los cuatro que aceptaron la deportaci\u00f3n y ya abandonaron el pa\u00eds son la activista sueca Greta Thunberg; el activista espa\u00f1ol Sergio Toribio, que fue trasladado a Barcelona en un vuelo; y los franceses Omar Faiad (periodista) y Baptiste Andre (activista).<\/p>\n<p>Toribio expres\u00f3 este mi\u00e9rcoles que esperaba una mayor \u00abmovilizaci\u00f3n\u00bb por parte del gobierno de Espa\u00f1a en relaci\u00f3n con las acciones del Madleen. \u00ab\u00bfQu\u00e9 m\u00e1s quisiera yo sino que hubiera hecho algo m\u00e1s?\u00bb, dijo en declaraciones a la agencia Europa Press, aunque volvi\u00f3 a aplaudir los pasos dados por el Ejecutivo a la hora de cancelar la compra millonaria de misiles antitanque para reducir la dependencia tecnol\u00f3gica de Israel.<\/p>\n<p><iframe style=\"border: 0px; position: absolute; top: 0px; left: 0px; height: 100%;\" allowfullscreen=\"\" frameborder=\"0\" src=\"https:\/\/www.youtube.com\/embed\/0eXPzR25vBc\"><\/iframe><\/p>\n<h2>Ayuda a cuentagotas<\/h2>\n<p><b>Los activistas a bordo del barco Madleen se dirig\u00edan a la Franja de Gaza con ayuda humanitaria con el objetivo de romper el bloqueo impuesto por Israel<\/b> al acceso de bienes b\u00e1sicos como comida, alimentos o combustible al enclave. Fueron interceptados por las fuerzas israel\u00edes en la madrugada del lunes, en lo que sus abogados denuncian como aguas internacionales sobre las que Israel no tiene jurisdicci\u00f3n, y el Ej\u00e9rcito escolt\u00f3 al barco hasta el puerto israel\u00ed de Asdod, donde fueron detenidos.<\/p>\n<p>El 2 de marzo Israel lanz\u00f3 un bloqueo total a la entrada de ayuda humanitaria a Gaza, que concluy\u00f3 parcialmente el pasado 19 de mayo con la entrada de algunos camiones cargados, mayoritariamente, con harina y otros alimentos. Sin embargo, las organizaciones internacionales denuncian que<b> la ayuda que ha accedido a Gaza <\/b>desde entonces <b>es muy insuficiente para abastecer a una poblaci\u00f3n de 2,1 millones de personas sometidas a m\u00e1s de un a\u00f1o y medio de guerra<\/b>.<\/p>\n<p><!-- Live Blog Post --><\/div>\n<p><script async src=\"\/\/platform.twitter.com\/widgets.js\" charset=\"utf-8\"><\/script><br \/><a href=\"https:\/\/www.pagina12.com.ar\/833234-israel-puso-en-aislamiento-penitenciario-a-dos-activistas-de\">source<\/a><\/p>\n","protected":false},"excerpt":{"rendered":"<p>Las autoridades israel\u00edes pusieron este mi\u00e9rcoles en aislamiento penitenciario a la eurodiputada francesa Rima Hassan&#8230;<\/p>\n","protected":false},"author":0,"featured_media":198871,"comment_status":"open","ping_status":"open","sticky":false,"template":"","format":"standard","meta":{"footnotes":""},"categories":[60],"tags":[],"class_list":["post-198870","post","type-post","status-publish","format-standard","has-post-thumbnail","hentry","category-internacional"],"featured_image_urls":{"full":["https:\/\/radiofenix.com.ar\/2023\/wp-content\/uploads\/2025\/06\/wp-header-logo-68.png",960,540,false],"thumbnail":["https:\/\/radiofenix.com.ar\/2023\/wp-content\/uploads\/2025\/06\/wp-header-logo-68-150x150.png",150,150,true],"medium":["https:\/\/radiofenix.com.ar\/2023\/wp-content\/uploads\/2025\/06\/wp-header-logo-68-300x169.png",300,169,true],"medium_large":["https:\/\/radiofenix.com.ar\/2023\/wp-content\/uploads\/2025\/06\/wp-header-logo-68-768x432.png",640,360,true],"large":["https:\/\/radiofenix.com.ar\/2023\/wp-content\/uploads\/2025\/06\/wp-header-logo-68.png",640,360,false],"1536x1536":["https:\/\/radiofenix.com.ar\/2023\/wp-content\/uploads\/2025\/06\/wp-header-logo-68.png",960,540,false],"2048x2048":["https:\/\/radiofenix.com.ar\/2023\/wp-content\/uploads\/2025\/06\/wp-header-logo-68.png",960,540,false],"newsium-slider-full":["https:\/\/radiofenix.com.ar\/2023\/wp-content\/uploads\/2025\/06\/wp-header-logo-68.png",960,540,false],"newsium-featured":["https:\/\/radiofenix.com.ar\/2023\/wp-content\/uploads\/2025\/06\/wp-header-logo-68.png",960,540,false],"newsium-medium":["https:\/\/radiofenix.com.ar\/2023\/wp-content\/uploads\/2025\/06\/wp-header-logo-68-720x475.png",720,475,true]},"author_info":{"info":[""]},"category_info":"<a href=\"https:\/\/radiofenix.com.ar\/2023\/category\/internacional\/\" rel=\"category tag\">Internacional<\/a>","tag_info":"Internacional","comment_count":"0","_links":{"self":[{"href":"https:\/\/radiofenix.com.ar\/2023\/wp-json\/wp\/v2\/posts\/198870","targetHints":{"allow":["GET"]}}],"collection":[{"href":"https:\/\/radiofenix.com.ar\/2023\/wp-json\/wp\/v2\/posts"}],"about":[{"href":"https:\/\/radiofenix.com.ar\/2023\/wp-json\/wp\/v2\/types\/post"}],"replies":[{"embeddable":true,"href":"https:\/\/radiofenix.com.ar\/2023\/wp-json\/wp\/v2\/comments?post=198870"}],"version-history":[{"count":0,"href":"https:\/\/radiofenix.com.ar\/2023\/wp-json\/wp\/v2\/posts\/198870\/revisions"}],"wp:featuredmedia":[{"embeddable":true,"href":"https:\/\/radiofenix.com.ar\/2023\/wp-json\/wp\/v2\/media\/198871"}],"wp:attachment":[{"href":"https:\/\/radiofenix.com.ar\/2023\/wp-json\/wp\/v2\/media?parent=198870"}],"wp:term":[{"taxonomy":"category","embeddable":true,"href":"https:\/\/radiofenix.com.ar\/2023\/wp-json\/wp\/v2\/categories?post=198870"},{"taxonomy":"post_tag","embeddable":true,"href":"https:\/\/radiofenix.com.ar\/2023\/wp-json\/wp\/v2\/tags?post=198870"}],"curies":[{"name":"wp","href":"https:\/\/api.w.org\/{rel}","templated":true}]}}