{"id":198872,"date":"2025-06-12T08:58:48","date_gmt":"2025-06-12T08:58:48","guid":{"rendered":"https:\/\/radiofenix.com.ar\/2023\/maximo-kirchner-hoy-en-c5n-a-que-hora-es-la-entrevista\/"},"modified":"2025-06-12T08:58:48","modified_gmt":"2025-06-12T08:58:48","slug":"maximo-kirchner-hoy-en-c5n-a-que-hora-es-la-entrevista","status":"publish","type":"post","link":"https:\/\/radiofenix.com.ar\/2023\/maximo-kirchner-hoy-en-c5n-a-que-hora-es-la-entrevista\/","title":{"rendered":"M\u00e1ximo Kirchner hoy en C5N: a qu\u00e9 hora es la entrevista"},"content":{"rendered":"<div id=\"\">\n<p>Con una sonrisa y vestida con un saco color beige, la l\u00edder peronista salud\u00f3 a quienes a\u00fan acampan frente a su domicilio. La sorpresa fue cuando <a href=\"https:\/\/www.minutouno.com\/politica\/cristina-kirchner-volvio-salir-al-balcon-y-mostro-un-atuendo-particular-mira-n6155662\" target=\"_blank\" rel=\"follow noopener\">mostr\u00f3 un buzo de la Universidad Nacional de La Plata (UNLP)<\/a>, su casa de estudios, un claro gui\u00f1o a su pasado universitario y a los estudiantes de ese lugar que se encontraban all\u00ed.<\/p>\n<p>En este marco, el diputado nacional visita el piso del canal de noticias para hablar sobre la situaci\u00f3n de su madre y principal l\u00edder de la oposici\u00f3n al <strong>Gobierno de Javier Milei<\/strong>.<\/p>\n<p>La entrevista es en el <strong>programa Minuto Uno que conduce Gustavo Sylvestre<\/strong>. El \u00abGato\u00bb recibe a M\u00e1ximo desde las 20 horas.<\/p>\n<div contenteditable=\"false\" class=\"embed_cont type_freetext\" rel=\"freetext\" id=\"embed7821_wrap\" data-provider=\"Twitter\">\n<p>Embed &#8211; https:\/\/publish.twitter.com\/oembed?url=https:\/\/x.com\/C5N\/status\/1932894553624781017&amp;partner=&amp;hide_thread=false<span onclick=\"parent.parent.TinyMCETdcuerpo.preview_embed('embed7821')\" class=\"embed_colapse less\" id=\"embed7821_colapse\"\/><span onclick=\"parent.parent.TinyMCETdcuerpo.delete_embed('embed7821')\" class=\"embed_delete less\" id=\"embed7821_delete\"\/><\/p>\n<\/p><\/div>\n<h2>C\u00f3mo ver en vivo la entrevista a M\u00e1ximo Kirchner en C5N<\/h2>\n<p>La entrevista a M\u00e1ximo Kirchner se puede ver desde las 20 horas por la se\u00f1al de noticias C5N o por el canal de YouTube.<\/p>\n<div contenteditable=\"false\" class=\"embed_cont type_freetext\" rel=\"freetext\" id=\"embed6067_wrap\" data-provider=\"YouTube\">\n<p>Embed &#8211; C5N EN VIVO | El d\u00eda despu\u00e9s del fallo de la Corte contra Cristina Kirchner<span onclick=\"parent.parent.TinyMCETdcuerpo.preview_embed('embed6067')\" class=\"embed_colapse less\" id=\"embed6067_colapse\"\/><span onclick=\"parent.parent.TinyMCETdcuerpo.delete_embed('embed6067')\" class=\"embed_delete less\" id=\"embed6067_delete\"\/><\/p>\n<\/p><\/div>\n<h2>Rechazan el pedido de detenci\u00f3n inmediata de Cristina Kirchner<\/h2>\n<p data-start=\"258\" data-end=\"762\">El juez <strong>Jorge Gorini,<\/strong> integrante del <strong>Tribunal Oral Federal 2<\/strong>, rechaz\u00f3 este mi\u00e9rcoles el pedido de detenci\u00f3n inmediata de <strong>Cristina Kirchner<\/strong> en el marco de la <strong>causa Vialidad,<\/strong> luego de que la <strong>Corte Suprema<\/strong> dejara firmes las condenas contra la expresidenta y otros implicados.<\/p>\n<p data-start=\"258\" data-end=\"762\">La solicitud hab\u00eda sido presentada por los fiscales <strong>Diego Luciani<\/strong> y <strong>Sergio Mola,<\/strong> quienes exig\u00edan que se modifique el plazo dispuesto originalmente para que los condenados se presenten voluntariamente ante la Justicia.<\/p>\n<p data-start=\"764\" data-end=\"1180\">Gorini decidi\u00f3 sostener los t\u00e9rminos ya fijados, por lo que la exmandataria deber\u00e1 comparecer dentro de los pr\u00f3ximos <strong data-start=\"881\" data-end=\"904\">cuatro d\u00edas h\u00e1biles<\/strong>, conforme al cronograma que hab\u00eda estipulado el tribunal tras la confirmaci\u00f3n de la sentencia. El magistrado tambi\u00e9n descart\u00f3 la posibilidad de un arresto inmediato, tal como pretend\u00edan los fiscales, que ped\u00edan actuar de forma urgente<strong> \u201cen virtud de la firmeza de la condena\u201d<\/strong>.<\/p>\n<div contenteditable=\"false\" class=\"embed_cont type_freetext\" rel=\"freetext\" id=\"embed96_wrap\">\n<p> Embed <span onclick=\"parent.parent.TinyMCETdcuerpo.preview_embed('embed96')\" class=\"embed_colapse less\" id=\"embed96_colapse\"\/>  <span onclick=\"parent.parent.TinyMCETdcuerpo.delete_embed('embed96')\" class=\"embed_delete less\" id=\"embed96_delete\"\/><\/p>\n<div id=\"embed96_content\" class=\"embed_content\">\n<div id=\"embed96_embed\">\n<figure class=\"figure\"><a href=\"https:\/\/t.me\/minutounocom\" target=\"_blank\"><img decoding=\"async\" src=\"https:\/\/media.minutouno.com\/adjuntos\/150\/banners\/039\/099\/0039099175.jpg\" class=\"figure-img img-fluid\" style=\"width:100%;height:auto;\"\/><\/a><\/figure>\n<\/p><\/div>\n<\/div><\/div>\n<\/div>\n<p><script async src=\"\/\/platform.twitter.com\/widgets.js\" charset=\"utf-8\"><\/script><br \/><a href=\"https:\/\/www.minutouno.com\/politica\/maximo-kirchner-hoy-c5n-que-hora-es-la-entrevista-n6155711\">source<\/a><\/p>\n","protected":false},"excerpt":{"rendered":"<p>Con una sonrisa y vestida con un saco color beige, la l\u00edder peronista salud\u00f3 a&#8230;<\/p>\n","protected":false},"author":0,"featured_media":198873,"comment_status":"open","ping_status":"open","sticky":false,"template":"","format":"standard","meta":{"footnotes":""},"categories":[2],"tags":[],"class_list":["post-198872","post","type-post","status-publish","format-standard","has-post-thumbnail","hentry","category-politica"],"featured_image_urls":{"full":["https:\/\/radiofenix.com.ar\/2023\/wp-content\/uploads\/2025\/06\/wp-header-logo-69.png",730,100,false],"thumbnail":["https:\/\/radiofenix.com.ar\/2023\/wp-content\/uploads\/2025\/06\/wp-header-logo-69-150x100.png",150,100,true],"medium":["https:\/\/radiofenix.com.ar\/2023\/wp-content\/uploads\/2025\/06\/wp-header-logo-69-300x41.png",300,41,true],"medium_large":["https:\/\/radiofenix.com.ar\/2023\/wp-content\/uploads\/2025\/06\/wp-header-logo-69.png",640,88,false],"large":["https:\/\/radiofenix.com.ar\/2023\/wp-content\/uploads\/2025\/06\/wp-header-logo-69.png",640,88,false],"1536x1536":["https:\/\/radiofenix.com.ar\/2023\/wp-content\/uploads\/2025\/06\/wp-header-logo-69.png",730,100,false],"2048x2048":["https:\/\/radiofenix.com.ar\/2023\/wp-content\/uploads\/2025\/06\/wp-header-logo-69.png",730,100,false],"newsium-slider-full":["https:\/\/radiofenix.com.ar\/2023\/wp-content\/uploads\/2025\/06\/wp-header-logo-69.png",730,100,false],"newsium-featured":["https:\/\/radiofenix.com.ar\/2023\/wp-content\/uploads\/2025\/06\/wp-header-logo-69.png",730,100,false],"newsium-medium":["https:\/\/radiofenix.com.ar\/2023\/wp-content\/uploads\/2025\/06\/wp-header-logo-69-720x100.png",720,100,true]},"author_info":{"info":[""]},"category_info":"<a href=\"https:\/\/radiofenix.com.ar\/2023\/category\/politica\/\" rel=\"category tag\">Pol\u00edtica<\/a>","tag_info":"Pol\u00edtica","comment_count":"0","_links":{"self":[{"href":"https:\/\/radiofenix.com.ar\/2023\/wp-json\/wp\/v2\/posts\/198872","targetHints":{"allow":["GET"]}}],"collection":[{"href":"https:\/\/radiofenix.com.ar\/2023\/wp-json\/wp\/v2\/posts"}],"about":[{"href":"https:\/\/radiofenix.com.ar\/2023\/wp-json\/wp\/v2\/types\/post"}],"replies":[{"embeddable":true,"href":"https:\/\/radiofenix.com.ar\/2023\/wp-json\/wp\/v2\/comments?post=198872"}],"version-history":[{"count":0,"href":"https:\/\/radiofenix.com.ar\/2023\/wp-json\/wp\/v2\/posts\/198872\/revisions"}],"wp:featuredmedia":[{"embeddable":true,"href":"https:\/\/radiofenix.com.ar\/2023\/wp-json\/wp\/v2\/media\/198873"}],"wp:attachment":[{"href":"https:\/\/radiofenix.com.ar\/2023\/wp-json\/wp\/v2\/media?parent=198872"}],"wp:term":[{"taxonomy":"category","embeddable":true,"href":"https:\/\/radiofenix.com.ar\/2023\/wp-json\/wp\/v2\/categories?post=198872"},{"taxonomy":"post_tag","embeddable":true,"href":"https:\/\/radiofenix.com.ar\/2023\/wp-json\/wp\/v2\/tags?post=198872"}],"curies":[{"name":"wp","href":"https:\/\/api.w.org\/{rel}","templated":true}]}}