{"id":198882,"date":"2025-06-13T08:59:05","date_gmt":"2025-06-13T08:59:05","guid":{"rendered":"https:\/\/radiofenix.com.ar\/2023\/elon-musk-se-retracto-de-sus-criticas-a-trump\/"},"modified":"2025-06-13T08:59:05","modified_gmt":"2025-06-13T08:59:05","slug":"elon-musk-se-retracto-de-sus-criticas-a-trump","status":"publish","type":"post","link":"https:\/\/radiofenix.com.ar\/2023\/elon-musk-se-retracto-de-sus-criticas-a-trump\/","title":{"rendered":"Elon Musk se retract\u00f3 de sus cr\u00edticas a Trump"},"content":{"rendered":"<div><!-- Body --><\/p>\n<p>El magnate <b><a href=\"https:\/\/www.pagina12.com.ar\/832175-elon-musk-borro-los-tuits-en-los-que-acusaba-a-trump-de-esta\">Elon Musk<\/a> se mostr\u00f3 este mi\u00e9rcoles arrepentido de algunas de las publicaciones que difundi\u00f3 en redes sociales contra<\/b> el presidente de Estados Unidos, <a href=\"https:\/\/www.pagina12.com.ar\/831953-la-tercera-guerra-mundial-sobre-el-escritorio\"><b>Donald Trump<\/b><\/a>, de quien hab\u00eda sido uno de sus mayores aliados pol\u00edticos desde su llegada a la Casa Blanca, el pasado 20 de enero.<\/p>\n<p>\u00abLamento algunas de mis publicaciones sobre el presidente Donald Trump de la semana pasada. <b>Fueron demasiado lejos\u00bb<\/b>, indic\u00f3 Musk en la red social X. El fin de semana hab\u00eda borrado el posteo en el que acusaba a Trump de estar vinculado con el financiero Jeffrey Epstein, acusado de delitos sexuales y quien se suicid\u00f3 en prisi\u00f3n en 2019. \u00abHora de lanzar la verdadera gran bomba: Trump est\u00e1 en el expediente Epstein\u00bb, habia escrito Musk, en el punto m\u00e1s \u00e1lgido del pleito con el mandatario. \u00abEsta es la verdadera raz\u00f3n por la cual no se han hecho p\u00fablicos\u00bb, agreg\u00f3.<\/p>\n<div class=\"iframely-embed medium-embedded-content\" data-html=\"Jmx0O2Jsb2NrcXVvdGUgY2xhc3M9InR3aXR0ZXItdHdlZXQiIGRhdGEtZG50PSJ0cnVlIiBhbGlnbj0iY2VudGVyIiZndDsmbHQ7cCBsYW5nPSJlbiIgZGlyPSJsdHIiJmd0O0kgcmVncmV0IHNvbWUgb2YgbXkgcG9zdHMgYWJvdXQgUHJlc2lkZW50ICZsdDthIGhyZWY9Imh0dHBzOi8vdHdpdHRlci5jb20vcmVhbERvbmFsZFRydW1wP3JlZl9zcmM9dHdzcmMlNUV0ZnciJmd0O0ByZWFsRG9uYWxkVHJ1bXAmbHQ7L2EmZ3Q7IGxhc3Qgd2Vlay4gVGhleSB3ZW50IHRvbyBmYXIuJmx0Oy9wJmd0OyZhbXA7bWRhc2g7IEVsb24gTXVzayAoQGVsb25tdXNrKSAmbHQ7YSBocmVmPSJodHRwczovL3R3aXR0ZXIuY29tL2Vsb25tdXNrL3N0YXR1cy8xOTMyNjk1NDg2Njg0OTUwOTYyP3JlZl9zcmM9dHdzcmMlNUV0ZnciJmd0O0p1bmUgMTEsIDIwMjUmbHQ7L2EmZ3Q7Jmx0Oy9ibG9ja3F1b3RlJmd0OwombHQ7c2NyaXB0IGFzeW5jIHNyYz0iaHR0cHM6Ly9wbGF0Zm9ybS50d2l0dGVyLmNvbS93aWRnZXRzLmpzIiBjaGFyc2V0PSJ1dGYtOCImZ3Q7Jmx0Oy9zY3JpcHQmZ3Q7CgombHQ7ZGl2IGNsYXNzPSJtZWRpdW0taW5zZXJ0LWVtYmVkcy1tZXRhIiZndDsmbHQ7c2NyaXB0IHR5cGU9InRleHQvanNvbiImZ3Q7eyJ1cmwiOiJodHRwczovL3R3aXR0ZXIuY29tL2Vsb25tdXNrL3N0YXR1cy8xOTMyNjk1NDg2Njg0OTUwOTYyIiwidHlwZSI6InJpY2giLCJ2ZXJzaW9uIjoiMS4wIiwidGl0bGUiOiJFbG9uIE11c2sgb24gVHdpdHRlciAvIFgiLCJhdXRob3IiOiJFbG9uIE11c2siLCJhdXRob3JfdXJsIjoiaHR0cHM6Ly90d2l0dGVyLmNvbS9lbG9ubXVzayIsInByb3ZpZGVyX25hbWUiOiJUd2l0dGVyIiwiZGVzY3JpcHRpb24iOiJJIHJlZ3JldCBzb21lIG9mIG15IHBvc3RzIGFib3V0IFByZXNpZGVudCBAcmVhbERvbmFsZFRydW1wIGxhc3Qgd2Vlay4gVGhleSB3ZW50IHRvbyBmYXIu4oCUIEVsb24gTXVzayAoQGVsb25tdXNrKSBKdW5lIDExLCAyMDI1XG5cblxuIiwiY2FjaGVfYWdlIjo4NjQwMCwib3B0aW9ucyI6eyJfdGhlbWUiOnsidmFsdWUiOiIiLCJ2YWx1ZXMiOnsiZGFyayI6IlVzZSBkYXJrIHRoZW1lIn19LCJfbWF4d2lkdGgiOnsidmFsdWUiOiIiLCJsYWJlbCI6IkFkanVzdCB3aWR0aCIsInBsYWNlaG9sZGVyIjoiMjIwLTU1MCwgaW4gcHgifX19Jmx0Oy9zY3JpcHQmZ3Q7Jmx0Oy9kaXYmZ3Q7\">\n                <a data-iframely-url=\"\" href=\"https:\/\/twitter.com\/elonmusk\/status\/1932695486684950962\">https:\/\/twitter.com\/elonmusk\/status\/1932695486684950962<\/a>\n              <\/div>\n<p>Musk no revel\u00f3 los documentos de los que hablaba y no brind\u00f3 evidencia de su acusaci\u00f3n. Inicialmente, redobl\u00f3 la apuesta con un segundo mensaje: \u00abConserven este posteo para el futuro. La verdad saldr\u00e1 a la luz\u00bb. Pero en alg\u00fan momento del s\u00e1bado por la ma\u00f1ana, el due\u00f1o de Tesla borr\u00f3 sus posteos.<\/p>\n<p>En paralelo al reciente arrepentimiento de Musk, <b>el presidente estadounidense dio a entender que estar\u00eda dispuesto a reconciliarse<\/b> con su otrora mano derecha y mayor donante en la \u00faltima campa\u00f1a electoral. Preguntado sobre la posibilidad de una conversaci\u00f3n con Musk en el podcast de la columnista Miranda Devine, Trump respondi\u00f3: \u201cSupongo que podr\u00eda, pero tenemos que enderezar el pa\u00eds, y mi \u00fanica funci\u00f3n ahora es que Estados Unidos vuelva a un nivel superior al que ha tenido nunca\u201d. Y agreg\u00f3: \u00abNo s\u00e9 cu\u00e1l es el problema de Elon Musk, la verdad. No lo s\u00e9. No he pensado mucho en \u00e9l \u00faltimamente\u00bb.<\/p>\n<h2>\u00abTen\u00edamos una gran relaci\u00f3n\u00bb<\/h2>\n<p>El desencadenante de la pelea de magnates fue la decepci\u00f3n expresada por Trump sobre las cr\u00edticas recibidas por parte de Musk a su plan fiscal y presupuestario, que ha sido aprobado por la C\u00e1mara Baja. <b>\u00abElon y yo ten\u00edamos una gran relaci\u00f3n. No s\u00e9 si seguir\u00e1 as\u00ed. Me sorprendi\u00f3<\/b>. (&#8230;) Estoy muy decepcionado porque Elon sab\u00eda los pormenores del proyecto de ley mejor que nadie\u00bb, dijo Trump ante la prensa.<\/p>\n<p>Musk hab\u00eda calificado esta semana de <b>\u00ababominaci\u00f3n repugnante\u00bb<\/b> dicho plan, que seg\u00fan la Oficina Presupuestaria del Congreso estadounidense, una entidad no partidista, sumar\u00e1 a la deuda en la pr\u00f3xima d\u00e9cada 2,4 billones de d\u00f3lares.<\/p>\n<p>Musk recurri\u00f3 a X para dar su versi\u00f3n de los hechos. Ah\u00ed desminti\u00f3 que estuviera al tanto del contenido de esa propuesta en su tiempo al frente del Departamento de Eficiencia Gubernamental (DOGE), puesto que dej\u00f3 hace dos semanas, y critic\u00f3 de hecho que ese plan fuera aprobado en plena noche por la C\u00e1mara Baja, \u00abtan r\u00e1pido que casi nadie en el Congreso pudo siquiera leerlo\u00bb.<\/p>\n<p>La escalada de su cruzada verbal pas\u00f3 despu\u00e9s a sus respectivas redes, X y Truth Social, donde a lo largo del d\u00eda uno y otro se fueron contestando y elevando el tono. \u00abLa manera m\u00e1s f\u00e1cil de ahorrar miles de millones de d\u00f3lares en nuestro presupuesto es cancelar los subsidios y contratos gubernamentales de Elon. \u00a1Siempre me sorprendi\u00f3 que (Joe) Biden no lo hiciera!\u00bb, se\u00f1al\u00f3 Trump en referencia a su antecesor dem\u00f3crata (2021-2025).<\/p>\n<h2>Los contratos<\/h2>\n<p><b>SpaceX es la empresa controlada por Musk con los contratos m\u00e1s jugosos con el Gobierno<\/b>: en abril obtuvo uno por valor de 5.900 millones de d\u00f3lares con la Fuerza Espacial para el lanzamiento de sat\u00e9lites y misiones durante los pr\u00f3ximos cinco a\u00f1os y en 2021 la NASA le adjudic\u00f3 otro de 2.890 millones para desarrollar la nave lunar Starship HLS y realizar dos vuelos.<\/p>\n<p>Musk se adelant\u00f3 a la amenaza del l\u00edder republicano y anunci\u00f3 su decisi\u00f3n de desmantelar su aeronave Dragon, de la que Estados Unidos depende para transportar personal y objetos hacia la Estaci\u00f3n Espacial Internacional (EEI). Tambi\u00e9n acus\u00f3 de ingrato a Trump y consider\u00f3 que sin su apoyo este habr\u00eda perdido las elecciones de 2024, para cuya campa\u00f1a aport\u00f3 unos 250 millones.<\/p>\n<p>El magnate asegur\u00f3 que la intenci\u00f3n de eliminar el cr\u00e9dito fiscal para autos el\u00e9ctricos no es la raz\u00f3n por la que decidi\u00f3 dejar la Casa Blanca. Pero de nuevo de forma p\u00fablica, Trump ofreci\u00f3 otra versi\u00f3n de los hechos. \u00abElon se estaba desgastando, le ped\u00ed que se fuera, le quit\u00e9 su Mandato de Veh\u00edculos El\u00e9ctricos que obligaba a todos a comprar autos el\u00e9ctricos que nadie m\u00e1s quer\u00eda (\u00a1eso que \u00e9l sab\u00eda desde hac\u00eda meses que iba a hacer!) \u00a1y simplemente se volvi\u00f3 loco!\u00bb, dijo.<\/p>\n<p>El ultraderechista <b>Steve Bannon<\/b>, asesor de Trump durante su primer mandato (2017-2021), redobl\u00f3 la apuesta y <b>pidi\u00f3 deportar a Musk <\/b>&#8211;de nacionalidad sudafricana, canadiense y estadounidense&#8211; y confiscar su empresa SpaceX. \u00abDeber\u00edan iniciar una investigaci\u00f3n formal sobre su estatus migratorio, porque creo firmemente que es un migrante irregular y que deber\u00eda ser deportado del pa\u00eds de inmediato\u00bb, indic\u00f3 en declaraciones recogidas por los medios estadounidenses.<\/p>\n<p>A esto hay que sumarle que un funcionario del gobierno dijo a la prensa local que el mandatario estaba considerando vender o incluso regalar el auto el\u00e9ctrico Tesla que compr\u00f3 durante el evento que organiz\u00f3 en la Casa Blanca en marzo para apoyar a la empresa de autos el\u00e9ctricos del sudafricano en medio de ataques a concesionarios, junto a ca\u00eddas en los ingresos y la bolsa.<\/p>\n<p><!-- Live Blog Post --><\/div>\n<p><script async src=\"\/\/platform.twitter.com\/widgets.js\" charset=\"utf-8\"><\/script><br \/><a href=\"https:\/\/www.pagina12.com.ar\/833235-elon-musk-se-retracto-de-sus-criticas-a-trump\">source<\/a><\/p>\n","protected":false},"excerpt":{"rendered":"<p>El magnate Elon Musk se mostr\u00f3 este mi\u00e9rcoles arrepentido de algunas de las publicaciones que&#8230;<\/p>\n","protected":false},"author":0,"featured_media":198883,"comment_status":"open","ping_status":"open","sticky":false,"template":"","format":"standard","meta":{"footnotes":""},"categories":[60],"tags":[],"class_list":["post-198882","post","type-post","status-publish","format-standard","has-post-thumbnail","hentry","category-internacional"],"featured_image_urls":{"full":["https:\/\/radiofenix.com.ar\/2023\/wp-content\/uploads\/2025\/06\/wp-header-logo-74.png",960,540,false],"thumbnail":["https:\/\/radiofenix.com.ar\/2023\/wp-content\/uploads\/2025\/06\/wp-header-logo-74-150x150.png",150,150,true],"medium":["https:\/\/radiofenix.com.ar\/2023\/wp-content\/uploads\/2025\/06\/wp-header-logo-74-300x169.png",300,169,true],"medium_large":["https:\/\/radiofenix.com.ar\/2023\/wp-content\/uploads\/2025\/06\/wp-header-logo-74-768x432.png",640,360,true],"large":["https:\/\/radiofenix.com.ar\/2023\/wp-content\/uploads\/2025\/06\/wp-header-logo-74.png",640,360,false],"1536x1536":["https:\/\/radiofenix.com.ar\/2023\/wp-content\/uploads\/2025\/06\/wp-header-logo-74.png",960,540,false],"2048x2048":["https:\/\/radiofenix.com.ar\/2023\/wp-content\/uploads\/2025\/06\/wp-header-logo-74.png",960,540,false],"newsium-slider-full":["https:\/\/radiofenix.com.ar\/2023\/wp-content\/uploads\/2025\/06\/wp-header-logo-74.png",960,540,false],"newsium-featured":["https:\/\/radiofenix.com.ar\/2023\/wp-content\/uploads\/2025\/06\/wp-header-logo-74.png",960,540,false],"newsium-medium":["https:\/\/radiofenix.com.ar\/2023\/wp-content\/uploads\/2025\/06\/wp-header-logo-74-720x475.png",720,475,true]},"author_info":{"info":[""]},"category_info":"<a href=\"https:\/\/radiofenix.com.ar\/2023\/category\/internacional\/\" rel=\"category tag\">Internacional<\/a>","tag_info":"Internacional","comment_count":"0","_links":{"self":[{"href":"https:\/\/radiofenix.com.ar\/2023\/wp-json\/wp\/v2\/posts\/198882","targetHints":{"allow":["GET"]}}],"collection":[{"href":"https:\/\/radiofenix.com.ar\/2023\/wp-json\/wp\/v2\/posts"}],"about":[{"href":"https:\/\/radiofenix.com.ar\/2023\/wp-json\/wp\/v2\/types\/post"}],"replies":[{"embeddable":true,"href":"https:\/\/radiofenix.com.ar\/2023\/wp-json\/wp\/v2\/comments?post=198882"}],"version-history":[{"count":0,"href":"https:\/\/radiofenix.com.ar\/2023\/wp-json\/wp\/v2\/posts\/198882\/revisions"}],"wp:featuredmedia":[{"embeddable":true,"href":"https:\/\/radiofenix.com.ar\/2023\/wp-json\/wp\/v2\/media\/198883"}],"wp:attachment":[{"href":"https:\/\/radiofenix.com.ar\/2023\/wp-json\/wp\/v2\/media?parent=198882"}],"wp:term":[{"taxonomy":"category","embeddable":true,"href":"https:\/\/radiofenix.com.ar\/2023\/wp-json\/wp\/v2\/categories?post=198882"},{"taxonomy":"post_tag","embeddable":true,"href":"https:\/\/radiofenix.com.ar\/2023\/wp-json\/wp\/v2\/tags?post=198882"}],"curies":[{"name":"wp","href":"https:\/\/api.w.org\/{rel}","templated":true}]}}