{"id":198884,"date":"2025-06-13T08:59:08","date_gmt":"2025-06-13T08:59:08","guid":{"rendered":"https:\/\/radiofenix.com.ar\/2023\/contratiempo-de-javier-milei-en-israel-jovenes-propalestinos-intentan-agredirlo\/"},"modified":"2025-06-13T08:59:08","modified_gmt":"2025-06-13T08:59:08","slug":"contratiempo-de-javier-milei-en-israel-jovenes-propalestinos-intentan-agredirlo","status":"publish","type":"post","link":"https:\/\/radiofenix.com.ar\/2023\/contratiempo-de-javier-milei-en-israel-jovenes-propalestinos-intentan-agredirlo\/","title":{"rendered":"Contratiempo de Javier Milei en Israel: j\u00f3venes propalestinos intentan agredirlo"},"content":{"rendered":"<div id=\"\">\n<p><strong>\u00abArgentina e Israel son focos de luz en un mundo oscurecido por las tinieblas. Tenemos que estar hermanados en esta lucha\u00bb<\/strong>, declar\u00f3 Milei durante la ceremonia donde Netanyahu destac\u00f3 la amistad que lo une con el mandatario argentino.<\/p>\n<h2>Momentos tensos en la gira de Javier Milei por Israel<\/h2>\n<p>Sin embargo, no todos fueron momentos de tranquilidad para el Presidente de la eterna gira internacional, ya que activistas con la bandera de Palestina se abalanzaron sobre la comitiva en la que iba Milei <strong>para exhibir su descontento con las pol\u00edticas de exterminio implementadas por el gobierno israel\u00ed sobre la Franja de Gaza<\/strong>.<\/p>\n<p>Para Daniel Parisini, el libertario conocido como Gordo Dan que public\u00f3 el video en redes sociales, se trat\u00f3 de <strong>\u201csimpatizantes del Movimiento de Resistencia Isl\u00e1mica (o sea Ham\u00e1s)\u201d que intentaba \u201catacar al presidente Milei\u201d<\/strong>, cuando fueron r\u00e1pidamente repelidos por la seguridad.<\/p>\n<p>\u201cSimpatizantes del Movimiento de Resistencia Isl\u00e1mica (o sea Ham\u00e1s) ACABAN DE ATACAR al presidente Milei <strong>por defender la agenda de la libertad en el mundo y condenar la agenda de los terroristas violadores y asesinos<\/strong>. <strong>Avance y NO PARE Estado amigo de Israel\u201d<\/strong>, escribi\u00f3 el militante libertario para acompa\u00f1ar las im\u00e1genes.<\/p>\n<p>En ellas puede verse c\u00f3mo dos hombres <strong>j\u00f3venes munidos con la bandera de Palestina intentan saltar las vallas cuando el jefe de Estado argentino bajaba del veh\u00edculo oficial para completar su agenda<\/strong>, pero son r\u00e1pidamente interceptados por la guardia asignada a Milei, sin que los individuos pudieran acercarse ni la supuesta agresi\u00f3n concretarse.<\/p>\n<div contenteditable=\"false\" class=\"embed_cont type_video\" id=\"8087717-1958369773_wrap\">\n<p>israel activistas palestinos.mp4 <span onclick=\"parent.parent.TinyMCETdcuerpo.preview_embed('8087717-1958369773')\" class=\"embed_colapse less\" id=\"8087717-1958369773_colapse\"\/>  <span onclick=\"parent.parent.TinyMCETdcuerpo.delete_embed('8087717-1958369773')\" class=\"embed_delete less\" id=\"8087717-1958369773_delete\"\/><\/p>\n<\/p><\/div>\n<h2>El aliado \u00abdem\u00f3crata\u00bb de Javier Milei: Benjam\u00edn Netanyahu<\/h2>\n<p>En noviembre del a\u00f1o pasado, la Corte Penal Internacional (CPI) emiti\u00f3 una <strong>orden de arresto contra el primer ministro Benjam\u00edn Netanyahu y su exministro de Defensa, Yoav Gallant<\/strong>, as\u00ed como contra el comandante de Hamas Mohammed Mohammed Deif (presuntamente muerto), por <strong>cargos que incluyen cr\u00edmenes de guerra y contra la humanidad cometidos durante el conflicto entre Israel y Ham\u00e1s<\/strong>, iniciado el 7 de octubre de 2023.<\/p>\n<p>Los jueces indicaron entonces haber encontrado \u201cmotivos razonables\u201d para creer que Netanyahu y Gallant \u201cson responsables penalmente de los siguientes cr\u00edmenes como coautores por haber cometido los actos conjuntamente con otros: <strong>el crimen de guerra de hacer morir de hambre como m\u00e9todo de guerra; y los cr\u00edmenes de lesa humanidad de asesinato, persecuci\u00f3n y otros actos inhumanos<\/strong>\u201d.<\/p>\n<\/div>\n<p><a href=\"https:\/\/www.minutouno.com\/politica\/contratiempo-javier-milei-israel-jovenes-propalestinos-intentan-agredirlo-n6156209\">source<\/a><\/p>\n","protected":false},"excerpt":{"rendered":"<p>\u00abArgentina e Israel son focos de luz en un mundo oscurecido por las tinieblas. Tenemos&#8230;<\/p>\n","protected":false},"author":0,"featured_media":198885,"comment_status":"open","ping_status":"open","sticky":false,"template":"","format":"standard","meta":{"footnotes":""},"categories":[2],"tags":[],"class_list":["post-198884","post","type-post","status-publish","format-standard","has-post-thumbnail","hentry","category-politica"],"featured_image_urls":{"full":["https:\/\/radiofenix.com.ar\/2023\/wp-content\/uploads\/2025\/06\/wp-header-logo-75.png",1200,675,false],"thumbnail":["https:\/\/radiofenix.com.ar\/2023\/wp-content\/uploads\/2025\/06\/wp-header-logo-75-150x150.png",150,150,true],"medium":["https:\/\/radiofenix.com.ar\/2023\/wp-content\/uploads\/2025\/06\/wp-header-logo-75-300x169.png",300,169,true],"medium_large":["https:\/\/radiofenix.com.ar\/2023\/wp-content\/uploads\/2025\/06\/wp-header-logo-75-768x432.png",640,360,true],"large":["https:\/\/radiofenix.com.ar\/2023\/wp-content\/uploads\/2025\/06\/wp-header-logo-75-1024x576.png",640,360,true],"1536x1536":["https:\/\/radiofenix.com.ar\/2023\/wp-content\/uploads\/2025\/06\/wp-header-logo-75.png",1200,675,false],"2048x2048":["https:\/\/radiofenix.com.ar\/2023\/wp-content\/uploads\/2025\/06\/wp-header-logo-75.png",1200,675,false],"newsium-slider-full":["https:\/\/radiofenix.com.ar\/2023\/wp-content\/uploads\/2025\/06\/wp-header-logo-75.png",1200,675,false],"newsium-featured":["https:\/\/radiofenix.com.ar\/2023\/wp-content\/uploads\/2025\/06\/wp-header-logo-75-1024x576.png",1024,576,true],"newsium-medium":["https:\/\/radiofenix.com.ar\/2023\/wp-content\/uploads\/2025\/06\/wp-header-logo-75-720x475.png",720,475,true]},"author_info":{"info":[""]},"category_info":"<a href=\"https:\/\/radiofenix.com.ar\/2023\/category\/politica\/\" rel=\"category tag\">Pol\u00edtica<\/a>","tag_info":"Pol\u00edtica","comment_count":"0","_links":{"self":[{"href":"https:\/\/radiofenix.com.ar\/2023\/wp-json\/wp\/v2\/posts\/198884","targetHints":{"allow":["GET"]}}],"collection":[{"href":"https:\/\/radiofenix.com.ar\/2023\/wp-json\/wp\/v2\/posts"}],"about":[{"href":"https:\/\/radiofenix.com.ar\/2023\/wp-json\/wp\/v2\/types\/post"}],"replies":[{"embeddable":true,"href":"https:\/\/radiofenix.com.ar\/2023\/wp-json\/wp\/v2\/comments?post=198884"}],"version-history":[{"count":0,"href":"https:\/\/radiofenix.com.ar\/2023\/wp-json\/wp\/v2\/posts\/198884\/revisions"}],"wp:featuredmedia":[{"embeddable":true,"href":"https:\/\/radiofenix.com.ar\/2023\/wp-json\/wp\/v2\/media\/198885"}],"wp:attachment":[{"href":"https:\/\/radiofenix.com.ar\/2023\/wp-json\/wp\/v2\/media?parent=198884"}],"wp:term":[{"taxonomy":"category","embeddable":true,"href":"https:\/\/radiofenix.com.ar\/2023\/wp-json\/wp\/v2\/categories?post=198884"},{"taxonomy":"post_tag","embeddable":true,"href":"https:\/\/radiofenix.com.ar\/2023\/wp-json\/wp\/v2\/tags?post=198884"}],"curies":[{"name":"wp","href":"https:\/\/api.w.org\/{rel}","templated":true}]}}