{"id":198886,"date":"2025-06-13T08:59:10","date_gmt":"2025-06-13T08:59:10","guid":{"rendered":"https:\/\/radiofenix.com.ar\/2023\/la-primera-derrota-del-feminismo-en-la-primavera-alfonsinista\/"},"modified":"2025-06-13T08:59:10","modified_gmt":"2025-06-13T08:59:10","slug":"la-primera-derrota-del-feminismo-en-la-primavera-alfonsinista","status":"publish","type":"post","link":"https:\/\/radiofenix.com.ar\/2023\/la-primera-derrota-del-feminismo-en-la-primavera-alfonsinista\/","title":{"rendered":"La primera derrota del feminismo en la primavera alfonsinista"},"content":{"rendered":"<div><!-- Body --><\/p>\n<p>La <b>militancia en el feminismo y la cuesti\u00f3n de g\u00e9nero<\/b> fue el eje del segundo d\u00eda de las<a href=\"https:\/\/www.pagina12.com.ar\/832562-comienza-el-primer-congreso-academico-sobre-maria-elena-wals\">\u00a0\u00ab<b>Jornadas Acad\u00e9micas Nacionales Mar\u00eda Elena Walsh. La ruptura<\/b><\/a>\u00ab, que comenzaron este martes en la Biblioteca Nacional. Uno de los conversatorios del mi\u00e9rcoles gir\u00f3 en torno a <b><i>La cigarra<\/i>,<\/b> el programa televisivo que Walsh condujo junto a <b>Susana Rinaldi y Mar\u00eda Herminia Avellaneda, <\/b>precursor en su tipo. En un fragmento de sus cuadernos \u00edntimos, compartido durante esta charla, la poeta, novelista, escritora, dramaturga y cantautora escribi\u00f3 que con el programa quer\u00eda <b>\u00absacar a las mujeres de bajo la tierra, verlas en su belleza llenas de fuerza y dolores callados\u00bb.<\/b><\/p>\n<p>La escritora y fil\u00f3sofa <b>Tamara Tenembaum<\/b>; la acad\u00e9mica y especialista en g\u00e9nero <b>Diana Maff\u00eda<\/b>; la productora period\u00edstica de <i>La cigarra<\/i>, <b>Cristina Noble<\/b>; la escritora <b>Leticia Manauta<\/b>;<b>\u00a0<\/b>y la actriz y militante feminista <b>Mar\u00eda In\u00e9s Aldaburu<\/b> compartieron el conversatorio <b>\u00abLa cigarra y la primera derrota del feminismo en la primavera alfonsinista\u00bb<\/b>, moderado por\u00a0Graciela Garc\u00eda Romero, presidenta de la Fundaci\u00f3n Mar\u00eda Elena Walsh. Todas ellas expusieron su perspectiva acerca del programa de 1984 conducido por tres mujeres en una franja horaria prime time, que dur\u00f3 apenas seis meses al aire en el viejo canal 11.\u00a0<b>Lidia Borda<\/b> aport\u00f3 el cierre musical, con dos tangos con letra de MEW, \u00abCanci\u00f3n del caminante\u00bb y una versi\u00f3n de \u201cEsta noche me emborracho\u201d, bajo el nombre \u201cEsta noche lavo ropa\u201d.<\/p>\n<p>Luego de que se viera un video con distintos momentos de<i> La cigarra<\/i>, cont\u00f3 Garc\u00eda Romero que esta fue la primera mesa que so\u00f1\u00f3 cuando imagin\u00f3 las jornadas, porque \u00abMar\u00eda Elena para hacer este programa pone todo sobre la mesa, su cuerpo y su alma; <b>todo su horizonte feminista al servicio de la mujer an\u00f3nima<\/b> que naturalmente prende la televisi\u00f3n\u00bb. Tras el diagn\u00f3stico de c\u00e1ncer \u00f3seo en 1981, la vida le dio una \u00absegunda oportunidad\u00bb. \u00abLuego de curarse hace en simult\u00e1neo varias cosas en este per\u00edodo: se arremanga y empieza a devolver a la sociedad todo lo que le hab\u00eda dado. Empieza una <b>etapa de gesti\u00f3n<\/b>\u00ab, resumi\u00f3 Garc\u00eda Romero. Esta etapa incluy\u00f3 su defensa de los derechos de autor en SADAIC, su participaci\u00f3n en el Consejo para la Democracia, y <i>La cigarra<\/i>, que era para MEW un \u00abbichito del se\u00f1or, un regalo\u00bb.<\/p>\n<p><b>La cantante ya hab\u00eda tenido experiencias en medios. <\/b>Hab\u00eda renunciado al programa <i>La gallina verde<\/i> (Radio Belgrano), en el que era columnista en los setenta, por burlas de sus colegas a una referente feminista a la que hab\u00eda invitado. <i>La cigarra<\/i> comenz\u00f3 a emitirse en <b>enero de 1984.<\/b> \u00abAcaba de terminar la dictadura. Ellas salen al ruedo realmente en el borde, el comienzo. Una de las asignaturas era una sociedad que ten\u00eda que enderezarse, porque estaba <b>un gobierno al que le interesaba bastante poco el tema de g\u00e9nero, <\/b>como Mar\u00eda Elena hab\u00eda notado\u00bb, repas\u00f3\u00a0Garc\u00eda Romero. \u00abEs un esfuerzo f\u00edsico inmenso para una persona que reci\u00e9n se estaba rehabilitando ir todos los d\u00edas al canal. Por un lado, pertenece al sector de intelectuales que apoya sin cortapisas al gobierno alfonsinista, porque significa la aventura de un gobierno no peronista -eso la entusiasma- y que tiene que restablecer las libertades democr\u00e1ticas. Pero tambi\u00e9n se enrola en el sector que apoya la responsabilidad hist\u00f3rica de levantar la tapa de la olla de la peor pesadilla que vivi\u00f3 nuestro pa\u00eds, la violaci\u00f3n de los derechos humanos\u00bb, contextualiz\u00f3. \u00abHab\u00eda que apurarse a resolver los problemas econ\u00f3micos y sociales, es decir, <b>reconstruir las miserias dictatoriales<\/b> y, por \u00faltimo y tal vez lo primero, <b>posicionar a la mujer<\/b>.\u00bb<\/p>\n<p>Continu\u00f3 Garc\u00eda Romero, en alusi\u00f3n al video que se hab\u00eda visto: \u00ab<b>Es un living donde est\u00e1n reunidas nuestras abuelas, pero est\u00e1n hablando con nuestras voces<\/b>; hay un anacronismo. Las vemos en una escenograf\u00eda antigua y sin embargo casi ser\u00edan nuestras voces. Estas abuelas rompieron el estereotipo, con una agenda a la que las mujeres no asomaban las narices porque no las dejaban\u00bb. Destac\u00f3 el \u00abgran <b>marco cultural<\/b>\u00bb que conten\u00eda el programa, as\u00ed como tambi\u00e9n su \u00ab<b>planteo est\u00e9tico<\/b>\u00ab.<\/p>\n<p>A su turno,\u00a0Aldaburu\u00a0contrast\u00f3: \u00abEn ese momento en que el feminismo era minoritario, estigmatizado y despreciado por las elites intelectuales y pol\u00edticas <b>hab\u00eda un programa feminista en la televisi\u00f3n abierta. Hoy, masivo el feminismo, no lo hay<\/b>\u00ab. Plante\u00f3 as\u00ed una problem\u00e1tica que retom\u00f3 al final\u00a0Tenembaum, con una mirada desde otra generaci\u00f3n: \u00abEstamos en un momento de boom de la opini\u00f3n. A la gente le encanta ver a otra gente opinar. En otra \u00e9poca era al rev\u00e9s: ver a una mujer opinando era minoritario. <b>Un programa como este, de mujeres conversando sobre temas, hoy ser\u00eda un \u00e9xito<\/b>\u00ab, se\u00f1al\u00f3, aunque advirti\u00f3 que \u00abver mujeres opinando sigue siendo una rareza, sobre todo si es sobre una agenda de mujeres\u00bb.\u00a0<\/p>\n<p>\u00abCuando pienso en la idea del fracaso (del programa) pienso en la idea de lo precoz. <b>A veces las cosas fracasan por vanguardistas<\/b>, por llegar antes de que haya una audiencia para eso. El fracaso tambi\u00e9n tiene que ver con algo que todav\u00eda nos pasa a las mujeres: nadie nos tiene paciencia. Al programa se le dieron pocos meses. <b>Muchas veces lo que necesitamos en nuestras carreras son chances de fracasar<\/b>. No solemos tenerlas ni siquiera mujeres tan absurdamente talentosas como Mar\u00eda Elena\u00bb, concluy\u00f3 la escritora.<\/p>\n<p>En tal sentido, Noble habl\u00f3 de los <b>\u00abataques\u00bb que sufri\u00f3 el programa<\/b>; de la \u00abresistencia\u00bb que se gener\u00f3 alrededor de la visi\u00f3n feminista que planteaba. \u00abNo solamente hubo ataques de los medios m\u00e1s consagrados. Hubo de todo. La situaci\u00f3n interna cuando nos empezaron a atacar fue tensa. Todas esper\u00e1bamos que nos recibieran con aplausos. No fue as\u00ed\u00bb. Y afrontar la \u00abcr\u00edtica demoledora\u00bb fue \u00abmuy dif\u00edcil\u00bb por momentos. \u00abInteligencia no faltaba en el programa. Hab\u00eda una visi\u00f3n distinta de la realidad, <b>cr\u00edtica e independiente<\/b>. Despu\u00e9s de tanta acusaci\u00f3n el programa fue levantado\u00bb, record\u00f3. Para ella <i>La cigarra<\/i> fue un espacio de \u00abresistencia\u00bb en el que cab\u00edan el arte, la pol\u00edtica, la econom\u00eda; en s\u00edntesis, <b>\u00abuna visi\u00f3n distinta del pa\u00eds\u00bb<\/b>. Mencion\u00f3 a colegas que tambi\u00e9n fueron parte, como <b>Moira Soto, M\u00f3nica Sabatiello, Dionisia Font\u00e1n y Jorge Raventos.<\/b><\/p>\n<p>Maff\u00eda y Manauta salpicaron sus discursos con una fuerte carga de historia feminista, aportando contexto. La fil\u00f3sofa asoci\u00f3 al programa a los <b>\u00abexilios internos y externos de la dictadura\u00bb<\/b>. \u00abAunque para el movimiento de mujeres resultaba todav\u00eda dif\u00edcil asimilarlo, <b>feminismo y lesbianismo<\/b> aparec\u00edan fuertemente identificados. Al movimiento feminista le llev\u00f3 mucho tiempo asumir la cuesti\u00f3n pol\u00edtica del lesbianismo\u00bb, destac\u00f3 Maff\u00eda, y defini\u00f3 a <i>La cigarra <\/i>como \u00abun programa de mujeres pero no desde el rol dom\u00e9stico, sino para su <b>rebeli\u00f3n e involucramiento pol\u00edtico\u00bb.<\/b> El escenario de \u00abconfianza y cuidado mutuo\u00bb que aportaba fue, quiz\u00e1s, \u00abdemasiado temprano\u00bb, apunt\u00f3. Manauta, amiga de Sara Facio, \u00faltima oradora de la charla, conden\u00f3 el \u00abgolpe a la democracia\u00bb que significa <b>la condena a Cristina Fern\u00e1ndez de Kirchner,<\/b> \u00abalgo que a Mar\u00eda Elena y a Sara las pondr\u00eda muy mal\u00bb.<\/p>\n<p><!-- Live Blog Post --><\/div>\n<p><a href=\"https:\/\/www.pagina12.com.ar\/833557-la-primera-derrota-del-feminismo-en-la-primavera-alfonsinist\">source<\/a><\/p>\n","protected":false},"excerpt":{"rendered":"<p>La militancia en el feminismo y la cuesti\u00f3n de g\u00e9nero fue el eje del segundo&#8230;<\/p>\n","protected":false},"author":0,"featured_media":198887,"comment_status":"open","ping_status":"open","sticky":false,"template":"","format":"standard","meta":{"footnotes":""},"categories":[4],"tags":[],"class_list":["post-198886","post","type-post","status-publish","format-standard","has-post-thumbnail","hentry","category-espectaculos"],"featured_image_urls":{"full":["https:\/\/radiofenix.com.ar\/2023\/wp-content\/uploads\/2025\/06\/wp-header-logo-76.png",960,540,false],"thumbnail":["https:\/\/radiofenix.com.ar\/2023\/wp-content\/uploads\/2025\/06\/wp-header-logo-76-150x150.png",150,150,true],"medium":["https:\/\/radiofenix.com.ar\/2023\/wp-content\/uploads\/2025\/06\/wp-header-logo-76-300x169.png",300,169,true],"medium_large":["https:\/\/radiofenix.com.ar\/2023\/wp-content\/uploads\/2025\/06\/wp-header-logo-76-768x432.png",640,360,true],"large":["https:\/\/radiofenix.com.ar\/2023\/wp-content\/uploads\/2025\/06\/wp-header-logo-76.png",640,360,false],"1536x1536":["https:\/\/radiofenix.com.ar\/2023\/wp-content\/uploads\/2025\/06\/wp-header-logo-76.png",960,540,false],"2048x2048":["https:\/\/radiofenix.com.ar\/2023\/wp-content\/uploads\/2025\/06\/wp-header-logo-76.png",960,540,false],"newsium-slider-full":["https:\/\/radiofenix.com.ar\/2023\/wp-content\/uploads\/2025\/06\/wp-header-logo-76.png",960,540,false],"newsium-featured":["https:\/\/radiofenix.com.ar\/2023\/wp-content\/uploads\/2025\/06\/wp-header-logo-76.png",960,540,false],"newsium-medium":["https:\/\/radiofenix.com.ar\/2023\/wp-content\/uploads\/2025\/06\/wp-header-logo-76-720x475.png",720,475,true]},"author_info":{"info":[""]},"category_info":"<a href=\"https:\/\/radiofenix.com.ar\/2023\/category\/espectaculos\/\" rel=\"category tag\">Espectaculos<\/a>","tag_info":"Espectaculos","comment_count":"0","_links":{"self":[{"href":"https:\/\/radiofenix.com.ar\/2023\/wp-json\/wp\/v2\/posts\/198886","targetHints":{"allow":["GET"]}}],"collection":[{"href":"https:\/\/radiofenix.com.ar\/2023\/wp-json\/wp\/v2\/posts"}],"about":[{"href":"https:\/\/radiofenix.com.ar\/2023\/wp-json\/wp\/v2\/types\/post"}],"replies":[{"embeddable":true,"href":"https:\/\/radiofenix.com.ar\/2023\/wp-json\/wp\/v2\/comments?post=198886"}],"version-history":[{"count":0,"href":"https:\/\/radiofenix.com.ar\/2023\/wp-json\/wp\/v2\/posts\/198886\/revisions"}],"wp:featuredmedia":[{"embeddable":true,"href":"https:\/\/radiofenix.com.ar\/2023\/wp-json\/wp\/v2\/media\/198887"}],"wp:attachment":[{"href":"https:\/\/radiofenix.com.ar\/2023\/wp-json\/wp\/v2\/media?parent=198886"}],"wp:term":[{"taxonomy":"category","embeddable":true,"href":"https:\/\/radiofenix.com.ar\/2023\/wp-json\/wp\/v2\/categories?post=198886"},{"taxonomy":"post_tag","embeddable":true,"href":"https:\/\/radiofenix.com.ar\/2023\/wp-json\/wp\/v2\/tags?post=198886"}],"curies":[{"name":"wp","href":"https:\/\/api.w.org\/{rel}","templated":true}]}}