{"id":198888,"date":"2025-06-14T08:58:03","date_gmt":"2025-06-14T08:58:03","guid":{"rendered":"https:\/\/radiofenix.com.ar\/2023\/viajar-costara-mas-caro\/"},"modified":"2025-06-14T08:58:03","modified_gmt":"2025-06-14T08:58:03","slug":"viajar-costara-mas-caro","status":"publish","type":"post","link":"https:\/\/radiofenix.com.ar\/2023\/viajar-costara-mas-caro\/","title":{"rendered":"Viajar costar\u00e1 m\u00e1s caro"},"content":{"rendered":"<div><!-- Body --><\/p>\n<p>A partir del pr\u00f3ximo mi\u00e9rcoles 18 de junio subir\u00e1 nuevamente el transporte en el \u00c1rea Metropolitana de Buenos Aires (Amba) en tres l\u00edneas diferenciadas. Aquellas de jurisdicci\u00f3n nacional \u2013que cruzan tanto CABA como el conurbano- <b>tendr\u00e1n un incremento del 7,0 por ciento<\/b>. Mientras que las 31 l\u00edneas porte\u00f1as, el subte, el premetro y las 250 del conurbano bonaerense se incrementar\u00e1n 3,5 por ciento, a partir de la f\u00f3rmula de actualizaci\u00f3n mensual en base a la inflaci\u00f3n m\u00e1s 2 puntos porcentuales que rige desde abril. <\/p>\n<p>En el caso de las l\u00edneas nacionales se trata del segundo aumento, seg\u00fan expuso la Secretar\u00eda de Transporte a fines del mes pasado. Las subas se establecieron en tres etapas: 23 de mayo, 18 de junio y 16 de julio, <b>por un total de\u00a0 21,52 por ciento<\/b>. En los primeros meses del a\u00f1o las l\u00edneas nacionales no hab\u00edan sufrido aumentos, a diferencia de los boletos que dependen de los respectivos gobiernos de CABA y Buenos Aires que se mueven con la inflaci\u00f3n.<\/p>\n<p>Los nuevos valores incluyen beneficios con la tarjeta SUBE y tambi\u00e9n por la Tarifa Social. En este \u00faltimo caso, otorga descuentos del 55,0 por ciento.<\/p>\n<p>Para las l\u00edneas nacionales que recorren el AMBA el valor de cero a 3 km ser\u00e1 de <b>424,91 pesos <\/b>con SUBE registrada y <b>675,60 pesos<\/b> con SUBE sin registrar. La misma distancia para los que circulan por CABA quedar\u00e1 en <b>488,70 pesos y 776,02 pesos<\/b>, mientras que en el conurbano bonaerense ser\u00e1n de\u00a0<b>489,43 pesos y 778,27 pesos<\/b>, respectivamente.<\/p>\n<p><!-- Live Blog Post --><\/div>\n<p><a href=\"https:\/\/www.pagina12.com.ar\/833918-viajar-costara-mas-caro\">source<\/a><\/p>\n","protected":false},"excerpt":{"rendered":"<p>A partir del pr\u00f3ximo mi\u00e9rcoles 18 de junio subir\u00e1 nuevamente el transporte en el \u00c1rea&#8230;<\/p>\n","protected":false},"author":0,"featured_media":198889,"comment_status":"open","ping_status":"open","sticky":false,"template":"","format":"standard","meta":{"footnotes":""},"categories":[5],"tags":[],"class_list":["post-198888","post","type-post","status-publish","format-standard","has-post-thumbnail","hentry","category-economia"],"featured_image_urls":{"full":["https:\/\/radiofenix.com.ar\/2023\/wp-content\/uploads\/2025\/06\/wp-header-logo-77.png",960,540,false],"thumbnail":["https:\/\/radiofenix.com.ar\/2023\/wp-content\/uploads\/2025\/06\/wp-header-logo-77-150x150.png",150,150,true],"medium":["https:\/\/radiofenix.com.ar\/2023\/wp-content\/uploads\/2025\/06\/wp-header-logo-77-300x169.png",300,169,true],"medium_large":["https:\/\/radiofenix.com.ar\/2023\/wp-content\/uploads\/2025\/06\/wp-header-logo-77-768x432.png",640,360,true],"large":["https:\/\/radiofenix.com.ar\/2023\/wp-content\/uploads\/2025\/06\/wp-header-logo-77.png",640,360,false],"1536x1536":["https:\/\/radiofenix.com.ar\/2023\/wp-content\/uploads\/2025\/06\/wp-header-logo-77.png",960,540,false],"2048x2048":["https:\/\/radiofenix.com.ar\/2023\/wp-content\/uploads\/2025\/06\/wp-header-logo-77.png",960,540,false],"newsium-slider-full":["https:\/\/radiofenix.com.ar\/2023\/wp-content\/uploads\/2025\/06\/wp-header-logo-77.png",960,540,false],"newsium-featured":["https:\/\/radiofenix.com.ar\/2023\/wp-content\/uploads\/2025\/06\/wp-header-logo-77.png",960,540,false],"newsium-medium":["https:\/\/radiofenix.com.ar\/2023\/wp-content\/uploads\/2025\/06\/wp-header-logo-77-720x475.png",720,475,true]},"author_info":{"info":[""]},"category_info":"<a href=\"https:\/\/radiofenix.com.ar\/2023\/category\/economia\/\" rel=\"category tag\">Economia<\/a>","tag_info":"Economia","comment_count":"0","_links":{"self":[{"href":"https:\/\/radiofenix.com.ar\/2023\/wp-json\/wp\/v2\/posts\/198888","targetHints":{"allow":["GET"]}}],"collection":[{"href":"https:\/\/radiofenix.com.ar\/2023\/wp-json\/wp\/v2\/posts"}],"about":[{"href":"https:\/\/radiofenix.com.ar\/2023\/wp-json\/wp\/v2\/types\/post"}],"replies":[{"embeddable":true,"href":"https:\/\/radiofenix.com.ar\/2023\/wp-json\/wp\/v2\/comments?post=198888"}],"version-history":[{"count":0,"href":"https:\/\/radiofenix.com.ar\/2023\/wp-json\/wp\/v2\/posts\/198888\/revisions"}],"wp:featuredmedia":[{"embeddable":true,"href":"https:\/\/radiofenix.com.ar\/2023\/wp-json\/wp\/v2\/media\/198889"}],"wp:attachment":[{"href":"https:\/\/radiofenix.com.ar\/2023\/wp-json\/wp\/v2\/media?parent=198888"}],"wp:term":[{"taxonomy":"category","embeddable":true,"href":"https:\/\/radiofenix.com.ar\/2023\/wp-json\/wp\/v2\/categories?post=198888"},{"taxonomy":"post_tag","embeddable":true,"href":"https:\/\/radiofenix.com.ar\/2023\/wp-json\/wp\/v2\/tags?post=198888"}],"curies":[{"name":"wp","href":"https:\/\/api.w.org\/{rel}","templated":true}]}}