{"id":198896,"date":"2025-06-14T08:58:13","date_gmt":"2025-06-14T08:58:13","guid":{"rendered":"https:\/\/radiofenix.com.ar\/2023\/el-departamento-de-constitucion-es-apto-para-la-prision-domiciliaria-de-cristina-kirchner\/"},"modified":"2025-06-14T08:58:13","modified_gmt":"2025-06-14T08:58:13","slug":"el-departamento-de-constitucion-es-apto-para-la-prision-domiciliaria-de-cristina-kirchner","status":"publish","type":"post","link":"https:\/\/radiofenix.com.ar\/2023\/el-departamento-de-constitucion-es-apto-para-la-prision-domiciliaria-de-cristina-kirchner\/","title":{"rendered":"El departamento de Constituci\u00f3n es apto para la prisi\u00f3n domiciliaria de Cristina Kirchner"},"content":{"rendered":"<div id=\"\">\n<p>En el escrito se\u00f1alaron que <strong>el departamento es \u201capto\u201d para que la exmandataria cumpla all\u00ed la prisi\u00f3n domiciliaria <\/strong>solicitada por sus abogados, en caso de que el Tribunal Oral defina la pr\u00f3xima semana que le concede el beneficio.<\/p>\n<div contenteditable=\"false\" class=\"embed_cont type_imagen\" id=\"8087157-Libre-933345760_wrap\">\n<p>cristina kirchner balc\u00f3n.jpg <span onclick=\"parent.parent.TinyMCETdcuerpo.preview_embed('8087157-Libre-933345760')\" class=\"embed_colapse less\" id=\"8087157-Libre-933345760_colapse\"\/>  <span onclick=\"parent.parent.TinyMCETdcuerpo.delete_embed('8087157-Libre-933345760')\" class=\"embed_delete less\" id=\"8087157-Libre-933345760_delete\"\/><\/p>\n<div id=\"8087157-Libre-933345760_content\" class=\"embed_content\"><img decoding=\"async\" src=\"https:\/\/media.minutouno.com\/p\/d0ea082f0b4bb3e9330ae952ec0afdef\/adjuntos\/150\/imagenes\/042\/501\/0042501432\/610x0\/smart\/foto-reuters-cris-sille.jpg\" alt=\"Foto: Reuters, Cris Sille\" title=\"Foto: Reuters, Cris Sille\" width=\"610\" height=\"undefined\" id=\"8087157-Libre-933345760_embed\"\/><\/div>\n<div id=\"8087157-Libre-933345760_epigrafe\" class=\"embed_epigrafe\">\n<p> Foto: Reuters, Cris Sille<\/p>\n<\/div><\/div>\n<p>El tribunal solicit\u00f3 que el examen incluya un an\u00e1lisis sobre c\u00f3mo son las inmediaciones al departamento y el funcionamiento del barrio en general, como, por ejemplo, qu\u00e9 actividad vehicular y peatonal tiene. Las caracter\u00edsticas de las viviendas lindantes tambi\u00e9n fueron datos relevantes.<\/p>\n<p>Cabe destacar que los resultados del informe <strong>son datos complementarios para la decisi\u00f3n de los jueces <\/strong>respecto a la resoluci\u00f3n del pedido de prisi\u00f3n domiciliaria.<\/p>\n<p>Incluso, el Tribunal pidi\u00f3 la opini\u00f3n de los fiscales federales<strong> Diego Luciani y Sergio Mola<\/strong> respecto al lugar y al pedido, y luego quedar\u00e1 en condiciones de resolver.<\/p>\n<p>La Justicia no solo deber\u00e1 decidir si beneficia a Cristina Kirchner con la prisi\u00f3n domiciliaria sino tambi\u00e9n si llevar\u00e1 puesta o no una <strong>tobillera electr\u00f3nica. <\/strong><\/p>\n<h2>El pedido de prisi\u00f3n domiciliaria de Cristina Kirchner<\/h2>\n<p>Por su parte, Cristina Kirchner confirm\u00f3 que el pr\u00f3ximo mi\u00e9rcoles 18 de junio se presentar\u00e1 en los tribunales de Comodoro Py para cumplir con su detenci\u00f3n. La exmandataria cumplir\u00e1 con la orden emitida por la Justicia, luego de que la Corte Suprema ratificara su sentencia a seis a\u00f1os de prisi\u00f3n e inhabilitaci\u00f3n de por vida para ejercer cargos p\u00fablicos.<\/p>\n<p>En un extenso escrito, la exmandataria sostuvo que el pedido se deb\u00eda no solo a motivos pol\u00edticos, dado que fue presidente y vicepresidente, sino tambi\u00e9n en el intento de atentado en su contra que sufri\u00f3 a\u00f1os atr\u00e1s.<\/p>\n<p>En el mismo posteo, la exmandataria comparti\u00f3 el documento enviado por sus abogados a la Justicia.<\/p>\n<div contenteditable=\"false\" class=\"embed_cont type_documento\" id=\"8087907-1486609181_wrap\">\n<p>cristina kirchner solicitud prision domiciliaria.pdf <span onclick=\"parent.parent.TinyMCETdcuerpo.preview_embed('8087907-1486609181')\" class=\"embed_colapse less\" id=\"8087907-1486609181_colapse\"\/>  <span onclick=\"parent.parent.TinyMCETdcuerpo.delete_embed('8087907-1486609181')\" class=\"embed_delete less\" id=\"8087907-1486609181_delete\"\/><\/p>\n<\/p><\/div>\n<div contenteditable=\"false\" class=\"embed_cont type_freetext\" rel=\"freetext\" id=\"embed44_wrap\">\n<p> Embed <span onclick=\"parent.parent.TinyMCETdcuerpo.preview_embed('embed44')\" class=\"embed_colapse less\" id=\"embed44_colapse\"\/> <span onclick=\"parent.parent.TinyMCETdcuerpo.delete_embed('embed44')\" class=\"embed_delete less\" id=\"embed44_delete\"\/><\/p>\n<div id=\"embed44_content\" class=\"embed_content\">\n<div id=\"embed44_embed\">\n<figure class=\"figure\"><a href=\"https:\/\/t.me\/minutounocom\" target=\"_blank\"> <img decoding=\"async\" src=\"https:\/\/media.minutouno.com\/adjuntos\/150\/banners\/039\/099\/0039099175.jpg\" class=\"figure-img img-fluid\" style=\"width:100%;height:auto;\"\/><\/a><\/figure>\n<\/p><\/div>\n<p> <a href=\"https:\/\/t.me\/minutounocom\" target=\"_blank\"\/><\/div>\n<\/p><\/div>\n<\/p><\/div>\n<p><a href=\"https:\/\/www.minutouno.com\/politica\/el-departamento-constitucion-es-apto-la-prision-domiciliaria-cristina-kirchner-n6156363\">source<\/a><\/p>\n","protected":false},"excerpt":{"rendered":"<p>En el escrito se\u00f1alaron que el departamento es \u201capto\u201d para que la exmandataria cumpla all\u00ed&#8230;<\/p>\n","protected":false},"author":0,"featured_media":198897,"comment_status":"open","ping_status":"open","sticky":false,"template":"","format":"standard","meta":{"footnotes":""},"categories":[2],"tags":[],"class_list":["post-198896","post","type-post","status-publish","format-standard","has-post-thumbnail","hentry","category-politica"],"featured_image_urls":{"full":["https:\/\/radiofenix.com.ar\/2023\/wp-content\/uploads\/2025\/06\/wp-header-logo-81.png",610,428,false],"thumbnail":["https:\/\/radiofenix.com.ar\/2023\/wp-content\/uploads\/2025\/06\/wp-header-logo-81-150x150.png",150,150,true],"medium":["https:\/\/radiofenix.com.ar\/2023\/wp-content\/uploads\/2025\/06\/wp-header-logo-81-300x210.png",300,210,true],"medium_large":["https:\/\/radiofenix.com.ar\/2023\/wp-content\/uploads\/2025\/06\/wp-header-logo-81.png",610,428,false],"large":["https:\/\/radiofenix.com.ar\/2023\/wp-content\/uploads\/2025\/06\/wp-header-logo-81.png",610,428,false],"1536x1536":["https:\/\/radiofenix.com.ar\/2023\/wp-content\/uploads\/2025\/06\/wp-header-logo-81.png",610,428,false],"2048x2048":["https:\/\/radiofenix.com.ar\/2023\/wp-content\/uploads\/2025\/06\/wp-header-logo-81.png",610,428,false],"newsium-slider-full":["https:\/\/radiofenix.com.ar\/2023\/wp-content\/uploads\/2025\/06\/wp-header-logo-81.png",610,428,false],"newsium-featured":["https:\/\/radiofenix.com.ar\/2023\/wp-content\/uploads\/2025\/06\/wp-header-logo-81.png",610,428,false],"newsium-medium":["https:\/\/radiofenix.com.ar\/2023\/wp-content\/uploads\/2025\/06\/wp-header-logo-81.png",610,428,false]},"author_info":{"info":[""]},"category_info":"<a href=\"https:\/\/radiofenix.com.ar\/2023\/category\/politica\/\" rel=\"category tag\">Pol\u00edtica<\/a>","tag_info":"Pol\u00edtica","comment_count":"0","_links":{"self":[{"href":"https:\/\/radiofenix.com.ar\/2023\/wp-json\/wp\/v2\/posts\/198896","targetHints":{"allow":["GET"]}}],"collection":[{"href":"https:\/\/radiofenix.com.ar\/2023\/wp-json\/wp\/v2\/posts"}],"about":[{"href":"https:\/\/radiofenix.com.ar\/2023\/wp-json\/wp\/v2\/types\/post"}],"replies":[{"embeddable":true,"href":"https:\/\/radiofenix.com.ar\/2023\/wp-json\/wp\/v2\/comments?post=198896"}],"version-history":[{"count":0,"href":"https:\/\/radiofenix.com.ar\/2023\/wp-json\/wp\/v2\/posts\/198896\/revisions"}],"wp:featuredmedia":[{"embeddable":true,"href":"https:\/\/radiofenix.com.ar\/2023\/wp-json\/wp\/v2\/media\/198897"}],"wp:attachment":[{"href":"https:\/\/radiofenix.com.ar\/2023\/wp-json\/wp\/v2\/media?parent=198896"}],"wp:term":[{"taxonomy":"category","embeddable":true,"href":"https:\/\/radiofenix.com.ar\/2023\/wp-json\/wp\/v2\/categories?post=198896"},{"taxonomy":"post_tag","embeddable":true,"href":"https:\/\/radiofenix.com.ar\/2023\/wp-json\/wp\/v2\/tags?post=198896"}],"curies":[{"name":"wp","href":"https:\/\/api.w.org\/{rel}","templated":true}]}}