{"id":198900,"date":"2025-06-14T19:35:51","date_gmt":"2025-06-14T19:35:51","guid":{"rendered":"https:\/\/radiofenix.com.ar\/2023\/dolar-blue-dolar-hoy-a-cuanto-cotizan-el-viernes-13-de-junio-de-2025\/"},"modified":"2025-06-14T19:35:51","modified_gmt":"2025-06-14T19:35:51","slug":"dolar-blue-dolar-hoy-a-cuanto-cotizan-el-viernes-13-de-junio-de-2025","status":"publish","type":"post","link":"https:\/\/radiofenix.com.ar\/2023\/dolar-blue-dolar-hoy-a-cuanto-cotizan-el-viernes-13-de-junio-de-2025\/","title":{"rendered":"D\u00f3lar blue, d\u00f3lar hoy: a cu\u00e1nto cotizan el viernes 13 de junio de 2025"},"content":{"rendered":"<div id=\"post-1700\">\n<div class=\"col 2-col\">\n<h2>Aumento del biodiesel\u00a0<\/h2>\n<p>La Secretar\u00eda de Energ\u00eda actualiz\u00f3 en un <b>2 por ciento el precio del biodi\u00e9sel destinado para la mezcla (obligatoria por ley)<\/b> con el gasoil. Los precios de los biocombustibles son parte de los costos que se reflejan en los surtidores, por lo que cada variaci\u00f3n en los mismos implicar\u00e1 una suba en los valores de venta de nafta y gasoil al p\u00fablico, tal como sucedi\u00f3 el mes pasado con un alza de hasta 0,4 por ciento.<\/p>\n<h3><b><a href=\"https:\/\/www.pagina12.com.ar\/833581-aumento-del-biodiesel\">Le\u00e9 la nota completa<\/a><\/b><\/h3>\n<\/div>\n<\/div>\n<div id=\"post-1620\">\n<div class=\"col 2-col\">\n<h2>Facilidades de pago para regularizar deudas\u00a0<\/h2>\n<p>La Agencia de Recaudaci\u00f3n y Control Aduanero (ARCA) estableci\u00f3 un nuevo r\u00e9gimen de <b>facilidades de pago <\/b>para la regularizaci\u00f3n de deudas impositivas, aduaneras y de los recursos de la seguridad social.<\/p>\n<h3><b><a href=\"https:\/\/www.pagina12.com.ar\/833569-facilidades-de-pago-para-regularizar-deudas\">Le\u00e9 la nota completa<\/a><\/b><\/h3>\n<\/div>\n<\/div>\n<div id=\"post-1540\">\n<div class=\"col 2-col\">\n<h2>Cayeron el empleo formal y los salarios\u00a0<\/h2>\n<p>Con la destrucci\u00f3n de 7.310 fuentes de trabajo registrados en el sector privado, marzo interrumpi\u00f3 la mejora intermensual que se hab\u00eda registrado en febrero. Desde la asunci\u00f3n de Javier Milei <b>se perdieron en total 173.563 empleos formales<\/b>: 115.353 en el \u00e1mbito privado y 58.210, en el p\u00fablico.<\/p>\n<h3><b><a href=\"https:\/\/www.pagina12.com.ar\/833560-cayeron-el-empleo-formal-y-los-salarios\">Le\u00e9 la nota completa<\/a><\/b><\/h3>\n<p>\u00a0<\/p>\n<\/div>\n<\/div>\n<div id=\"post-1500\">\n<div class=\"col 2-col\">\n<h2>Los datos, Ministro, no son un relato\u00a0<\/h2>\n<p>Por H\u00e9ctor Ferrario<\/p>\n<p>En sus recientes apariciones televisivas, el ministro de Desregulaci\u00f3n y Transformaci\u00f3n del Estado, Federico Sturzenegger, insisti\u00f3 en divulgar informaci\u00f3n distorsionada sobre el Instituto Nacional de Tecnolog\u00eda Agropecuaria (INTA). La frase \u201cel dato mata relato\u201d parece m\u00e1s vigente que nunca, y por eso me permito responder \u2014una vez m\u00e1s\u2014 con datos concretos y verificables sobre esta instituci\u00f3n p\u00fablica clave para el desarrollo agropecuario del pa\u00eds.<\/p>\n<h3><b><a href=\"https:\/\/www.pagina12.com.ar\/833596-los-datos-ministro-no-son-un-relato\">Le\u00e9 la nota completa<\/a><\/b><\/h3>\n<p>\u00a0<\/p>\n<\/div>\n<\/div>\n<div id=\"post-1420\">\n<div class=\"col 2-col\">\n<h2>Demanda retenida pese a que baj\u00f3 la inflaci\u00f3n\u00a0<\/h2>\n<p>Por Mara Pedrazzoli<\/p>\n<p>La proyecci\u00f3n del gasto promedio por regalo en el D\u00eda del Padre se ubica en 72.000 pesos, seg\u00fan un sondeo de la consultora Focus Market. Esto marca un 45 por ciento de incremento respecto del promedio de 2024. A su vez las ventas se concentrar\u00edan en indumentaria, \u201cexperiencias\u201d, vinos y licores, y regaler\u00eda. La demanda se muestra cautelosa y se reconocen estrategias agresivas por el lado de la oferta.<\/p>\n<h3><b><a href=\"https:\/\/www.pagina12.com.ar\/833591-demanda-retenida-pese-a-que-bajo-la-inflacion\">Le\u00e9 la nota completa<\/a><\/b><\/h3>\n<\/div>\n<\/div>\n<div id=\"post-1340\">\n<div class=\"col 2-col\">\n<h2>Para ser clase media, casi 2 millones de pesos\u00a0<\/h2>\n<p>Durante mayo, <b>las familias porte\u00f1as necesitaron ingresos de al menos 1.868.181 pesos para ser consideradas de clase media<\/b>, de acuerdo a lo informado por el Instituto de Estad\u00edsticas y Censos porte\u00f1o (Idecba). Esta medici\u00f3n se realiza a partir de la valoraci\u00f3n de canastas de bienes y servicios que determinan tambi\u00e9n la l\u00ednea de pobreza e indigencia en la ciudad capital.<\/p>\n<h3><b><a href=\"https:\/\/www.pagina12.com.ar\/833577-para-ser-clase-media-casi-2-millones-de-pesos\">Le\u00e9 la nota completa<\/a><\/b><\/h3>\n<\/div>\n<\/div>\n<div id=\"post-1300\">\n<div class=\"col 2-col\">\n<h2>Para no ser pobre, 1.110.624 pesos\u00a0\u00a0<\/h2>\n<p>Durante mayo, la canasta b\u00e1sica alimentaria (CBA), que mide los niveles de indigencia, <b>se retrajo levemente 0,4 por ciento<\/b>; mientras que la de la canasta b\u00e1sica total (CBT), que registra el umbral de pobreza, aument\u00f3 apenas 0,1 por ciento, seg\u00fan public\u00f3 el Indec, este jueves.<\/p>\n<h3><b><a href=\"https:\/\/www.pagina12.com.ar\/833600-para-no-ser-pobre-1-110-624-pesos\">Le\u00e9 la nota completa<\/a><\/b><\/h3>\n<p>\u00a0<\/p>\n<\/div>\n<\/div>\n<div id=\"post-1220\">\n<div class=\"col 2-col\">\n<h2>Caputo vuelve a salir a la caza de divisas\u00a0<\/h2>\n<p>El Ministerio de Econom\u00eda lanza una nueva licitaci\u00f3n de deuda en moneda local con una carta fuerte sobre la mesa: el Bonte 2030 en pesos, pero suscribible en d\u00f3lares. Con esta jugada, el equipo de Luis Caputo busca obtener hasta 500 millones de d\u00f3lares, la mitad de lo que capt\u00f3 en abril en una operaci\u00f3n orientada exclusivamente a inversores del exterior.<\/p>\n<h3><b><a href=\"https:\/\/www.pagina12.com.ar\/833622-caputo-vuelve-a-salir-a-la-caza-de-divisas\">Le\u00e9 la nota completa<\/a><\/b><\/h3>\n<p>\u00a0<\/p>\n<\/div>\n<\/div>\n<div id=\"post-1140\">\n<div class=\"col 2-col\">\n<h2>Misi\u00f3n del FMI para fin de mes\u00a0<\/h2>\n<p>El Fondo Monetario Internacional confirm\u00f3 que enviar\u00e1 una misi\u00f3n t\u00e9cnica a la Argentina a fines de junio. La vocera del organismo, Julie Kozack, asegur\u00f3 que el viaje se da en el marco de la primera revisi\u00f3n del programa que la Argentina mantiene con el Fondo y que busca evaluar el cumplimiento de metas y avanzar en la agenda de reformas. La visita llega en un momento clave, con se\u00f1ales mixtas desde el mercado.<\/p>\n<h3><b><a href=\"https:\/\/www.pagina12.com.ar\/833603-mision-del-fmi-para-fin-de-mes\">Le\u00e9 la nota completa<\/a><\/b><\/h3>\n<\/div>\n<\/div>\n<div id=\"post-1100\">\n<div class=\"col 2-col\">\n<h2>Abajo de la alfombra de la inflaci\u00f3n que \u00abcolapsa\u00bb\u00a0<\/h2>\n<p>Por Leandro Renou<\/p>\n<p>Nobleza obliga. En cualquier escenario, a\u00fan en el ajuste del Gobierno de Javier Milei, son innegables los efectos estabilizadores de la desinflaci\u00f3n. La gente ya no corre al supermercado a comprar antes de que se remarque y n\u00fameros altos, pero fijos, dan ventajas respecto a la planificaci\u00f3n. El 200 por ciento de inflaci\u00f3n con el que se fue la gesti\u00f3n econ\u00f3mica de Sergio Massa le garantiz\u00f3 al peronismo perder el m\u00e1rgen variable de votos y, en consecuencia, perder las elecciones. Milei, de entrada, prometi\u00f3 bajar la inflaci\u00f3n, a la cual llev\u00f3 del 12 por ciento heredado al 25 por ciento, para lugar bajarla, por primera vez en 5 a\u00f1os, a menos del 2 por ciento.<\/p>\n<h3><b><a href=\"https:\/\/www.pagina12.com.ar\/833587-abajo-de-la-alfombra-de-la-inflacion-que-colapsa\">Le\u00e9 la nota completa<\/a><\/b><\/h3>\n<p>\u00a0<\/p>\n<\/div>\n<\/div>\n<p><a href=\"https:\/\/www.pagina12.com.ar\/833686-dolar-blue-dolar-hoy-a-cuanto-cotizan-el-viernes-13-de-junio\">source<\/a><\/p>\n","protected":false},"excerpt":{"rendered":"<p>Aumento del biodiesel\u00a0 La Secretar\u00eda de Energ\u00eda actualiz\u00f3 en un 2 por ciento el precio&#8230;<\/p>\n","protected":false},"author":0,"featured_media":198901,"comment_status":"open","ping_status":"open","sticky":false,"template":"","format":"standard","meta":{"footnotes":""},"categories":[5],"tags":[],"class_list":["post-198900","post","type-post","status-publish","format-standard","has-post-thumbnail","hentry","category-economia"],"featured_image_urls":{"full":["https:\/\/radiofenix.com.ar\/2023\/wp-content\/uploads\/2025\/06\/wp-header-logo-83.png",960,540,false],"thumbnail":["https:\/\/radiofenix.com.ar\/2023\/wp-content\/uploads\/2025\/06\/wp-header-logo-83-150x150.png",150,150,true],"medium":["https:\/\/radiofenix.com.ar\/2023\/wp-content\/uploads\/2025\/06\/wp-header-logo-83-300x169.png",300,169,true],"medium_large":["https:\/\/radiofenix.com.ar\/2023\/wp-content\/uploads\/2025\/06\/wp-header-logo-83-768x432.png",640,360,true],"large":["https:\/\/radiofenix.com.ar\/2023\/wp-content\/uploads\/2025\/06\/wp-header-logo-83.png",640,360,false],"1536x1536":["https:\/\/radiofenix.com.ar\/2023\/wp-content\/uploads\/2025\/06\/wp-header-logo-83.png",960,540,false],"2048x2048":["https:\/\/radiofenix.com.ar\/2023\/wp-content\/uploads\/2025\/06\/wp-header-logo-83.png",960,540,false],"newsium-slider-full":["https:\/\/radiofenix.com.ar\/2023\/wp-content\/uploads\/2025\/06\/wp-header-logo-83.png",960,540,false],"newsium-featured":["https:\/\/radiofenix.com.ar\/2023\/wp-content\/uploads\/2025\/06\/wp-header-logo-83.png",960,540,false],"newsium-medium":["https:\/\/radiofenix.com.ar\/2023\/wp-content\/uploads\/2025\/06\/wp-header-logo-83-720x475.png",720,475,true]},"author_info":{"info":[""]},"category_info":"<a href=\"https:\/\/radiofenix.com.ar\/2023\/category\/economia\/\" rel=\"category tag\">Economia<\/a>","tag_info":"Economia","comment_count":"0","_links":{"self":[{"href":"https:\/\/radiofenix.com.ar\/2023\/wp-json\/wp\/v2\/posts\/198900","targetHints":{"allow":["GET"]}}],"collection":[{"href":"https:\/\/radiofenix.com.ar\/2023\/wp-json\/wp\/v2\/posts"}],"about":[{"href":"https:\/\/radiofenix.com.ar\/2023\/wp-json\/wp\/v2\/types\/post"}],"replies":[{"embeddable":true,"href":"https:\/\/radiofenix.com.ar\/2023\/wp-json\/wp\/v2\/comments?post=198900"}],"version-history":[{"count":0,"href":"https:\/\/radiofenix.com.ar\/2023\/wp-json\/wp\/v2\/posts\/198900\/revisions"}],"wp:featuredmedia":[{"embeddable":true,"href":"https:\/\/radiofenix.com.ar\/2023\/wp-json\/wp\/v2\/media\/198901"}],"wp:attachment":[{"href":"https:\/\/radiofenix.com.ar\/2023\/wp-json\/wp\/v2\/media?parent=198900"}],"wp:term":[{"taxonomy":"category","embeddable":true,"href":"https:\/\/radiofenix.com.ar\/2023\/wp-json\/wp\/v2\/categories?post=198900"},{"taxonomy":"post_tag","embeddable":true,"href":"https:\/\/radiofenix.com.ar\/2023\/wp-json\/wp\/v2\/tags?post=198900"}],"curies":[{"name":"wp","href":"https:\/\/api.w.org\/{rel}","templated":true}]}}