{"id":198902,"date":"2025-06-14T19:35:53","date_gmt":"2025-06-14T19:35:53","guid":{"rendered":"https:\/\/radiofenix.com.ar\/2023\/natalia-taddei-jimenez-le-gano-un-juicio-millonario-a-su-padre-biologico-carlos-la-mona-jimenez\/"},"modified":"2025-06-14T19:35:53","modified_gmt":"2025-06-14T19:35:53","slug":"natalia-taddei-jimenez-le-gano-un-juicio-millonario-a-su-padre-biologico-carlos-la-mona-jimenez","status":"publish","type":"post","link":"https:\/\/radiofenix.com.ar\/2023\/natalia-taddei-jimenez-le-gano-un-juicio-millonario-a-su-padre-biologico-carlos-la-mona-jimenez\/","title":{"rendered":"Natalia Taddei Jim\u00e9nez le gan\u00f3 un juicio millonario a su padre biol\u00f3gico, Carlos &quot;La Mona&quot; Jim\u00e9nez"},"content":{"rendered":"<div><!-- Body --><\/p>\n<p>El cantante de cuartero <b>Carlos<\/b> \u00ab<b>La Mona<\/b>\u00ab<b> Jim\u00e9nez perdi\u00f3 un juicio con Natalia Jim\u00e9nez Rufino<\/b>, una mujer que lucha desde 2015 por ser reconocida como su hija biol\u00f3gica. El artista, de 74 a\u00f1os, deber\u00e1 pagarle\u00a0una <b>suma millonaria de $92.213.040<\/b>\u00a0luego de un litigio por da\u00f1os y perjuicios.<\/p>\n<h3\/>\n<p>De acuerdo con el fallo de la Justicia, que fue compartido en un programa televisivo este viernes, el m\u00fasico \u201c<b>se neg\u00f3 sistem\u00e1ticamente a conocerla a pesar de que sab\u00eda del embarazo de su madre<\/b>\u201d. Por este motivo, deber\u00e1 pagar $40.314.000 por da\u00f1o moral, y $51.899.040 por p\u00e9rdida de chance pasada.\u00a0<\/p>\n<p>En rigor, Jim\u00e9nez a\u00fan puede apelar el fallo, pero los abogados de ka mujer consideran que ser\u00e1 dif\u00edcil revertirlo. En el caso de que siga todo igual, <b>Rufino Jim\u00e9nez podr\u00eda convertirse en la heredera legal del patrimonio de \u00abLa Mona\u00bb<\/b>.\u00a0<\/p>\n<h2>Qui\u00e9n es la hija que \u00abLa Mona\u00bb neg\u00f3 durante a\u00f1os<\/h2>\n<p>Natalia Jim\u00e9nez Rufino, de 40 a\u00f1os, fue concebida en una relaci\u00f3n extramatrimonial de \u00abLa Mona\u00bb con<b> Liliana Beatriz Echevarr\u00eda<\/b>, una joven con la que el m\u00fasico tuvo un breve romance en secreto a finales de la d\u00e9cada del 70. En aquella ocasi\u00f3n,<strong> Liliana ten\u00eda 18 a\u00f1os<\/strong>,<strong> y hab\u00eda viajado a C\u00f3rdoba de vacaciones<\/strong>. El cuartetero estaba casado, por lo que debieron mantenerse ocultos.<\/p>\n<p>Tras quedar embarazada, Liliana se lo confes\u00f3 al artista, quien <b>se neg\u00f3 a hacerse cargo de la relaci\u00f3n para no estropear su matrimonio<\/b>. La mujer volvi\u00f3 a Buenos Aires, donde tuvo a la beb\u00e9.<\/p>\n<p>En tanto, seg\u00fan describi\u00f3 Natalia en una reciente entrevista televisiva, <b>se enter\u00f3 que era hija del cuartetero a los ocho a\u00f1os por una confesi\u00f3n de su abuela<\/b>. El autor de \u00abQui\u00e9n se ha tomado todo el vino\u00bb nunca la reconoci\u00f3 legalmente como su descendiente<b> ni se molest\u00f3 en entablar un v\u00ednculo afectivo<\/b>, <b>s\u00f3lo habr\u00eda aportado\u00a0algunas cuotas alimentarias durante su ni\u00f1ez<\/b>. La abogada\u00a0Carolina Far\u00edas, confirm\u00f3 al diario El Doce que hubo alg\u00fan contacto entre el m\u00fasico y su hija, que apareci\u00f3 probado en la causa. \u201cEs verdad que Jim\u00e9nez la ve\u00eda y que tuvo contactos espor\u00e1dicos desde su nacimiento, tal como se prob\u00f3 en la causa con material fotogr\u00e1fico y filmogr\u00e1fico\u201d.<\/p>\n<div class=\"medium-insert-embeds\">\n<figure>\n<div class=\"medium-insert-embed\">\n<div align=\"center\">\n<figure role=\"group\" class=\"caption caption-drupal-entity\"><figcaption>La Mona Jim\u00e9nez tuvo que reconocer por un fallo judicial a su hija de una relaci\u00f3n extramatrimonial. (Imagen: Redes sociales)<\/figcaption><\/figure>\n<\/div><\/div><figcaption class=\"\"\/><\/figure>\n<\/div>\n<p>A medida que\u00a0<strong>Natalia creci\u00f3, empez\u00f3 a sentir que necesitaba completar su historia.<\/strong> \u201cHubo un momento que no aguant\u00e9 m\u00e1s, que fue cuando yo fui mam\u00e1, y dije a mis hijos &#8216;lo voy a contar todo&#8217;\u201d, relat\u00f3 este viernes en un canal televisivo. La mujer no quer\u00eda que sus hijos se enterasen por terceros. As\u00ed fue como en 2015 inici\u00f3 el proceso judicial.\u00a0<\/p>\n<p>\u201cEs mi identidad, yo quer\u00eda saber con una prueba cient\u00edfica. Yo lo s\u00e9, porque <b>tengo recuerdos, fotos con \u00e9l, cartas, cosas que \u00e9l me regal\u00f3<\/b>\u201c, asegur\u00f3 en otra nota con El Doce.<\/p>\n<p>En tanto, tras una prueba de ADN, en 2021 arrojaron un resultado positivo. Desde el entorno de \u00abLa Mona\u00bb,\u00a0seg\u00fan las palabras de Natalia, le ofrecieron reconocerla solo \u201csi renunciaba a todos mis derechos\u201d: \u00ab<b>Cuando pregunt\u00e9 cu\u00e1les eran, me dijeron \u2018la plata, boluda\u2019<\/b>\u201d.<\/p>\n<p>En aquel momento, el Juzgado de Familia de 8\u00b0 nominaci\u00f3n de C\u00f3rdoba orden\u00f3 al Registro Nacional de las personas proceder a<b> inscribir a Natalia Romina Taddei como <\/b>\u201c<b>Natalia Romina Jim\u00e9nez Rufino<\/b>\u201d.<\/p>\n<p>El 10 de junio de 2025, se dict\u00f3 un fallo definitivo relacionado con una compensaci\u00f3n econ\u00f3mica, \u00abLa actora sostiene que el padre se neg\u00f3 sistem\u00e1ticamente a reconocerla a pesar de que ella sab\u00eda del embarazo de su madre y el v\u00ednculo filial que exist\u00eda entre ellos. A sabiendas de su existencia, se desentendi\u00f3 de sus obligaciones paternas de alimentos, crianzas, salud, cuidados y necesidades, quedando todo a cargo de su madre. Se vio la demandante privada de su identidad al no poder acceder al emplazamiento de un estado civil\u00bb, expresa el fallo.<\/p>\n<p>Del otro lado, la familia reconocida del cantante remarc\u00f3 que no tiene inter\u00e9s en entablar un contacto. \u00ab<b>Ellos me niegan. Me niegan desde el momento uno, del momento cero, porque para ellos son \u00fanicos. Est\u00e1n diciendo que yo soy extramatrimonial, que mi mam\u00e1 lo conoci\u00f3 en un burdel&#8230; Ellos eran tan imposibles, eran malos, era todo dinero<\/b>\u00ab, concluy\u00f3 la mujer.<\/p>\n<h3><b>Segu\u00ed leyendo:<br \/><\/b><\/h3>\n<p><!-- Live Blog Post --><\/div>\n<p><a href=\"https:\/\/www.pagina12.com.ar\/834056-natalia-taddei-jimenez-le-gano-un-juicio-millonario-a-su-pad\">source<\/a><\/p>\n","protected":false},"excerpt":{"rendered":"<p>El cantante de cuartero Carlos \u00abLa Mona\u00ab Jim\u00e9nez perdi\u00f3 un juicio con Natalia Jim\u00e9nez Rufino,&#8230;<\/p>\n","protected":false},"author":0,"featured_media":198903,"comment_status":"open","ping_status":"open","sticky":false,"template":"","format":"standard","meta":{"footnotes":""},"categories":[7],"tags":[],"class_list":["post-198902","post","type-post","status-publish","format-standard","has-post-thumbnail","hentry","category-sociedad"],"featured_image_urls":{"full":["https:\/\/radiofenix.com.ar\/2023\/wp-content\/uploads\/2025\/06\/wp-header-logo-84.png",960,540,false],"thumbnail":["https:\/\/radiofenix.com.ar\/2023\/wp-content\/uploads\/2025\/06\/wp-header-logo-84-150x150.png",150,150,true],"medium":["https:\/\/radiofenix.com.ar\/2023\/wp-content\/uploads\/2025\/06\/wp-header-logo-84-300x169.png",300,169,true],"medium_large":["https:\/\/radiofenix.com.ar\/2023\/wp-content\/uploads\/2025\/06\/wp-header-logo-84-768x432.png",640,360,true],"large":["https:\/\/radiofenix.com.ar\/2023\/wp-content\/uploads\/2025\/06\/wp-header-logo-84.png",640,360,false],"1536x1536":["https:\/\/radiofenix.com.ar\/2023\/wp-content\/uploads\/2025\/06\/wp-header-logo-84.png",960,540,false],"2048x2048":["https:\/\/radiofenix.com.ar\/2023\/wp-content\/uploads\/2025\/06\/wp-header-logo-84.png",960,540,false],"newsium-slider-full":["https:\/\/radiofenix.com.ar\/2023\/wp-content\/uploads\/2025\/06\/wp-header-logo-84.png",960,540,false],"newsium-featured":["https:\/\/radiofenix.com.ar\/2023\/wp-content\/uploads\/2025\/06\/wp-header-logo-84.png",960,540,false],"newsium-medium":["https:\/\/radiofenix.com.ar\/2023\/wp-content\/uploads\/2025\/06\/wp-header-logo-84-720x475.png",720,475,true]},"author_info":{"info":[""]},"category_info":"<a href=\"https:\/\/radiofenix.com.ar\/2023\/category\/sociedad\/\" rel=\"category tag\">Sociedad<\/a>","tag_info":"Sociedad","comment_count":"0","_links":{"self":[{"href":"https:\/\/radiofenix.com.ar\/2023\/wp-json\/wp\/v2\/posts\/198902","targetHints":{"allow":["GET"]}}],"collection":[{"href":"https:\/\/radiofenix.com.ar\/2023\/wp-json\/wp\/v2\/posts"}],"about":[{"href":"https:\/\/radiofenix.com.ar\/2023\/wp-json\/wp\/v2\/types\/post"}],"replies":[{"embeddable":true,"href":"https:\/\/radiofenix.com.ar\/2023\/wp-json\/wp\/v2\/comments?post=198902"}],"version-history":[{"count":0,"href":"https:\/\/radiofenix.com.ar\/2023\/wp-json\/wp\/v2\/posts\/198902\/revisions"}],"wp:featuredmedia":[{"embeddable":true,"href":"https:\/\/radiofenix.com.ar\/2023\/wp-json\/wp\/v2\/media\/198903"}],"wp:attachment":[{"href":"https:\/\/radiofenix.com.ar\/2023\/wp-json\/wp\/v2\/media?parent=198902"}],"wp:term":[{"taxonomy":"category","embeddable":true,"href":"https:\/\/radiofenix.com.ar\/2023\/wp-json\/wp\/v2\/categories?post=198902"},{"taxonomy":"post_tag","embeddable":true,"href":"https:\/\/radiofenix.com.ar\/2023\/wp-json\/wp\/v2\/tags?post=198902"}],"curies":[{"name":"wp","href":"https:\/\/api.w.org\/{rel}","templated":true}]}}