{"id":198906,"date":"2025-06-14T19:35:59","date_gmt":"2025-06-14T19:35:59","guid":{"rendered":"https:\/\/radiofenix.com.ar\/2023\/caras-y-caretas-rinde-homenaje-a-pepe-mujica-el-hombre-que-supo-ser-leyenda\/"},"modified":"2025-06-14T19:35:59","modified_gmt":"2025-06-14T19:35:59","slug":"caras-y-caretas-rinde-homenaje-a-pepe-mujica-el-hombre-que-supo-ser-leyenda","status":"publish","type":"post","link":"https:\/\/radiofenix.com.ar\/2023\/caras-y-caretas-rinde-homenaje-a-pepe-mujica-el-hombre-que-supo-ser-leyenda\/","title":{"rendered":"Caras y Caretas rinde homenaje a Pepe Mujica, el hombre que supo ser leyenda"},"content":{"rendered":"<div><!-- Body --><\/p>\n<p>Guerrillero, preso pol\u00edtico, dirigente del Frente Amplio, presidente de Uruguay\u2026 Tuvo un derrotero cautivante, de resistencia, de resiliencia, de lucha. Su idealismo le marc\u00f3 el camino hasta el \u00faltimo de sus d\u00edas, cuando estaba cerca de cumplir los noventa a\u00f1os. En su edici\u00f3n de junio, que estar\u00e1 este domingo en los kioscos opcional con <b>P\u00e1gina\/12<\/b>,<i><b> Caras y Caretas<\/b><\/i> <b>recupera la palabra y el pensamiento de Jos\u00e9 \u201cPepe\u201d Mujica, y reflexiona sobre su legado para Latinoam\u00e9rica.<\/b><\/p>\n<p>\u201cQue un expresidente se dedique a su humilde chacra junto a su compa\u00f1era de toda la vida, un perro viejo y rengo y un Volkswagen de los 60 es noticia. Si a eso le sumamos que el tipo hab\u00eda sido un guerrillero tupamaro y que soport\u00f3 catorce a\u00f1os de dura c\u00e1rcel en el ir\u00f3nico penal de Libertad, la cosa cobra visos de leyenda. Y eso fue el Pepe, un hombre leyenda\u201d, sostiene Felipe Pigna en su editorial.<\/p>\n<p><b>V\u00edctor Santa Mar\u00eda<\/b>, en su columna de opini\u00f3n, recuerda a Mujica: \u201cEra un ferviente admirador de los emprendimientos culturales de nuestro sindicato. Cuando lo convocamos estuvo. En 2016 junto a <b>Luc\u00eda Topolansky<\/b>, su eterna compa\u00f1era de lucha cotidiana y militante, dijeron presente en un acto de la <b>Universidad Metropolitana para la Educaci\u00f3n y el Trabajo (UMET)<\/b>. Cuando el <b>Suterh<\/b> cumpli\u00f3 ochenta a\u00f1os, mand\u00f3 su saludo virtual con palabras tan sabias como elogiosas, en las que nos contaba por qu\u00e9 nuestra obra era tan importante. Porque educaci\u00f3n, cultura y trabajo son la base del crecimiento de los m\u00e1s despose\u00eddos. Y <b>acept\u00f3 generosamente publicar su libro <i>Semillas al viento<\/i> en nuestra Editorial Octubre<\/b>. Fue en abril de 2023. Ese d\u00eda, con una sala desbordada en la Feria del Libro, sufrimos el agravio patotero del mile\u00edsmo incipiente \u2013el huevo de la serpiente\u2013, que lo llen\u00f3 con insultos propios de personas emp\u00e1ticas solo con los despiadados. Pepe les sostuvo la mirada fijamente sin una pizca de temor y lo tom\u00f3 como un elogio. Y con una sonrisa nos dijo: \u2018Como si ser viejo y pobre fuese un agravio. \u00bfQui\u00e9nes son estos mocosos que quieren que me vaya a Uruguay de vuelta?\u2019\u201d.<\/p>\n<p>Desde la nota de tapa, <b>Nicol\u00e1s Trotta<\/b> evoca lo mejor de Mujica a trav\u00e9s de la voz del propio dirigente uruguayo. Ambos mantuvieron largas conversaciones que derivaron en la publicaci\u00f3n de un libro, <i>Mujica por Pepe<\/i>: <\/p>\n<p>\u201c\u2013\u00bfC\u00f3mo te gustar\u00eda ser recordado, Pepe?<\/p>\n<p>\u2013No, no me plante\u00e9 eso\u2026 Es tan, es tan&#8230; poco nuestra vida ante la magnitud del universo, de todo lo dem\u00e1s&#8230; que me parece muy presuntuoso cuando decimos \u2018es un hecho hist\u00f3rico\u2019. Como si tuviera alguna importancia en la magnitud colosal del tiempo y de las dimensiones del universo, \u00bfverdad? La tentativa de humanizar lo infinito que no lo podemos lograr\u2026 entonces nos autoatribuimos como especie. \u00a1Qu\u00e9 ambici\u00f3n de Dios que tenemos!, \u00bfverdad? Y somos unas hormigas, pero en fin\u2026 As\u00ed que no me he hecho ese planteo. Una barra de compa\u00f1eros me va a recordar un tiempo despu\u00e9s&#8230; por eso tengo el problema resuelto: que me prendan fuego y me entierren ah\u00ed cerquita de la perrita, ah\u00ed, abajo de un \u00e1rbol\u2026 Porque hay que aprender a morirse como los bichos del monte, sin ruido y sin aspamento. No somos ni tan trascendentes ni tan importantes, ni valemos m\u00e1s ni menos que una hormiga, me parece a m\u00ed\u2026<\/p>\n<p>Una barra interminable lo despidi\u00f3. Lo abraz\u00f3 un pa\u00eds entero. Lo extra\u00f1ar\u00e1n todos aquellos que sue\u00f1an con construir mejores realidades. Parti\u00f3 un luchador de toda la vida, un imprescindible, en palabras de Bertolt Brecht. \u2018La muerte est\u00e1 ah\u00ed, est\u00e1 dando vueltas. Al fin y al cabo, me ha despreciado varias veces\u2019, me confes\u00f3 en una de las charlas que mantuvimos en su chacra, donde ya descansa junto a su querida Manuela\u201d.<\/p>\n<p><!-- Live Blog Post --><\/div>\n<p><a href=\"https:\/\/www.pagina12.com.ar\/833864-caras-y-caretas-rinde-homenaje-a-pepe-mujica-el-hombre-que-s\">source<\/a><\/p>\n","protected":false},"excerpt":{"rendered":"<p>Guerrillero, preso pol\u00edtico, dirigente del Frente Amplio, presidente de Uruguay\u2026 Tuvo un derrotero cautivante, de&#8230;<\/p>\n","protected":false},"author":0,"featured_media":198907,"comment_status":"open","ping_status":"open","sticky":false,"template":"","format":"standard","meta":{"footnotes":""},"categories":[4],"tags":[],"class_list":["post-198906","post","type-post","status-publish","format-standard","has-post-thumbnail","hentry","category-espectaculos"],"featured_image_urls":{"full":["https:\/\/radiofenix.com.ar\/2023\/wp-content\/uploads\/2025\/06\/wp-header-logo-86.png",960,540,false],"thumbnail":["https:\/\/radiofenix.com.ar\/2023\/wp-content\/uploads\/2025\/06\/wp-header-logo-86-150x150.png",150,150,true],"medium":["https:\/\/radiofenix.com.ar\/2023\/wp-content\/uploads\/2025\/06\/wp-header-logo-86-300x169.png",300,169,true],"medium_large":["https:\/\/radiofenix.com.ar\/2023\/wp-content\/uploads\/2025\/06\/wp-header-logo-86-768x432.png",640,360,true],"large":["https:\/\/radiofenix.com.ar\/2023\/wp-content\/uploads\/2025\/06\/wp-header-logo-86.png",640,360,false],"1536x1536":["https:\/\/radiofenix.com.ar\/2023\/wp-content\/uploads\/2025\/06\/wp-header-logo-86.png",960,540,false],"2048x2048":["https:\/\/radiofenix.com.ar\/2023\/wp-content\/uploads\/2025\/06\/wp-header-logo-86.png",960,540,false],"newsium-slider-full":["https:\/\/radiofenix.com.ar\/2023\/wp-content\/uploads\/2025\/06\/wp-header-logo-86.png",960,540,false],"newsium-featured":["https:\/\/radiofenix.com.ar\/2023\/wp-content\/uploads\/2025\/06\/wp-header-logo-86.png",960,540,false],"newsium-medium":["https:\/\/radiofenix.com.ar\/2023\/wp-content\/uploads\/2025\/06\/wp-header-logo-86-720x475.png",720,475,true]},"author_info":{"info":[""]},"category_info":"<a href=\"https:\/\/radiofenix.com.ar\/2023\/category\/espectaculos\/\" rel=\"category tag\">Espectaculos<\/a>","tag_info":"Espectaculos","comment_count":"0","_links":{"self":[{"href":"https:\/\/radiofenix.com.ar\/2023\/wp-json\/wp\/v2\/posts\/198906","targetHints":{"allow":["GET"]}}],"collection":[{"href":"https:\/\/radiofenix.com.ar\/2023\/wp-json\/wp\/v2\/posts"}],"about":[{"href":"https:\/\/radiofenix.com.ar\/2023\/wp-json\/wp\/v2\/types\/post"}],"replies":[{"embeddable":true,"href":"https:\/\/radiofenix.com.ar\/2023\/wp-json\/wp\/v2\/comments?post=198906"}],"version-history":[{"count":0,"href":"https:\/\/radiofenix.com.ar\/2023\/wp-json\/wp\/v2\/posts\/198906\/revisions"}],"wp:featuredmedia":[{"embeddable":true,"href":"https:\/\/radiofenix.com.ar\/2023\/wp-json\/wp\/v2\/media\/198907"}],"wp:attachment":[{"href":"https:\/\/radiofenix.com.ar\/2023\/wp-json\/wp\/v2\/media?parent=198906"}],"wp:term":[{"taxonomy":"category","embeddable":true,"href":"https:\/\/radiofenix.com.ar\/2023\/wp-json\/wp\/v2\/categories?post=198906"},{"taxonomy":"post_tag","embeddable":true,"href":"https:\/\/radiofenix.com.ar\/2023\/wp-json\/wp\/v2\/tags?post=198906"}],"curies":[{"name":"wp","href":"https:\/\/api.w.org\/{rel}","templated":true}]}}