{"id":198908,"date":"2025-06-15T08:58:10","date_gmt":"2025-06-15T08:58:10","guid":{"rendered":"https:\/\/radiofenix.com.ar\/2023\/efemerides-de-hoy-que-paso-un-14-de-junio\/"},"modified":"2025-06-15T08:58:10","modified_gmt":"2025-06-15T08:58:10","slug":"efemerides-de-hoy-que-paso-un-14-de-junio","status":"publish","type":"post","link":"https:\/\/radiofenix.com.ar\/2023\/efemerides-de-hoy-que-paso-un-14-de-junio\/","title":{"rendered":"Efem\u00e9rides de hoy: qu\u00e9 pas\u00f3 un 14 de junio\u00a0"},"content":{"rendered":"<div><!-- Body --><\/p>\n<p>En las <b>efem\u00e9rides del 14 de junio<\/b> sobresalen estos hechos que ocurrieron un d\u00eda como hoy en la Argentina y el mundo:<\/p>\n<h2>1928. El nacimiento del <i>Che <\/i>Guevara<\/h2>\n<p>Ernesto Guevara nace en Rosario, <a href=\"https:\/\/www.pagina12.com.ar\/diario\/suplementos\/las12\/13-1788-2005-02-25.html\">si bien se afirma que su nacimiento pudo haber sido un mes antes y se lo anot\u00f3 en junio para disimular que su madre Celia ya estaba embarazada al momento de casarse<\/a>. Se crio en<a href=\"https:\/\/www.pagina12.com.ar\/28455-cuando-el-che-cazaba-nazis\"> Alta Gracia, C\u00f3rdoba, cuyo clima era propicio para paliar su asma<\/a>. Jug\u00f3 al rugby y estudi\u00f3 Medicina. Recorri\u00f3 Am\u00e9rica Latina con su amigo Alberto Granado. En 1953 emprendi\u00f3 un segundo viaje con <a href=\"https:\/\/www.pagina12.com.ar\/diario\/suplementos\/libros\/10-1925-2006-01-22.html\">Carlos \u201cCalica\u201d Ferrer<\/a>, que lo llev\u00f3 a la acci\u00f3n pol\u00edtica. <a href=\"https:\/\/www.pagina12.com.ar\/224217-guatemala-una-etapa-decisiva-del-che-guevara\">Presenci\u00f3 el golpe en Guatemala<\/a> y conoci\u00f3 a Fidel Castro. Acompa\u00f1\u00f3 la expedici\u00f3n del <i>Granma<\/i> y result\u00f3 una figura clave en el triunfo contra Fulgencio Batista. Tras la victoria de la Revoluci\u00f3n, <b>fue ministro de Industria y presidente del Banco Nacional de Cuba<\/b>. Contrario a una dependencia de la URSS, viaj\u00f3 al Congo, donde fracas\u00f3 en la campa\u00f1a junto a Laurent Kabila. M\u00e1s tarde se intern\u00f3 en la selva de Bolivia,<a href=\"https:\/\/www.pagina12.com.ar\/298141-el-gobierno-de-facto-de-bolivia-homenajeo-a-los-militares-qu\"> donde fue capturado y ejecutado por el ej\u00e9rcito de ese pa\u00eds<\/a> en octubre de 1967. <b>Sus restos fueron enterrados en Valle Grande, hallados en 1997 y llevados a Cuba<\/b>.<\/p>\n<p><iframe style=\"border: 0px; position: absolute; top: 0px; left: 0px; height: 100%;\" allowfullscreen=\"\" frameborder=\"0\" src=\"https:\/\/www.youtube.com\/embed\/Bd71gsscCKc\"><\/iframe><\/p>\n<h2>1940. La entrada de los nazis en Par\u00eds<\/h2>\n<p><b>Las tropas de Hitler entran en Par\u00eds<\/b>. Francia capitula y comienzan cuatro a\u00f1os de ocupaci\u00f3n alemana. Es el momento de mayor \u00e9xito de Alemania en la Segunda Guerra, con la ca\u00edda de Francia y el repliegue ingl\u00e9s en Dunkerque. <a href=\"https:\/\/www.pagina12.com.ar\/222260-ni-francia-ni-alemania-querian-volver-sobre-su-pasado\">El nazismo establece un gobierno t\u00edtere en Vichy, que promover\u00e1 las deportaciones de jud\u00edos<\/a>. El segundo frente abierto por los Aliados con el D\u00eda D permitir\u00e1 la liberaci\u00f3n de Francia en agosto de 1944.<\/p>\n<p><iframe style=\"border: 0px; position: absolute; top: 0px; left: 0px; height: 100%;\" allowfullscreen=\"\" frameborder=\"0\" src=\"https:\/\/www.youtube.com\/embed\/f0EBKhaFiP4\"><\/iframe><\/p>\n<h2>1946. Nace Donald Trump<\/h2>\n<p>Donald Trump nace en Nueva York.<b> El multimillonario es uno de los hombres m\u00e1s poderosos en bienes ra\u00edces y se hizo popular como medi\u00e1tico y con el reality show <i>El aprendiz<\/i><\/b>. De los negocios y la far\u00e1ndula pas\u00f3 a la pol\u00edtica. Despu\u00e9s de a\u00f1os de amagar con una candidatura, se present\u00f3 a las presidenciales de 2016. <b>Arras\u00f3 a sus rivales en la interna republicana<\/b> y <a href=\"https:\/\/www.pagina12.com.ar\/2104-trump-dio-el-batacazo-e-hizo-temblar-al-mundo\">derrot\u00f3 a Hillary Clinton<\/a>. Lleg\u00f3 a la Casa Blanca con <a href=\"https:\/\/www.pagina12.com.ar\/15386-simple-ee-uu-primero-ee-uu-primero\">un discurso populista de derecha<\/a>. Su campa\u00f1a se bas\u00f3 en construir <a href=\"https:\/\/www.pagina12.com.ar\/16289-trump-ordeno-levantar-el-muro-con-mexico\">un muro fronterizo con M\u00e9xico<\/a>. <b>Los a\u00f1os de Trump en el poder llevaron al resurgimiento del supremacismo blanco<\/b>, como se vio en <a href=\"https:\/\/www.pagina12.com.ar\/56295-masacre-de-antirracistas\">los hechos de Charlottesville<\/a>, que el mandatario <a href=\"https:\/\/www.pagina12.com.ar\/56436-trump-criticado-por-su-tibieza-con-los-neonazis\">no repudi\u00f3 con firmeza<\/a>; m\u00e1s la violencia por causas raciales que gener\u00f3 <a href=\"https:\/\/www.pagina12.com.ar\/269923-pese-a-las-amenazas-de-trump-y-los-toques-de-queda-las-prote\">el crimen de George Floyd<\/a>. Se embarc\u00f3 en una <a href=\"https:\/\/www.pagina12.com.ar\/239448-donald-trump-anuncio-la-firma-de-un-primer-acuerdo-con-china\">guerra comercial con China<\/a>, aplic\u00f3 un fuerte proteccionismo,<a href=\"https:\/\/www.pagina12.com.ar\/113440-trump-aviso-que-se-retira-del-tratado-con-iran\"> abandon\u00f3 el acuerdo nuclear con Ir\u00e1n <\/a>y congel\u00f3 relaciones con <a href=\"https:\/\/www.pagina12.com.ar\/316706-estados-unidos-volvio-a-declarar-a-cuba-como-estado-patrocin\">Cuba<\/a>, estos dos \u00faltimos, legados de Barack Obama. Tambi\u00e9n hizo que Estados Unidos se fuera del<a href=\"https:\/\/www.pagina12.com.ar\/229493-que-es-el-acuerdo-de-paris-y-que-implica-la-salida-anunciada\"> Acuerdo de Par\u00eds<\/a> sobre cambio clim\u00e1tico. Por<a href=\"https:\/\/www.pagina12.com.ar\/178570-trump-y-la-trama-rusa\"> la trama rusa<\/a> fue a juicio pol\u00edtico. <a href=\"https:\/\/www.pagina12.com.ar\/245923-trump-fue-absuelto-por-el-ucraniagate\">El Senado lo absolvi\u00f3 y sali\u00f3 fortalecido para su reelecci\u00f3n<\/a>, pero lleg\u00f3 el coronavirus. <a href=\"https:\/\/www.pagina12.com.ar\/297285-donald-trump-comparo-el-coronavirus-con-una-gripe\">El p\u00e9simo manejo de la pandemia<\/a><a href=\"https:\/\/www.pagina12.com.ar\/297285-donald-trump-comparo-el-coronavirus-con-una-gripe\"> <\/a>(minimiz\u00f3 su impacto con miles de muertos y encima se contagi\u00f3) jug\u00f3 a favor de Joe Biden, <a href=\"https:\/\/www.pagina12.com.ar\/304434-elecciones-en-estados-unidos-joe-biden-sera-el-proximo-presi\">que lo derrot\u00f3 en noviembre de 2020<\/a>. <b>Trump no admiti\u00f3 la victoria dem\u00f3crata y <\/b><a href=\"https:\/\/www.pagina12.com.ar\/315767-una-turba-trumpista-invadio-el-capitolio-para-evitar-la-conf\">fogone\u00f3 la toma del Capitolio <\/a><b>el 6 de enero de 2021<\/b>, cuando se certific\u00f3 a Biden como presidente electo. Por ese hecho sin antecedentes, ocurrido dos semanas antes de dejar la presidencia, enfrent\u00f3 un segundo <i>impeachment<\/i>, del cual <a href=\"https:\/\/www.pagina12.com.ar\/323616-trump-fue-absuelto-por-el-asalto-al-capitolio\">tambi\u00e9n fue absuelto<\/a>, d\u00edas despu\u00e9s de haber dejado el gobierno. <b>Qued\u00f3 en la historia por haber enfrentado dos juicios pol\u00edticos en un solo mandato<\/b>. La presidencia m\u00e1s bochornosa de la historia estadounidense culmin\u00f3 el 20 de enero de 2021 y <a href=\"https:\/\/www.pagina12.com.ar\/316121-donald-trump-no-asistira-a-la-toma-de-posesion-de-joe-biden\">Trump ni siquiera asisti\u00f3 a la ceremonia<\/a> de traspaso. <a href=\"https:\/\/www.pagina12.com.ar\/346151-facebook-anuncio-que-la-suspension-a-donald-trump-sera-por-d\">Hoy tiene vedado el acceso a redes sociales por la virulencia de su discurso<\/a>. Termin\u00f3 lanzando <a href=\"https:\/\/www.pagina12.com.ar\/402969-truth-social-donald-trump-lanzo-su-propia-red-social\">su propia red social<\/a>. Adem\u00e1s, enfrenta varias causas, una de ellas <a href=\"https:\/\/www.pagina12.com.ar\/544085-estoy-aqui-porque-donald-trump-me-violo-el-crudo-relato-de-l\">por violaci\u00f3n<\/a> y <a href=\"https:\/\/www.pagina12.com.ar\/548157-estados-unidos-trump-afirmo-que-apelara-la-condena-por-agres\">fue condenado en mayo de 2023<\/a>. Ungido candidato presidencial republicano por tercera vez consecutiva, <a href=\"https:\/\/www.pagina12.com.ar\/740952-donald-trump-fue-culpable-por-el-caso-de-soborno\">recibi\u00f3 una condena por sobornar a una actriz porno<\/a>. Sin embargo, <a href=\"https:\/\/www.pagina12.com.ar\/780749-los-lideres-del-mundo-felicitaron-a-donald-trump-por-su-triu\">gan\u00f3 las elecciones<\/a> y volvi\u00f3 a la Casa Blanca. Asumi\u00f3 el 20 de enero de 2025, imbuido de un discurso radicalizado de derecha e <a href=\"https:\/\/www.pagina12.com.ar\/798264-en-su-primer-dia-trump-indulto-a-los-procesados-por-el-asalt\">indult\u00f3 a los atacantes del Capitolio<\/a>. Retom\u00f3 la guerra comercial con una suba de aranceles.<\/p>\n<p><iframe style=\"border: 0px; position: absolute; top: 0px; left: 0px; height: 100%;\" allowfullscreen=\"\" frameborder=\"0\" src=\"https:\/\/www.youtube.com\/embed\/BAKYvvM6IpE\"><\/iframe><\/p>\n<h2>1952. El nacimiento de Lalo Mir<\/h2>\n<p><a href=\"https:\/\/www.pagina12.com.ar\/103289-el-mundo-en-el-que-vivimos-es-un-circo\">Nace Lalo Mir en San Pedro<\/a>. Una de las voces distintivas de la radiofon\u00eda argentina, <b>logr\u00f3 la popularidad con <i>Radio Bangkok<\/i><\/b>, ciclo de la Rock&amp;Pop que sali\u00f3 al aire entre 1987 y 1989.<b> <\/b><a href=\"https:\/\/www.pagina12.com.ar\/268695-lalo-mir-lee-una-contratapa-de-rosario-12\">Su trayectoria llega hasta hoy<\/a>, con ciclos en diversas emisoras, y tambi\u00e9n ha incursionado en televisi\u00f3n.<\/p>\n<p><iframe style=\"border: 0px; position: absolute; top: 0px; left: 0px; height: 100%;\" allowfullscreen=\"\" frameborder=\"0\" src=\"https:\/\/www.youtube.com\/embed\/yo-2FwbZKcQ\"><\/iframe><\/p>\n<h2>1956. Nace Juan Carlos Baglietto<\/h2>\n<p>En Rosario nace <a href=\"https:\/\/www.pagina12.com.ar\/294904-baglietto-vitale-un-clasico-en-streaming\">Juan Carlos Baglietto<\/a>. Exponente de <a href=\"https:\/\/www.pagina12.com.ar\/175253-nos-reconciliamos-con-nuestro-pasado-con-nuestra-historia\">la trova rosarina<\/a>, integr\u00f3 varios grupos antes de lanzar su carrera solista en 1981. <b>Grab\u00f3 el disco <i>Tiempos<\/i> <i>dif\u00edciles<\/i><\/b>, en 1982, que fue un \u00e9xito y se convirti\u00f3 en uno de los artistas emblem\u00e1ticos de la primavera democr\u00e1tica. Desde entonces se mantiene en actividad, con una amplia discograf\u00eda.<\/p>\n<p><iframe style=\"border: 0px; position: absolute; top: 0px; left: 0px; height: 100%;\" allowfullscreen=\"\" frameborder=\"0\" src=\"https:\/\/www.youtube.com\/embed\/t51Ofy2BxDs\"><\/iframe><\/p>\n<h2>1982. La rendici\u00f3n argentina en las Malvinas<\/h2>\n<p>El gobernador militar de las islas Malvinas, <b>Mario Benjam\u00edn Men\u00e9ndez, se rinde al general ingl\u00e9s Jeremy Moore<\/b>. <a href=\"https:\/\/www.pagina12.com.ar\/diario\/suplementos\/radar\/9-228-2002-06-16.html\">Termina as\u00ed el conflicto del Atl\u00e1ntico Sur, la primera y \u00fanica guerra que la Argentina afront\u00f3 en el siglo XX<\/a>. 74 d\u00edas antes, el 2 de abril, las tropas argentinas hab\u00edan desembarcado en el archipi\u00e9lago ocupado por Gran Breta\u00f1a desde 1833. Men\u00e9ndez capitula ante el asedio de Puerto Argentino y tras los combates del monte Longdon y del monte Tumbledown. <b>La guerra termina con 649 muertos del lado argentino<\/b>. Los brit\u00e1nicos sufren 255 bajas. <b>La derrota precipita la ca\u00edda del dictador Leopoldo Fortunato Galtieri<\/b>. El gobierno de facto, en plena descomposici\u00f3n, inicia su salida con miras a elecciones libres.<\/p>\n<p><iframe style=\"border: 0px; position: absolute; top: 0px; left: 0px; height: 100%;\" allowfullscreen=\"\" frameborder=\"0\" src=\"https:\/\/www.youtube.com\/embed\/LoFBw7y-_ck\"><\/iframe><\/p>\n<h2>1985. El Plan Austral<\/h2>\n<p>El presidente Ra\u00fal Alfons\u00edn y su ministro de Econom\u00eda, Juan Vital Sourrouille, <a href=\"https:\/\/www.pagina12.com.ar\/especiales\/14aniversario\/pag09.htm\">anuncian la puesta en marcha del Plan Austral<\/a>. Se trata de un agresivo programa de shock para estabilizar la econom\u00eda y frenar el avance de la inflaci\u00f3n. <b>Hay un cambio de signo monetario: la nueva moneda, que reemplaza al peso argentino, es el austral. Precios, salarios y tarifas quedan congelados<\/b>. El programa es consensuado con el FMI y tiene aspectos heterodoxos. Los primeros meses son exitosos, con una baja sensible de la inflaci\u00f3n, lo cual permite a la UCR ganar las elecciones legislativas de noviembre del 85.<\/p>\n<p><iframe style=\"border: 0px; position: absolute; top: 0px; left: 0px; height: 100%;\" allowfullscreen=\"\" frameborder=\"0\" src=\"https:\/\/www.youtube.com\/embed\/o4puS7iy_ns\"><\/iframe><\/p>\n<h2>1986. Fallece Jorge Luis Borges<\/h2>\n<p><a href=\"https:\/\/www.pagina12.com.ar\/diario\/especiales\/subnotas\/62238-20580-2006-01-28.html\">Jorge Luis Borges <\/a>muere en Ginebra, la ciudad de su juventud, a los 86 a\u00f1os. Hab\u00eda dejado la Argentina a fines del a\u00f1o anterior para radicarse en la ciudad suiza donde vivi\u00f3 y estudi\u00f3 en los a\u00f1os de la Primera Guerra. <b>El mayor escritor argentino del siglo XX es enterrado en la ciudad de la Suiza franc\u00f3fona<\/b>. Dos meses antes se hab\u00eda casado con su secretaria, <a href=\"https:\/\/www.pagina12.com.ar\/535211-murio-maria-kodama-la-heredera-y-custodia-del-legado-de-borg\">Mar\u00eda Kodama<\/a>, a la que en un nuevo testamento nombr\u00f3 su heredera universal. La obra central de Borges est\u00e1 compuesta por los cuentos de <i>Ficciones<\/i> y <i>El Aleph<\/i>, los ensayos de<i> Otras inquisiciones <\/i>y un volumen que re\u00fane poemas y relatos cortos: <i>El hacedor<\/i>. Tambi\u00e9n public\u00f3 libros de poemas como <i>Fervor de Buenos Aires<\/i>, <i>El oro de los tigres<\/i>, <i>La cifra<\/i> y <i>Los conjurados<\/i>. Escribi\u00f3 en coautor\u00eda con Adolfo Bioy Casares libros como <i>Seis problemas para don Isidro Parodi<\/i> y <i>Cr\u00f3nicas de Bustos Domecq<\/i>. <a href=\"https:\/\/www.pagina12.com.ar\/298391-la-fiesta-del-monstruo\">Fue furiosamente antiperonista<\/a>. Aplaudi\u00f3 los golpes de 1955 y 1976, pero <a href=\"https:\/\/www.pagina12.com.ar\/304315-el-texto-que-borges-escribio-a-partir-del-testimonio-de-vict\">repudi\u00f3 el terrorismo de Estado<\/a>. Adem\u00e1s, <a href=\"https:\/\/www.pagina12.com.ar\/233034-cuando-jorge-luis-borges-enseno-literatura-inglesa-en-la-uba\">dio clases en la UBA<\/a>. Eterno candidato al Premio Nobel, <b>obtuvo el Cervantes en 1979<\/b>.<\/p>\n<p><iframe style=\"border: 0px; position: absolute; top: 0px; left: 0px; height: 100%;\" allowfullscreen=\"\" frameborder=\"0\" src=\"https:\/\/www.youtube.com\/embed\/LHfWQpGP8I0\"><\/iframe><\/p>\n<h2>1988. Muere Sara Gallardo<\/h2>\n<p>A los 56 a\u00f1os <a href=\"https:\/\/www.pagina12.com.ar\/121696-la-escritora-que-no-se-parecia-a-nada\">fallece Sara Gallardo<\/a>. La escritora proven\u00eda de una familia de prosapia. Era tataranieta de Bartolom\u00e9 Mitre, bisnieta de Miguel Can\u00e9 y nieta de \u00c1ngel Gallardo. En 1958 apareci\u00f3 su primera novela, <i>Enero<\/i>, a la que le sigui\u00f3 <i>Pantalones azules<\/i>, en 1963. M\u00e1s tarde vendr\u00edan sus novelas m\u00e1s celebradas: <i>Los galgos, los galgos<\/i>, en 1968; y <i>Eisejuaz<\/i>, en 1971. <a href=\"https:\/\/www.pagina12.com.ar\/diario\/suplementos\/libros\/10-1333-2004-11-28.html\">Tambi\u00e9n public\u00f3 los vol\u00famenes de cuentos <i>El pa\u00eds del humo<\/i> y <i>La rosa en el viento<\/i><\/a>, adem\u00e1s de incursionar en la literatura infantil. <b>Sus columnas en la revista <i>Confirmado<\/i> se reunieron en <\/b><a href=\"https:\/\/www.pagina12.com.ar\/diario\/suplementos\/libros\/10-5779-2016-02-07.html\"><i>Macaneos<\/i><\/a>; el resto de su obra period\u00edstica se edit\u00f3 en <a href=\"https:\/\/www.pagina12.com.ar\/138660-la-escritora-esquiva\"><i>Los oficios<\/i><\/a>.<\/p>\n<p><iframe style=\"border: 0px; position: absolute; top: 0px; left: 0px; height: 100%;\" allowfullscreen=\"\" frameborder=\"0\" src=\"https:\/\/www.youtube.com\/embed\/6ALyXGE0X7M\"><\/iframe><\/p>\n<h2>1999. Fallece Osvaldo Drag\u00fan<\/h2>\n<p><a href=\"https:\/\/www.pagina12.com.ar\/1999\/99-06\/99-06-15\/pag24.htm\">Muere el dramaturgo Osvaldo Drag\u00fan<\/a>. Ten\u00eda 70 a\u00f1os y <a href=\"https:\/\/www.pagina12.com.ar\/diario\/suplementos\/radar\/subnotas\/9218-2057-2013-10-20.html\">fue uno de los promotores de Teatro Abierto<\/a>, la gran iniciativa de resistencia cultural contra la dictadura, en 1981. Su primera obra fue <i>La peste viene de Melos<\/i>, en 1956. Luego vendr\u00edan <i>T\u00fapac Amaru<\/i>, <i>Los de la mesa 10<\/i>, <i>Mi obelisco y yo<\/i> (escrita para Teatro Abierto) y <i>Volver a La Habana<\/i>, entre otros t\u00edtulos, adem\u00e1s de la telenovela <i>Los cien d\u00edas de Ana<\/i>. <b>Figura del teatro independiente, rescat\u00f3 el Teatro del Pueblo<\/b>.<\/p>\n<p><iframe style=\"border: 0px; position: absolute; top: 0px; left: 0px; height: 100%;\" allowfullscreen=\"\" frameborder=\"0\" src=\"https:\/\/www.youtube.com\/embed\/p_34hKLFtOU\"><\/iframe><\/p>\n<h2>2005. Declaran inconstitucionales las leyes<br \/>\nde impunidad<\/h2>\n<p><a href=\"https:\/\/www.pagina12.com.ar\/diario\/elpais\/1-52445-2005-06-15.html\">La Corte Suprema de Justicia de la Naci\u00f3n declara la inconstitucionalidad de las leyes de Punto Final y Obediencia Debida<\/a>. Siete de los nueve jueces votan en ese sentido, uno en contra y el restante se abstiene. De este modo, los represores de la \u00faltima dictadura militar ya no pueden ampararse en aquellas normas sancionadas durante el gobierno de Ra\u00fal Alfons\u00edn, <a href=\"https:\/\/www.pagina12.com.ar\/diario\/elpais\/1-24433-2003-08-22.html\">y que el Congreso anul\u00f3 en 2003<\/a>. La sentencia de la Corte reconoce la validez de la anulaci\u00f3n parlamentaria. <b>El juez Carlos Fayt, que hab\u00eda votado a favor de la validez de ambas leyes en 1987, ratifica su voto de entonces<\/b>. Enrique Petracchi cambia su voto de dieciocho a\u00f1os antes y las considera inconstitucionales. <b>Augusto Belluscio es quien se abstiene, tras haber votado la convalidaci\u00f3n<\/b>.<\/p>\n<p><iframe style=\"border: 0px; position: absolute; top: 0px; left: 0px; height: 100%;\" allowfullscreen=\"\" frameborder=\"0\" src=\"https:\/\/www.youtube.com\/embed\/-ZsqjXhS4rQ\"><\/iframe><\/p>\n<p>Adem\u00e1s, es el <b>D\u00eda Mundial del Donante de Sangre<\/b>, tal cual lo estipulara la Organizaci\u00f3n Mundial de la Salud.<\/p>\n<p><!-- Live Blog Post --><\/div>\n<p><a href=\"https:\/\/www.pagina12.com.ar\/833314-efemerides-de-hoy-que-paso-un-14-de-junio\">source<\/a><\/p>\n","protected":false},"excerpt":{"rendered":"<p>En las efem\u00e9rides del 14 de junio sobresalen estos hechos que ocurrieron un d\u00eda como&#8230;<\/p>\n","protected":false},"author":0,"featured_media":198909,"comment_status":"open","ping_status":"open","sticky":false,"template":"","format":"standard","meta":{"footnotes":""},"categories":[7],"tags":[],"class_list":["post-198908","post","type-post","status-publish","format-standard","has-post-thumbnail","hentry","category-sociedad"],"featured_image_urls":{"full":["https:\/\/radiofenix.com.ar\/2023\/wp-content\/uploads\/2025\/06\/wp-header-logo-87.png",960,540,false],"thumbnail":["https:\/\/radiofenix.com.ar\/2023\/wp-content\/uploads\/2025\/06\/wp-header-logo-87-150x150.png",150,150,true],"medium":["https:\/\/radiofenix.com.ar\/2023\/wp-content\/uploads\/2025\/06\/wp-header-logo-87-300x169.png",300,169,true],"medium_large":["https:\/\/radiofenix.com.ar\/2023\/wp-content\/uploads\/2025\/06\/wp-header-logo-87-768x432.png",640,360,true],"large":["https:\/\/radiofenix.com.ar\/2023\/wp-content\/uploads\/2025\/06\/wp-header-logo-87.png",640,360,false],"1536x1536":["https:\/\/radiofenix.com.ar\/2023\/wp-content\/uploads\/2025\/06\/wp-header-logo-87.png",960,540,false],"2048x2048":["https:\/\/radiofenix.com.ar\/2023\/wp-content\/uploads\/2025\/06\/wp-header-logo-87.png",960,540,false],"newsium-slider-full":["https:\/\/radiofenix.com.ar\/2023\/wp-content\/uploads\/2025\/06\/wp-header-logo-87.png",960,540,false],"newsium-featured":["https:\/\/radiofenix.com.ar\/2023\/wp-content\/uploads\/2025\/06\/wp-header-logo-87.png",960,540,false],"newsium-medium":["https:\/\/radiofenix.com.ar\/2023\/wp-content\/uploads\/2025\/06\/wp-header-logo-87-720x475.png",720,475,true]},"author_info":{"info":[""]},"category_info":"<a href=\"https:\/\/radiofenix.com.ar\/2023\/category\/sociedad\/\" rel=\"category tag\">Sociedad<\/a>","tag_info":"Sociedad","comment_count":"0","_links":{"self":[{"href":"https:\/\/radiofenix.com.ar\/2023\/wp-json\/wp\/v2\/posts\/198908","targetHints":{"allow":["GET"]}}],"collection":[{"href":"https:\/\/radiofenix.com.ar\/2023\/wp-json\/wp\/v2\/posts"}],"about":[{"href":"https:\/\/radiofenix.com.ar\/2023\/wp-json\/wp\/v2\/types\/post"}],"replies":[{"embeddable":true,"href":"https:\/\/radiofenix.com.ar\/2023\/wp-json\/wp\/v2\/comments?post=198908"}],"version-history":[{"count":0,"href":"https:\/\/radiofenix.com.ar\/2023\/wp-json\/wp\/v2\/posts\/198908\/revisions"}],"wp:featuredmedia":[{"embeddable":true,"href":"https:\/\/radiofenix.com.ar\/2023\/wp-json\/wp\/v2\/media\/198909"}],"wp:attachment":[{"href":"https:\/\/radiofenix.com.ar\/2023\/wp-json\/wp\/v2\/media?parent=198908"}],"wp:term":[{"taxonomy":"category","embeddable":true,"href":"https:\/\/radiofenix.com.ar\/2023\/wp-json\/wp\/v2\/categories?post=198908"},{"taxonomy":"post_tag","embeddable":true,"href":"https:\/\/radiofenix.com.ar\/2023\/wp-json\/wp\/v2\/tags?post=198908"}],"curies":[{"name":"wp","href":"https:\/\/api.w.org\/{rel}","templated":true}]}}