{"id":198918,"date":"2025-06-16T08:59:05","date_gmt":"2025-06-16T08:59:05","guid":{"rendered":"https:\/\/radiofenix.com.ar\/2023\/rocca-se-quejo-por-el-bajo-nivel-educativo\/"},"modified":"2025-06-16T08:59:05","modified_gmt":"2025-06-16T08:59:05","slug":"rocca-se-quejo-por-el-bajo-nivel-educativo","status":"publish","type":"post","link":"https:\/\/radiofenix.com.ar\/2023\/rocca-se-quejo-por-el-bajo-nivel-educativo\/","title":{"rendered":"Rocca se quej\u00f3 por el bajo nivel educativo"},"content":{"rendered":"<div><!-- Body --><\/p>\n<p>El CEO del Grupo Techint, Paolo Rocca, revel\u00f3 los problemas que enfrenta la compa\u00f1\u00eda para conseguir obreros calificados, debido al <b>nivel educativo <\/b>de quienes se presentan a las entrevistas de trabajo y remarc\u00f3 \u00absin industria no hay pa\u00eds\u00bb.\u00a0<\/p>\n<p>\u00abLos candidatos fallan en preguntas simples como si con dos litros de aceite puedo sostener cuatro motores \u00bfcu\u00e1ntos litros de aceite necesito para sostener diez motores?\u00bb, detall\u00f3 y valor\u00f3 la educaci\u00f3n como fundamental <b>para el crecimiento industrial de Argentina.<\/b><\/p>\n<p>\u00abNecesitamos un nivel educativo capaz de alimentar estructuras y tecnolog\u00eda de avanzada,<b> IA y digitalizaci\u00f3n<\/b>. Esto provoca un salto en la capacidad industrial y el progreso, pero requiere educaci\u00f3n\u00bb, opin\u00f3 el empresario durante la IV edici\u00f3n del D\u00eda de la Educaci\u00f3n Roberto Rocca.<\/p>\n<p>El presidente del mayor conglomerado del pa\u00eds, advirti\u00f3 que la Argentina \u00abtiene una debilidad estructural que afecta a la capacidad de crecimiento y transformaci\u00f3n\u00bb y ejemplific\u00f3: \u201cDesde Techint Ingenier\u00eda y Construcci\u00f3n la planta de La Calera, de Pluspetrol en Neuqu\u00e9n, debimos entrevistar a 10.800 personas para poder lograr 3.800 obreros que trabajaran\u201d.<\/p>\n<p>A cargo del discurso de clausura del evento, expres\u00f3 tambi\u00e9n la necesidad de invertir en\u00a0<b> promover los valores de la cultura industrial<\/b> porque \u00abson esenciales en la educaci\u00f3n: el m\u00e9rito, la disciplina, una visi\u00f3n a mediano y largo plazo, la racionalidad en encarar los problemas y no la casualidad\u201d.\u00a0<\/p>\n<p>\u201cVeo a la educaci\u00f3n como un factor fundamental para el crecimiento industrial del pa\u00eds. Sin industria no hay pa\u00eds. La transformaci\u00f3n fabril es un componente esencial del progreso social, econ\u00f3mico y educativo de una sociedad\u201d, concluy\u00f3 para el cierre, junto a funcionarios como el gobernador de San Luis, Claudio Poggi, y la vicegobernadora de Santa Fe, Gisela Scaglia; y Mariano Narodowski, director de Educaci\u00f3n de la Universidad Torcuato Di Tella, en la Escuela T\u00e9cnica Roberto Rocca, en Campana.<\/p>\n<p>La gesti\u00f3n de Javier Milei va a contramano del discurso de Rocca, con fuertes recortes a sectores claves como educaci\u00f3n e innovaci\u00f3n. La ejecuci\u00f3n del Presupuesto nacional destinado a ciencia y tecnolog\u00eda <b>se desplom\u00f3\u00a0 30,3 por ciento en 2024 y 25,4 por ciento en el primer cuatrimestre de este a\u00f1o<\/b>, seg\u00fan el Grupo EPC del Centro Iberoamericano de Investigaci\u00f3n en Ciencia, Tecnolog\u00eda e Innovaci\u00f3n (CIICTI).<\/p>\n<p>\u00a0<\/p>\n<p><!-- Live Blog Post --><\/div>\n<p><a href=\"https:\/\/www.pagina12.com.ar\/833935-rocca-se-quejo-por-el-bajo-nivel-educativo\">source<\/a><\/p>\n","protected":false},"excerpt":{"rendered":"<p>El CEO del Grupo Techint, Paolo Rocca, revel\u00f3 los problemas que enfrenta la compa\u00f1\u00eda para&#8230;<\/p>\n","protected":false},"author":0,"featured_media":198919,"comment_status":"open","ping_status":"open","sticky":false,"template":"","format":"standard","meta":{"footnotes":""},"categories":[5],"tags":[],"class_list":["post-198918","post","type-post","status-publish","format-standard","has-post-thumbnail","hentry","category-economia"],"featured_image_urls":{"full":["https:\/\/radiofenix.com.ar\/2023\/wp-content\/uploads\/2025\/06\/wp-header-logo-92.png",960,540,false],"thumbnail":["https:\/\/radiofenix.com.ar\/2023\/wp-content\/uploads\/2025\/06\/wp-header-logo-92-150x150.png",150,150,true],"medium":["https:\/\/radiofenix.com.ar\/2023\/wp-content\/uploads\/2025\/06\/wp-header-logo-92-300x169.png",300,169,true],"medium_large":["https:\/\/radiofenix.com.ar\/2023\/wp-content\/uploads\/2025\/06\/wp-header-logo-92-768x432.png",640,360,true],"large":["https:\/\/radiofenix.com.ar\/2023\/wp-content\/uploads\/2025\/06\/wp-header-logo-92.png",640,360,false],"1536x1536":["https:\/\/radiofenix.com.ar\/2023\/wp-content\/uploads\/2025\/06\/wp-header-logo-92.png",960,540,false],"2048x2048":["https:\/\/radiofenix.com.ar\/2023\/wp-content\/uploads\/2025\/06\/wp-header-logo-92.png",960,540,false],"newsium-slider-full":["https:\/\/radiofenix.com.ar\/2023\/wp-content\/uploads\/2025\/06\/wp-header-logo-92.png",960,540,false],"newsium-featured":["https:\/\/radiofenix.com.ar\/2023\/wp-content\/uploads\/2025\/06\/wp-header-logo-92.png",960,540,false],"newsium-medium":["https:\/\/radiofenix.com.ar\/2023\/wp-content\/uploads\/2025\/06\/wp-header-logo-92-720x475.png",720,475,true]},"author_info":{"info":[""]},"category_info":"<a href=\"https:\/\/radiofenix.com.ar\/2023\/category\/economia\/\" rel=\"category tag\">Economia<\/a>","tag_info":"Economia","comment_count":"0","_links":{"self":[{"href":"https:\/\/radiofenix.com.ar\/2023\/wp-json\/wp\/v2\/posts\/198918","targetHints":{"allow":["GET"]}}],"collection":[{"href":"https:\/\/radiofenix.com.ar\/2023\/wp-json\/wp\/v2\/posts"}],"about":[{"href":"https:\/\/radiofenix.com.ar\/2023\/wp-json\/wp\/v2\/types\/post"}],"replies":[{"embeddable":true,"href":"https:\/\/radiofenix.com.ar\/2023\/wp-json\/wp\/v2\/comments?post=198918"}],"version-history":[{"count":0,"href":"https:\/\/radiofenix.com.ar\/2023\/wp-json\/wp\/v2\/posts\/198918\/revisions"}],"wp:featuredmedia":[{"embeddable":true,"href":"https:\/\/radiofenix.com.ar\/2023\/wp-json\/wp\/v2\/media\/198919"}],"wp:attachment":[{"href":"https:\/\/radiofenix.com.ar\/2023\/wp-json\/wp\/v2\/media?parent=198918"}],"wp:term":[{"taxonomy":"category","embeddable":true,"href":"https:\/\/radiofenix.com.ar\/2023\/wp-json\/wp\/v2\/categories?post=198918"},{"taxonomy":"post_tag","embeddable":true,"href":"https:\/\/radiofenix.com.ar\/2023\/wp-json\/wp\/v2\/tags?post=198918"}],"curies":[{"name":"wp","href":"https:\/\/api.w.org\/{rel}","templated":true}]}}