{"id":198922,"date":"2025-06-16T08:59:09","date_gmt":"2025-06-16T08:59:09","guid":{"rendered":"https:\/\/radiofenix.com.ar\/2023\/al-menos-90-personas-murieron-por-ataques-israelies-en-iran\/"},"modified":"2025-06-16T08:59:09","modified_gmt":"2025-06-16T08:59:09","slug":"al-menos-90-personas-murieron-por-ataques-israelies-en-iran","status":"publish","type":"post","link":"https:\/\/radiofenix.com.ar\/2023\/al-menos-90-personas-murieron-por-ataques-israelies-en-iran\/","title":{"rendered":"Al menos 90 personas murieron por ataques israel\u00edes en Ir\u00e1n\u00a0"},"content":{"rendered":"<div><!-- Body --><\/p>\n<p><b>Al menos 90 personas murieron este s\u00e1bado en nuevos bombardeos israelies en diferentes puntos de <a href=\"https:\/\/www.pagina12.com.ar\/833964-llamados-globales-a-la-desescalada-entre-israel-e-iran\">Ir\u00e1n<\/a><\/b>, seg\u00fan inform\u00f3 la prensa local. Mientras tanto <b>en <a href=\"https:\/\/www.pagina12.com.ar\/833912-un-ataque-preventivo-para-incentivar-la-guerra\">Israel<\/a><\/b>, los bomberos reportaron a \u00faltima hora del d\u00eda varios incidentes, incluyendo <b>da\u00f1os en edificios residenciales<\/b> e incendios en \u00e1reas abiertas, despu\u00e9s de que sonaran las alarmas en el norte del pa\u00eds por un nuevo ataque con misiles de Ir\u00e1n.<\/p>\n<p>En un comunicado, los bomberos indicaron que estaban trabajando en el lugar del derrumbe de un edificio en la regi\u00f3n norte\u00f1a de Galilea, donde comenzaron la b\u00fasqueda de personas atrapadas, y que recibieron llamadas sobre varios derrumbes en la regi\u00f3n norte. Las alarmas sonaron en Israel a las 23:12 hora local ante un nuevo ataque de Teher\u00e1n, que constituye la <b>quinta oleada de misiles <\/b>lanzados en respuesta a los bombardeos israel\u00edes en territorio iran\u00ed.<\/p>\n<h2>Ataques de Israel<\/h2>\n<p>Respecto a la ofensiva israel\u00ed, <b>al menos 60 personas, 29 de ellas ni\u00f1os, en un ataque contra un edificio residencial de Teher\u00e1n<\/b>, inform\u00f3 la cadena iran\u00ed de noticias Press TV. El diario Teheran Times precis\u00f3 que en el lugar viv\u00edan empleados del Ministerio de Defensa. <b>En la provincia iran\u00ed de Azerbaiy\u00e1n Oriental, al menos 31 personas murieron y 55 resultaron heridas<\/b>. \u201c30 efectivos militares y un miembro de la Media Luna Roja murieron en defensa de la patria Isl\u00e1mica en la provincia de Azerbaiy\u00e1n Oriental en agresiones del r\u00e9gimen sionista\u201d, indic\u00f3 el diario Teher\u00e1n Times, que a\u00f1adi\u00f3 que otras 55 personas resultaron heridas.<\/p>\n<p><b>Israel alcanz\u00f3 con un dron una refiner\u00eda<\/b> en el yacimiento de gas natural South Pars, situado en el golfo P\u00e9rsico, que provoc\u00f3 un incendio que fue controlado, inform\u00f3 el Ministerio de Petr\u00f3leo de Ir\u00e1n en un comunicado. Dicho yacimiento de gas natural es el m\u00e1s grande del mundo e Ir\u00e1n lo comparte con Qatar. El ataque paraliz\u00f3 la refiner\u00eda, que produce 12 millones de metros c\u00fabicos al d\u00eda, seg\u00fan medios locales. La agencia Tasnim inform\u00f3 de otro ataque contra la refiner\u00eda Fajr Jam, situada en la provincia de Bushehr, al igual que la de South Pars.<\/p>\n<p>Las Fuerzas <b>tambi\u00e9n atacaron un almac\u00e9n subterr\u00e1neo de misiles en el oeste de Ir\u00e1n<\/b>, anunci\u00f3 el Ej\u00e9rcito israel\u00ed en un comunicado, en el que adem\u00e1s asegur\u00f3 que esta posici\u00f3n hab\u00eda aparecido con anterioridad en v\u00eddeos de propaganda iran\u00edes, en los que aparec\u00edan tanto el jefe del Estado Mayor de Ir\u00e1n, Mohammad Hussein Baqer\u00ed, como el comandante de la Fuerza A\u00e9rea de la Guardia Revolucionaria, Amir Ali Hajizadeh. Ambos han muerto en los primeros bombardeos de Israel.<\/p>\n<p>Israel asegura haber matado en sus ataques a m\u00e1s de 20 comandantes del estamento de seguridad iran\u00ed. La aviaci\u00f3n comenz\u00f3 a bombardear el territorio en la madrugada del viernes se\u00f1alando los avances en el programa nuclear de la rep\u00fablica isl\u00e1mica y la amenaza que supone para el pa\u00eds su manufactura de misiles bal\u00edsticos. Desde entonces, las tropas han atacado infraestructuras militares (sistemas de defensa a\u00e9rea y almacenes de misiles bal\u00edsticos), pero tambi\u00e9n a altos cargos de la Guardia Revolucionaria iran\u00ed o cient\u00edficos nucleares.<\/p>\n<h2>\u00abSobrevolando los cielos de Teher\u00e1n\u00bb<\/h2>\n<p>El primer ministro israel\u00ed, <b>Benjam\u00edn Netanyahu<\/b>, anunci\u00f3 que su ej\u00e9rcito profundizar\u00e1 sus ataques. \u00abHemos allanado el camino hacia Teher\u00e1n. En un futuro muy pr\u00f3ximo <b>ver\u00e1n aviones israel\u00edes, nuestros pilotos sobrevolando los cielos de Teher\u00e1n\u00bb<\/b>, afirm\u00f3 en un video difundido en redes sociales.<\/p>\n<p>Seg\u00fan Netanyahu, Ir\u00e1n quiere desarrollar 20.000 misiles bal\u00edsticos para destruir Israel. \u00abNo podemos permitirnos que desarrollen capacidad de producci\u00f3n para 20.000 misiles, as\u00ed que hemos tomado medidas para destruirla, y eso es lo que las Fuerzas de Defensa de Israel est\u00e1n haciendo ahora\u00bb, a\u00f1adi\u00f3.<\/p>\n<p>Por su parte, el presidente de Ir\u00e1n, <b>Masud Pezeshkian<\/b>, advirti\u00f3 que habr\u00e1 una respuesta militar m\u00e1s dura contra Israel si contin\u00faa con sus bombardeos. \u00abSi contin\u00faan las agresiones sionistas habr\u00e1 una respuesta m\u00e1s grave y potente de las Fuerzas Armadas iran\u00edes\u00bb, afirm\u00f3 Pezeshkian durante una conversaci\u00f3n con el primer ministro paquistan\u00ed, Shehbaz Sharif.<\/p>\n<p>\u00abNaturalmente ver\u00edamos estas agresiones contra nuestra tierra y la masacre de nuestro pueblo y nuestros cient\u00edficos a diario si la Rep\u00fablica Isl\u00e1mica no fuera capaz de defenderse contra este r\u00e9gimen criminal y asesino de ni\u00f1os\u00bb, subray\u00f3. \u00abLa Rep\u00fablica Isl\u00e1mica siempre ha buscado reforzar y ampliar la paz y la seguridad en la regi\u00f3n y en el mundo, pero <b>estos incidentes son la prueba de que si no tenemos una defensa fuerte, sufriremos los ataques de este r\u00e9gimen criminal y asesino\u00bb<\/b>, agreg\u00f3.<\/p>\n<p><!-- Live Blog Post --><\/div>\n<p><a href=\"https:\/\/www.pagina12.com.ar\/834171-al-menos-90-personas-murieron-por-ataques-israelies-en-iran\">source<\/a><\/p>\n","protected":false},"excerpt":{"rendered":"<p>Al menos 90 personas murieron este s\u00e1bado en nuevos bombardeos israelies en diferentes puntos de&#8230;<\/p>\n","protected":false},"author":0,"featured_media":198923,"comment_status":"open","ping_status":"open","sticky":false,"template":"","format":"standard","meta":{"footnotes":""},"categories":[60],"tags":[],"class_list":["post-198922","post","type-post","status-publish","format-standard","has-post-thumbnail","hentry","category-internacional"],"featured_image_urls":{"full":["https:\/\/radiofenix.com.ar\/2023\/wp-content\/uploads\/2025\/06\/wp-header-logo-94.png",960,540,false],"thumbnail":["https:\/\/radiofenix.com.ar\/2023\/wp-content\/uploads\/2025\/06\/wp-header-logo-94-150x150.png",150,150,true],"medium":["https:\/\/radiofenix.com.ar\/2023\/wp-content\/uploads\/2025\/06\/wp-header-logo-94-300x169.png",300,169,true],"medium_large":["https:\/\/radiofenix.com.ar\/2023\/wp-content\/uploads\/2025\/06\/wp-header-logo-94-768x432.png",640,360,true],"large":["https:\/\/radiofenix.com.ar\/2023\/wp-content\/uploads\/2025\/06\/wp-header-logo-94.png",640,360,false],"1536x1536":["https:\/\/radiofenix.com.ar\/2023\/wp-content\/uploads\/2025\/06\/wp-header-logo-94.png",960,540,false],"2048x2048":["https:\/\/radiofenix.com.ar\/2023\/wp-content\/uploads\/2025\/06\/wp-header-logo-94.png",960,540,false],"newsium-slider-full":["https:\/\/radiofenix.com.ar\/2023\/wp-content\/uploads\/2025\/06\/wp-header-logo-94.png",960,540,false],"newsium-featured":["https:\/\/radiofenix.com.ar\/2023\/wp-content\/uploads\/2025\/06\/wp-header-logo-94.png",960,540,false],"newsium-medium":["https:\/\/radiofenix.com.ar\/2023\/wp-content\/uploads\/2025\/06\/wp-header-logo-94-720x475.png",720,475,true]},"author_info":{"info":[""]},"category_info":"<a href=\"https:\/\/radiofenix.com.ar\/2023\/category\/internacional\/\" rel=\"category tag\">Internacional<\/a>","tag_info":"Internacional","comment_count":"0","_links":{"self":[{"href":"https:\/\/radiofenix.com.ar\/2023\/wp-json\/wp\/v2\/posts\/198922","targetHints":{"allow":["GET"]}}],"collection":[{"href":"https:\/\/radiofenix.com.ar\/2023\/wp-json\/wp\/v2\/posts"}],"about":[{"href":"https:\/\/radiofenix.com.ar\/2023\/wp-json\/wp\/v2\/types\/post"}],"replies":[{"embeddable":true,"href":"https:\/\/radiofenix.com.ar\/2023\/wp-json\/wp\/v2\/comments?post=198922"}],"version-history":[{"count":0,"href":"https:\/\/radiofenix.com.ar\/2023\/wp-json\/wp\/v2\/posts\/198922\/revisions"}],"wp:featuredmedia":[{"embeddable":true,"href":"https:\/\/radiofenix.com.ar\/2023\/wp-json\/wp\/v2\/media\/198923"}],"wp:attachment":[{"href":"https:\/\/radiofenix.com.ar\/2023\/wp-json\/wp\/v2\/media?parent=198922"}],"wp:term":[{"taxonomy":"category","embeddable":true,"href":"https:\/\/radiofenix.com.ar\/2023\/wp-json\/wp\/v2\/categories?post=198922"},{"taxonomy":"post_tag","embeddable":true,"href":"https:\/\/radiofenix.com.ar\/2023\/wp-json\/wp\/v2\/tags?post=198922"}],"curies":[{"name":"wp","href":"https:\/\/api.w.org\/{rel}","templated":true}]}}