{"id":198924,"date":"2025-06-16T08:59:11","date_gmt":"2025-06-16T08:59:11","guid":{"rendered":"https:\/\/radiofenix.com.ar\/2023\/aumento-de-salarios-en-el-senado-uno-por-uno-los-legisladores-que-renunciaron-a-la-suba\/"},"modified":"2025-06-16T08:59:11","modified_gmt":"2025-06-16T08:59:11","slug":"aumento-de-salarios-en-el-senado-uno-por-uno-los-legisladores-que-renunciaron-a-la-suba","status":"publish","type":"post","link":"https:\/\/radiofenix.com.ar\/2023\/aumento-de-salarios-en-el-senado-uno-por-uno-los-legisladores-que-renunciaron-a-la-suba\/","title":{"rendered":"Aumento de salarios en el Senado: uno por uno, los legisladores que renunciaron a la suba"},"content":{"rendered":"<div id=\"note-body\">\n<p>Diversos senadores, incluyendo la mayor\u00eda de los legisladores \u00abdialoguistas\u00bb y los del oficialismo, han rechazado el <a href=\"https:\/\/www.minutouno.com\/economia\/vuelven-subirse-los-salarios-el-senado-cuanto-pasara-cobrar-cada-legislador-n6152566\" target=\"_blank\" rel=\"follow\">reciente aumento de sus dietas<\/a>. Esta decisi\u00f3n se tom\u00f3 luego de que se hiciera p\u00fablica la <strong>actualizaci\u00f3n salarial acordada para los empleados del Congreso<\/strong>, a la cual est\u00e1n vinculados los sueldos de los legisladores. La \u00fanica excepci\u00f3n a esta renuncia fue el sector del kirchnerismo.<\/p>\n<\/div>\n<p><a href=\"https:\/\/www.minutouno.com\/politica\/aumento-salarios-el-senado-uno-uno-los-legisladores-que-renunciaron-la-suba-n6156597\">source<\/a><\/p>\n","protected":false},"excerpt":{"rendered":"<p>Diversos senadores, incluyendo la mayor\u00eda de los legisladores \u00abdialoguistas\u00bb y los del oficialismo, han rechazado&#8230;<\/p>\n","protected":false},"author":0,"featured_media":198925,"comment_status":"open","ping_status":"open","sticky":false,"template":"","format":"standard","meta":{"footnotes":""},"categories":[2],"tags":[],"class_list":["post-198924","post","type-post","status-publish","format-standard","has-post-thumbnail","hentry","category-politica"],"featured_image_urls":{"full":["https:\/\/radiofenix.com.ar\/2023\/wp-content\/uploads\/2025\/06\/wp-header-logo-95.png",1200,675,false],"thumbnail":["https:\/\/radiofenix.com.ar\/2023\/wp-content\/uploads\/2025\/06\/wp-header-logo-95-150x150.png",150,150,true],"medium":["https:\/\/radiofenix.com.ar\/2023\/wp-content\/uploads\/2025\/06\/wp-header-logo-95-300x169.png",300,169,true],"medium_large":["https:\/\/radiofenix.com.ar\/2023\/wp-content\/uploads\/2025\/06\/wp-header-logo-95-768x432.png",640,360,true],"large":["https:\/\/radiofenix.com.ar\/2023\/wp-content\/uploads\/2025\/06\/wp-header-logo-95-1024x576.png",640,360,true],"1536x1536":["https:\/\/radiofenix.com.ar\/2023\/wp-content\/uploads\/2025\/06\/wp-header-logo-95.png",1200,675,false],"2048x2048":["https:\/\/radiofenix.com.ar\/2023\/wp-content\/uploads\/2025\/06\/wp-header-logo-95.png",1200,675,false],"newsium-slider-full":["https:\/\/radiofenix.com.ar\/2023\/wp-content\/uploads\/2025\/06\/wp-header-logo-95.png",1200,675,false],"newsium-featured":["https:\/\/radiofenix.com.ar\/2023\/wp-content\/uploads\/2025\/06\/wp-header-logo-95-1024x576.png",1024,576,true],"newsium-medium":["https:\/\/radiofenix.com.ar\/2023\/wp-content\/uploads\/2025\/06\/wp-header-logo-95-720x475.png",720,475,true]},"author_info":{"info":[""]},"category_info":"<a href=\"https:\/\/radiofenix.com.ar\/2023\/category\/politica\/\" rel=\"category tag\">Pol\u00edtica<\/a>","tag_info":"Pol\u00edtica","comment_count":"0","_links":{"self":[{"href":"https:\/\/radiofenix.com.ar\/2023\/wp-json\/wp\/v2\/posts\/198924","targetHints":{"allow":["GET"]}}],"collection":[{"href":"https:\/\/radiofenix.com.ar\/2023\/wp-json\/wp\/v2\/posts"}],"about":[{"href":"https:\/\/radiofenix.com.ar\/2023\/wp-json\/wp\/v2\/types\/post"}],"replies":[{"embeddable":true,"href":"https:\/\/radiofenix.com.ar\/2023\/wp-json\/wp\/v2\/comments?post=198924"}],"version-history":[{"count":0,"href":"https:\/\/radiofenix.com.ar\/2023\/wp-json\/wp\/v2\/posts\/198924\/revisions"}],"wp:featuredmedia":[{"embeddable":true,"href":"https:\/\/radiofenix.com.ar\/2023\/wp-json\/wp\/v2\/media\/198925"}],"wp:attachment":[{"href":"https:\/\/radiofenix.com.ar\/2023\/wp-json\/wp\/v2\/media?parent=198924"}],"wp:term":[{"taxonomy":"category","embeddable":true,"href":"https:\/\/radiofenix.com.ar\/2023\/wp-json\/wp\/v2\/categories?post=198924"},{"taxonomy":"post_tag","embeddable":true,"href":"https:\/\/radiofenix.com.ar\/2023\/wp-json\/wp\/v2\/tags?post=198924"}],"curies":[{"name":"wp","href":"https:\/\/api.w.org\/{rel}","templated":true}]}}