{"id":198930,"date":"2025-06-17T08:58:13","date_gmt":"2025-06-17T08:58:13","guid":{"rendered":"https:\/\/radiofenix.com.ar\/2023\/reabrieron-dos-predios-de-la-feria-la-salada\/"},"modified":"2025-06-17T08:58:13","modified_gmt":"2025-06-17T08:58:13","slug":"reabrieron-dos-predios-de-la-feria-la-salada","status":"publish","type":"post","link":"https:\/\/radiofenix.com.ar\/2023\/reabrieron-dos-predios-de-la-feria-la-salada\/","title":{"rendered":"Reabrieron dos predios de la feria La Salada"},"content":{"rendered":"<div><!-- Body --><\/p>\n<p>Dos de los tres predios de la feria<strong> La Salada <\/strong>reabrieron sus puertas este lunes 16 de junio, tras haber permanecido <a href=\"https:\/\/www.pagina12.com.ar\/833775-levantaron-la-clausura-de-la-salada-cuando-sera-la-reapertur\">cerradas durante tres semanas<\/a> por la investigaci\u00f3n contra<b> Jorge Castillo<\/b>, conocido como \u00abel Rey de La Salada\u00bb.\u00a0<\/p>\n<h3\/>\n<p>Luego de varias jornadas de <strong>protestas, reclamos y pedidos<\/strong> por la apertura del establecimiento, este \u00faltimo s\u00e1bado <strong>los predios Urkupi\u00f1a y Ocean<\/strong> anunciaron que este lunes a partir de las 7.00 abrir\u00edan sus puertas, mientras que por el momento <strong>se desconoce cu\u00e1ndo lo har\u00e1 Punta Mogote.<\/strong><\/p>\n<p><strong>\u201cTenemos el agrado de informarles que hoy (s\u00e1bado 14) se levant\u00f3 la clausura preventiva y nos hicieron entrega del predio. Procedemos a convocar a personal de limpieza y mantenimiento para reacondicionar las instalaciones\u201d<\/strong>, destaca el comunicado por parte de las autoridades de Urkupi\u00f1a.<\/p>\n<p>\u201c<strong>La feria retoma sus actividades comerciales a partir del lunes 16, los d\u00edas y horarios habituales<\/strong>. Recordamos a todos nuevamente el <strong>cumplimiento de las obligaciones fiscales, laborales, comerciales y la prohibici\u00f3n de venta de indumentaria en violaci\u00f3n a la ley de marcas<\/strong>\u201d, concluye el escrito publicado en redes sociales.<\/p>\n<h2>\u00bfPor qu\u00e9 se clausur\u00f3 La Salada?<\/h2>\n<p>La feria de La Salada, un enorme complejo de m\u00e1s de seis mil puestos situados en la localidad lomense de Ingeniero Budge, hab\u00eda sido clausurada el 22 de mayo, tras m\u00e1s de 60 allanamientos. Ese d\u00eda fueron detenidos <b>Jorge Castillo<\/b>, el llamado \u201cRey de La Salada\u201d; Aldo Presa, su hist\u00f3rico administrador; y varios de sus allegados. En cambio, Enrique Antequera, jefe de la feria Urkupi\u00f1a, todav\u00eda contin\u00faa pr\u00f3fugo.<\/p>\n<p>A partir de ese momento, los feriantes comenzaron a realizar cortes y protestas en diferentes accesos de la provincia bonaerense, e incluso en la puerta de la Fiscal\u00eda que llev\u00f3 adelante de la investigaci\u00f3n. La presi\u00f3n finalmente desemboc\u00f3 en la reapertura dispuesta este viernes.<\/p>\n<h2>Las condiciones para la reapertura de la feria<\/h2>\n<figure\/>\n<p>Para que los comerciantes puedan regresar a sus puestos de trabajo, se estableci\u00f3 que cumplan con ciertos requisitos solicitados por la Justicia.<\/p>\n<p>Uno de los puntos es que los titulares de los puestos deben contar con <strong>constancia impresa de su suscripci\u00f3n ante el ARCA, cada empleado que trabaje debe estar inscripto en los organismos correspondientes y se deber\u00e1 emitir el comprobante de venta.<\/strong><\/p>\n<p>Mientras que, si se trata de un <strong>inquilino<\/strong> del puesto, se tendr\u00e1 que presentar el <strong>contrato de alquiler, constancia de procedencia de la mercader\u00eda expuesta y tambi\u00e9n la emisi\u00f3n de comprobantes de venta.<\/strong><\/p>\n<p>Adem\u00e1s, las sociedades tendr\u00e1n <strong>90 d\u00edas para designar nuevas administraciones <\/strong>para regularizar la situaci\u00f3n. Esto se suma a la incorporaci\u00f3n de <strong>sistemas bancarizados para el cobro<\/strong> en los predios.<\/p>\n<p><strong>Estas medidas ser\u00e1n para los tres predios<\/strong>, pero por el momento solo reabrieron Ocean y Urkipi\u00f1a. Respecto a Punta Mogote, el juez federal Luis Armella tambi\u00e9n levant\u00f3 la clausura, pero por ahora no se anunci\u00f3 cuando ser\u00eda su reapertura.<\/p>\n<p>La causa se inici\u00f3 semanas atr\u00e1s por la investigaci\u00f3n por <strong>evasi\u00f3n fiscal, asociaci\u00f3n il\u00edcita, lavado de dinero y violaci\u00f3n de la ley de marcas.\u00a0<\/strong><\/p>\n<p><!-- Live Blog Post --><\/div>\n<p><a href=\"https:\/\/www.pagina12.com.ar\/834456-reabrieron-dos-predios-de-la-feria-la-salada\">source<\/a><\/p>\n","protected":false},"excerpt":{"rendered":"<p>Dos de los tres predios de la feria La Salada reabrieron sus puertas este lunes&#8230;<\/p>\n","protected":false},"author":0,"featured_media":198931,"comment_status":"open","ping_status":"open","sticky":false,"template":"","format":"standard","meta":{"footnotes":""},"categories":[7],"tags":[],"class_list":["post-198930","post","type-post","status-publish","format-standard","has-post-thumbnail","hentry","category-sociedad"],"featured_image_urls":{"full":["https:\/\/radiofenix.com.ar\/2023\/wp-content\/uploads\/2025\/06\/wp-header-logo-98.png",960,540,false],"thumbnail":["https:\/\/radiofenix.com.ar\/2023\/wp-content\/uploads\/2025\/06\/wp-header-logo-98-150x150.png",150,150,true],"medium":["https:\/\/radiofenix.com.ar\/2023\/wp-content\/uploads\/2025\/06\/wp-header-logo-98-300x169.png",300,169,true],"medium_large":["https:\/\/radiofenix.com.ar\/2023\/wp-content\/uploads\/2025\/06\/wp-header-logo-98-768x432.png",640,360,true],"large":["https:\/\/radiofenix.com.ar\/2023\/wp-content\/uploads\/2025\/06\/wp-header-logo-98.png",640,360,false],"1536x1536":["https:\/\/radiofenix.com.ar\/2023\/wp-content\/uploads\/2025\/06\/wp-header-logo-98.png",960,540,false],"2048x2048":["https:\/\/radiofenix.com.ar\/2023\/wp-content\/uploads\/2025\/06\/wp-header-logo-98.png",960,540,false],"newsium-slider-full":["https:\/\/radiofenix.com.ar\/2023\/wp-content\/uploads\/2025\/06\/wp-header-logo-98.png",960,540,false],"newsium-featured":["https:\/\/radiofenix.com.ar\/2023\/wp-content\/uploads\/2025\/06\/wp-header-logo-98.png",960,540,false],"newsium-medium":["https:\/\/radiofenix.com.ar\/2023\/wp-content\/uploads\/2025\/06\/wp-header-logo-98-720x475.png",720,475,true]},"author_info":{"info":[""]},"category_info":"<a href=\"https:\/\/radiofenix.com.ar\/2023\/category\/sociedad\/\" rel=\"category tag\">Sociedad<\/a>","tag_info":"Sociedad","comment_count":"0","_links":{"self":[{"href":"https:\/\/radiofenix.com.ar\/2023\/wp-json\/wp\/v2\/posts\/198930","targetHints":{"allow":["GET"]}}],"collection":[{"href":"https:\/\/radiofenix.com.ar\/2023\/wp-json\/wp\/v2\/posts"}],"about":[{"href":"https:\/\/radiofenix.com.ar\/2023\/wp-json\/wp\/v2\/types\/post"}],"replies":[{"embeddable":true,"href":"https:\/\/radiofenix.com.ar\/2023\/wp-json\/wp\/v2\/comments?post=198930"}],"version-history":[{"count":0,"href":"https:\/\/radiofenix.com.ar\/2023\/wp-json\/wp\/v2\/posts\/198930\/revisions"}],"wp:featuredmedia":[{"embeddable":true,"href":"https:\/\/radiofenix.com.ar\/2023\/wp-json\/wp\/v2\/media\/198931"}],"wp:attachment":[{"href":"https:\/\/radiofenix.com.ar\/2023\/wp-json\/wp\/v2\/media?parent=198930"}],"wp:term":[{"taxonomy":"category","embeddable":true,"href":"https:\/\/radiofenix.com.ar\/2023\/wp-json\/wp\/v2\/categories?post=198930"},{"taxonomy":"post_tag","embeddable":true,"href":"https:\/\/radiofenix.com.ar\/2023\/wp-json\/wp\/v2\/tags?post=198930"}],"curies":[{"name":"wp","href":"https:\/\/api.w.org\/{rel}","templated":true}]}}