{"id":199094,"date":"2025-07-01T08:58:39","date_gmt":"2025-07-01T08:58:39","guid":{"rendered":"https:\/\/radiofenix.com.ar\/2023\/la-afa-condeno-los-cantos-antisemitas-de-los-hinchas-de-all-boys-contra-atlanta\/"},"modified":"2025-07-01T08:58:39","modified_gmt":"2025-07-01T08:58:39","slug":"la-afa-condeno-los-cantos-antisemitas-de-los-hinchas-de-all-boys-contra-atlanta","status":"publish","type":"post","link":"https:\/\/radiofenix.com.ar\/2023\/la-afa-condeno-los-cantos-antisemitas-de-los-hinchas-de-all-boys-contra-atlanta\/","title":{"rendered":"La AFA conden\u00f3 los cantos antisemitas de los hinchas de All Boys contra Atlanta\u00a0"},"content":{"rendered":"<div><!-- Body --><\/p>\n<p><i>La discriminaci\u00f3n no es folclore.<\/i> Esa fue una de las frases m\u00e1s contundentes del comunicado que este lunes difundi\u00f3 la <b>Asociaci\u00f3n del F\u00fatbol Argentino <\/b>(AFA) para repudiar los actos antisemitas protagonizados por un grupo de <b>hinchas de All Boys<\/b>, en la previa y durante el partido contra Atlanta, por la fecha 20 de la Primera Nacional.<\/p>\n<h3\/>\n<p>El encuentro, que termin\u00f3 en un deslucido 0 a 0 en el estadio Islas Malvinas de Floresta, qued\u00f3 manchado por los insultos y c\u00e1nticos discriminatorios dirigidos hacia los <b>simpatizantes de Atlanta, <\/b>club hist\u00f3ricamente vinculado a la colectividad jud\u00eda. Los hechos, registrados por videos que circularon en redes sociales, desataron un repudio generalizado desde distintos sectores sociales, pol\u00edticos y deportivos.<\/p>\n<p>En respuesta, el organismo dirigido por Chiqui Tapia, public\u00f3 un comunicado donde expres\u00f3 su<b> \u201ctotal y absoluto repudio contra los aberrantes actos de antisemitismo\u201d <\/b>y reclam\u00f3 erradicar estas conductas de las canchas argentinas. <b>\u201cEso no es folclore. Eso es discriminaci\u00f3n\u201d,<\/b> remarc\u00f3 el texto difundido por el organismo presidido por Claudio Tapia, que adem\u00e1s llam\u00f3 a construir un f\u00fatbol<b> \u201cen un marco de respeto y paz\u201d.<\/b><\/p>\n<p>Lejos de limitarse a una condena formal, la entidad anunci\u00f3 que present\u00f3 una <b>denuncia ante el Tribunal de Disciplina,<\/b> solicitando la apertura de un expediente para investigar los hechos y establecer posibles sanciones. La gesti\u00f3n se realiz\u00f3 a trav\u00e9s de la Comisi\u00f3n de Gobernanza, Transparencia e Integridad de la AFA.<\/p>\n<h3>Segu\u00ed leyendo:<\/h3>\n<h3\/><!-- Live Blog Post --><\/div>\n<p><a href=\"https:\/\/www.pagina12.com.ar\/838466-la-afa-condeno-los-cantos-antisemitas-de-los-hinchas-de-all-\">source<\/a><\/p>\n","protected":false},"excerpt":{"rendered":"<p>La discriminaci\u00f3n no es folclore. Esa fue una de las frases m\u00e1s contundentes del comunicado&#8230;<\/p>\n","protected":false},"author":0,"featured_media":199095,"comment_status":"open","ping_status":"open","sticky":false,"template":"","format":"standard","meta":{"footnotes":""},"categories":[7],"tags":[],"class_list":["post-199094","post","type-post","status-publish","format-standard","has-post-thumbnail","hentry","category-sociedad"],"featured_image_urls":{"full":["https:\/\/radiofenix.com.ar\/2023\/wp-content\/uploads\/2025\/07\/wp-header-logo-1.png",960,540,false],"thumbnail":["https:\/\/radiofenix.com.ar\/2023\/wp-content\/uploads\/2025\/07\/wp-header-logo-1-150x150.png",150,150,true],"medium":["https:\/\/radiofenix.com.ar\/2023\/wp-content\/uploads\/2025\/07\/wp-header-logo-1-300x169.png",300,169,true],"medium_large":["https:\/\/radiofenix.com.ar\/2023\/wp-content\/uploads\/2025\/07\/wp-header-logo-1-768x432.png",640,360,true],"large":["https:\/\/radiofenix.com.ar\/2023\/wp-content\/uploads\/2025\/07\/wp-header-logo-1.png",640,360,false],"1536x1536":["https:\/\/radiofenix.com.ar\/2023\/wp-content\/uploads\/2025\/07\/wp-header-logo-1.png",960,540,false],"2048x2048":["https:\/\/radiofenix.com.ar\/2023\/wp-content\/uploads\/2025\/07\/wp-header-logo-1.png",960,540,false],"newsium-slider-full":["https:\/\/radiofenix.com.ar\/2023\/wp-content\/uploads\/2025\/07\/wp-header-logo-1.png",960,540,false],"newsium-featured":["https:\/\/radiofenix.com.ar\/2023\/wp-content\/uploads\/2025\/07\/wp-header-logo-1.png",960,540,false],"newsium-medium":["https:\/\/radiofenix.com.ar\/2023\/wp-content\/uploads\/2025\/07\/wp-header-logo-1-720x475.png",720,475,true]},"author_info":{"info":[""]},"category_info":"<a href=\"https:\/\/radiofenix.com.ar\/2023\/category\/sociedad\/\" rel=\"category tag\">Sociedad<\/a>","tag_info":"Sociedad","comment_count":"0","_links":{"self":[{"href":"https:\/\/radiofenix.com.ar\/2023\/wp-json\/wp\/v2\/posts\/199094","targetHints":{"allow":["GET"]}}],"collection":[{"href":"https:\/\/radiofenix.com.ar\/2023\/wp-json\/wp\/v2\/posts"}],"about":[{"href":"https:\/\/radiofenix.com.ar\/2023\/wp-json\/wp\/v2\/types\/post"}],"replies":[{"embeddable":true,"href":"https:\/\/radiofenix.com.ar\/2023\/wp-json\/wp\/v2\/comments?post=199094"}],"version-history":[{"count":0,"href":"https:\/\/radiofenix.com.ar\/2023\/wp-json\/wp\/v2\/posts\/199094\/revisions"}],"wp:featuredmedia":[{"embeddable":true,"href":"https:\/\/radiofenix.com.ar\/2023\/wp-json\/wp\/v2\/media\/199095"}],"wp:attachment":[{"href":"https:\/\/radiofenix.com.ar\/2023\/wp-json\/wp\/v2\/media?parent=199094"}],"wp:term":[{"taxonomy":"category","embeddable":true,"href":"https:\/\/radiofenix.com.ar\/2023\/wp-json\/wp\/v2\/categories?post=199094"},{"taxonomy":"post_tag","embeddable":true,"href":"https:\/\/radiofenix.com.ar\/2023\/wp-json\/wp\/v2\/tags?post=199094"}],"curies":[{"name":"wp","href":"https:\/\/api.w.org\/{rel}","templated":true}]}}