{"id":199098,"date":"2025-07-01T08:58:44","date_gmt":"2025-07-01T08:58:44","guid":{"rendered":"https:\/\/radiofenix.com.ar\/2023\/ecuador-jorge-glas-fue-condenado-a-13-anos-de-carcel-por-malversacion-de-fondos\/"},"modified":"2025-07-01T08:58:44","modified_gmt":"2025-07-01T08:58:44","slug":"ecuador-jorge-glas-fue-condenado-a-13-anos-de-carcel-por-malversacion-de-fondos","status":"publish","type":"post","link":"https:\/\/radiofenix.com.ar\/2023\/ecuador-jorge-glas-fue-condenado-a-13-anos-de-carcel-por-malversacion-de-fondos\/","title":{"rendered":"Ecuador: Jorge Glas fue condenado a 13 a\u00f1os de c\u00e1rcel por malversaci\u00f3n de fondos"},"content":{"rendered":"<div><!-- Body --><\/p>\n<p><b>Un tribunal de la Corte Nacional de Justicia de Ecuador decidi\u00f3 este lunes por unanimidad condenar a 13 a\u00f1os de c\u00e1rcel al exvicepresidente corre\u00edsta <a href=\"https:\/\/www.pagina12.com.ar\/tags\/17211-jorge-glas\">Jorge Glas<\/a> por malversaci\u00f3n de fondos p\u00fablicos<\/b> durante el proceso de reconstrucci\u00f3n de las zonas afectadas por el terremoto de 2016. <b>El caso llev\u00f3 al exvice a solicitar asilo a la Embajada de M\u00e9xico en Quito y a ser detenido en una invasi\u00f3n a la sede diplom\u00e1tica <\/b>cuando le fue concedido. <b><a href=\"https:\/\/www.pagina12.com.ar\/838054-el-papa-francisco-prometio-ayudar-a-jorge-glas\">Glas<\/a>, quien\u00a0podr\u00e1 apelar esta sentencia de primera instancia, asegur\u00f3 durante el proceso que \u00e9l no administr\u00f3 \u00abni un solo d\u00f3lar\u00bb <\/b>durante las tareas de reconstrucci\u00f3n de la provincia de Manab\u00ed.<\/p>\n<p>Vistiendo traje oscuro, Glas ingres\u00f3 al tribunal custodiado por militares armados con fusiles.\u00a0<b>Tambi\u00e9n fue condenado a los mismos a\u00f1os de prisi\u00f3n Carlos Bernal, exsecretario t\u00e9cnico del Comit\u00e9 de Reconstrucci\u00f3n de Manab\u00ed<\/b>, creado con el objetivo de llevar adelante las obras de mayor urgencia, quienes adem\u00e1s deber\u00e1n pagar una multa de 60 salarios b\u00e1sicos unificados (28.200 d\u00f3lares) y una indemnizaci\u00f3n de 250 millones de d\u00f3lares.<\/p>\n<p>El tribunal, compuesto por los jueces Mercedes Caicedo, Marco Rodr\u00edguez y Javier De la Cadena, determin\u00f3 que Glas y Bernal usaron sus cargos como presidente y secretario del Comit\u00e9 para \u00ababusar de dineros p\u00fablicos\u00bb que deb\u00edan ser utilizados \u00abpara la atenci\u00f3n a las v\u00edctimas del terremoto\u00bb. <b>Los magistrados dieron por probada la tesis de la Fiscal\u00eda<\/b>, que durante el juicio del caso denominado como Reconstrucci\u00f3n de Manab\u00ed, asegur\u00f3 que <b>Glas<\/b>, quien presidi\u00f3 el Comit\u00e9, <b>y Bernal priorizaron proyectos de obras que no eran urgentes y que no se atendieron los requerimientos urgentes de los afectados por el terremoto<\/b>, lo que gener\u00f3 un perjuicio al Estado de m\u00e1s de 225 millones de d\u00f3lares.<\/p>\n<p>La financiaci\u00f3n de estas obras, algunas de ellas inconclusas o catalogadas como innecesarias, sali\u00f3 de fondos de la Ley de Solidaridad, que fue creada para paliar los da\u00f1os del sismo. \u00abEste dinero de los ecuatorianos se destin\u00f3 a 11 proyectos no prioritarios que habr\u00edan beneficiado a intereses particulares en la asignaci\u00f3n y firma de contratos, y en los valores cancelados por contratos complementarios y de fiscalizaci\u00f3n\u00bb, se\u00f1al\u00f3 el Ministerio P\u00fablico.<\/p>\n<h2><span>\u00abYo n<\/span>o administr\u00e9 un solo d\u00f3lar\u00bb<\/h2>\n<p>A fines del mes pasado, Glas declar\u00f3 ante el tribunal de juzgamiento:\u00a0\u00ab<b>Yo no administr\u00e9 nada, ni siquiera las botellas de agua que se entregaban en las sesiones. Yo no administr\u00e9 un solo d\u00f3lar.<\/b> Y si no lo hice, \u00bfc\u00f3mo me pueden procesar por peculado?\u00bb. Pero la jueza Caicedo dijo en la lectura de la decisi\u00f3n que, si bien el exvicepresidente no suscribi\u00f3 contratos, pudieron evidenciar \u00absu impulso para procesar y aprobar la priorizaci\u00f3n de obras bajo el contexto de una emergencia, pero atend\u00edan m\u00e1s bien a una arbitrariedad\u00bb.<\/p>\n<p>En ese mismo sentido, la defensa de Bernal hab\u00eda asegurado que el exsecretario del Comit\u00e9 tampoco adjudic\u00f3 contratos, pero la magistrada se\u00f1al\u00f3 que impulsaba el desembolso de dinero para que las instituciones hagan esos contratos y que el presupuesto de algunos de esos proyectos priorizados \u00abfinalmente llegaba a las arcas de la familia de Bernal Alvarado porque los contratos iban direccionados hacia ellos\u00bb.<\/p>\n<p>Los jueces tambi\u00e9n ordenaron la p\u00e9rdida de los derechos de participaci\u00f3n por 25 a\u00f1os de ambos y que la Fiscal\u00eda inicie investigaciones a beneficiarios de contratos priorizados por el Comit\u00e9, especialmente a las obras relacionadas con la familia de Bernal. \u00abEste no es el juzgamiento de un delito pol\u00edtico ni es una decisi\u00f3n pol\u00edtica, <b>aqu\u00ed se trata de fondos que no se usaron en favor de las v\u00edctimas del terremoto<\/b>, quienes hasta la presente fecha sufren el dolor de la p\u00e9rdida\u00bb, agreg\u00f3 Caicedo.<\/p>\n<h2>Una nueva condena<\/h2>\n<p><b>Glas, uno de los hombres fuertes del gobierno de Rafael Correa (2007-2017), ya cumple en la c\u00e1rcel una pena de ocho a\u00f1os<\/b> a ra\u00edz de dos condenas por corrupci\u00f3n impuestas en 2017, por asociaci\u00f3n il\u00edcita en el caso Odebrecht, y en 2020 por cohecho en el caso Sobornos, en la que Correa fue tambi\u00e9n condenado a ocho a\u00f1os e inhabilitado pol\u00edticamente. A fines de 2022 fue excarcelado y permaneci\u00f3 en libertad durante algo m\u00e1s de un a\u00f1o, hasta que a fines de 2023 lleg\u00f3 a la Embajada de M\u00e9xico en Quito, donde pidi\u00f3 asilo, al advertir que la Fiscal\u00eda buscaba procesarlo por este mismo caso.<\/p>\n<p>Meses despu\u00e9s, el 5 de abril de 2024, el presidente de Ecuador, Daniel Noboa, orden\u00f3 asaltar la sede diplom\u00e1tica para detener a Glas, una vez que<b> el gobierno mexicano le hab\u00eda concedido un asilo al considerarlo un \u00abperseguido pol\u00edtico\u00bb <\/b>y desde ese d\u00eda est\u00e1 recluido en una c\u00e1rcel de m\u00e1xima seguridad. <b>El ingreso a la Embajada deriv\u00f3 en la ruptura de las relaciones entre ambos pa\u00edses y un litigio en la Corte Internacional de Justicia, <\/b>donde M\u00e9xico acusa a Ecuador de haber roto la inviolabilidad de las sedes diplom\u00e1ticas y Ecuador culpa al pa\u00eds norteamericano de haber contravenido los tratados que regulan el asilo diplom\u00e1tico.\u00a0<\/p>\n<p>El expresidente <b>Correa <\/b>conden\u00f3 r\u00e1pidamente el fallo contra Glas. \u00ab\u00a1Esto es escandaloso! <b>\u00bfNo queda reserva moral en la justicia ecuatoriana? Jorge Glas y Carlos Bernal condenados por PECULADO<\/b>, por hacer obras de forma &#8216;arbitraria&#8217;, cuando su funci\u00f3n era precisamente priorizar las obras de reconstrucci\u00f3n\u00bb, indic\u00f3 Correa en la red social X, y m\u00e1s tarde agreg\u00f3: \u00ab<b>Esto es realmente DEMENCIAL. <\/b>\u00bfLa Academia no va a levantar la voz ante esta monstruosidad? \u00bfTan bajo hemos ca\u00eddo?\u00bb.<\/p>\n<div class=\"iframely-embed medium-embedded-content\" data-html=\"Jmx0O2Jsb2NrcXVvdGUgY2xhc3M9InR3aXR0ZXItdHdlZXQiIGRhdGEtZG50PSJ0cnVlIiBhbGlnbj0iY2VudGVyIiZndDsmbHQ7cCBsYW5nPSJlcyIgZGlyPSJsdHIiJmd0O0VzdG8gZXMgcmVhbG1lbnRlIERFTUVOQ0lBTC4mbHQ7YnImZ3Q7RW4gZWwgY2FzbyBSZWNvbnN0cnVjY2nDs24gbmkgc2lxdWllcmEgaGF5IGRlbGl0bywgcGVvciBhw7puIHVuIHBlY3VsYWRvIHBhcmEgbGEgcGVuYSBtw6F4aW1hLiZsdDticiZndDvCv0xhIEFjYWRlbWlhIG5vIHZhIGEgbGV2YW50YXIgbGEgdm96IGFudGUgZXN0YSBtb25zdHJ1b3NpZGFkPyZsdDticiZndDvCv1RhbiBiYWpvIGhlbW9zIGNhw61kbz8mbHQ7YSBocmVmPSJodHRwczovL3R3aXR0ZXIuY29tL2hhc2h0YWcvTG9zQ29ycnVwdG9zU2llbXByZUZ1ZXJvbkVsbG9zP3NyYz1oYXNoJmFtcDthbXA7cmVmX3NyYz10d3NyYyU1RXRmdyImZ3Q7I0xvc0NvcnJ1cHRvc1NpZW1wcmVGdWVyb25FbGxvcyZsdDsvYSZndDsgJmx0O2EgaHJlZj0iaHR0cHM6Ly90LmNvLzJUYlBOUmkyZHYiJmd0O2h0dHBzOi8vdC5jby8yVGJQTlJpMmR2Jmx0Oy9hJmd0OyZsdDsvcCZndDsmYW1wO21kYXNoOyBSYWZhZWwgQ29ycmVhIChATWFzaGlSYWZhZWwpICZsdDthIGhyZWY9Imh0dHBzOi8vdHdpdHRlci5jb20vTWFzaGlSYWZhZWwvc3RhdHVzLzE5Mzk3NTM4MzEzMjU0MDEzNjc\/cmVmX3NyYz10d3NyYyU1RXRmdyImZ3Q7SnVuZSAzMCwgMjAyNSZsdDsvYSZndDsmbHQ7L2Jsb2NrcXVvdGUmZ3Q7CiZsdDtzY3JpcHQgYXN5bmMgc3JjPSJodHRwczovL3BsYXRmb3JtLnR3aXR0ZXIuY29tL3dpZGdldHMuanMiIGNoYXJzZXQ9InV0Zi04IiZndDsmbHQ7L3NjcmlwdCZndDsKCiZsdDtkaXYgY2xhc3M9Im1lZGl1bS1pbnNlcnQtZW1iZWRzLW1ldGEiJmd0OyZsdDtzY3JpcHQgdHlwZT0idGV4dC9qc29uIiZndDt7InVybCI6Imh0dHBzOi8vdHdpdHRlci5jb20vTWFzaGlSYWZhZWwvc3RhdHVzLzE5Mzk3NTM4MzEzMjU0MDEzNjciLCJ0eXBlIjoicmljaCIsInZlcnNpb24iOiIxLjAiLCJ0aXRsZSI6IlJhZmFlbCBDb3JyZWEgb24gVHdpdHRlciAvIFgiLCJhdXRob3IiOiJSYWZhZWwgQ29ycmVhIiwiYXV0aG9yX3VybCI6Imh0dHBzOi8vdHdpdHRlci5jb20vTWFzaGlSYWZhZWwiLCJwcm92aWRlcl9uYW1lIjoiVHdpdHRlciIsImRlc2NyaXB0aW9uIjoiRXN0byBlcyByZWFsbWVudGUgREVNRU5DSUFMLkVuIGVsIGNhc28gUmVjb25zdHJ1Y2Npw7NuIG5pIHNpcXVpZXJhIGhheSBkZWxpdG8sIHBlb3IgYcO6biB1biBwZWN1bGFkbyBwYXJhIGxhIHBlbmEgbcOheGltYS7Cv0xhIEFjYWRlbWlhIG5vIHZhIGEgbGV2YW50YXIgbGEgdm96IGFudGUgZXN0YSBtb25zdHJ1b3NpZGFkP8K\/VGFuIGJham8gaGVtb3MgY2HDrWRvPyNMb3NDb3JydXB0b3NTaWVtcHJlRnVlcm9uRWxsb3MgaHR0cHM6Ly90LmNvLzJUYlBOUmkyZHbigJQgUmFmYWVsIENvcnJlYSAoQE1hc2hpUmFmYWVsKSBKdW5lIDMwLCAyMDI1XG5cblxuIiwiY2FjaGVfYWdlIjo4NjQwMCwib3B0aW9ucyI6eyJfaGlkZV9tZWRpYSI6eyJsYWJlbCI6IkhpZGUgcGhvdG9zLCB2aWRlb3MsIGFuZCBjYXJkcyIsInZhbHVlIjpmYWxzZX0sIl90aGVtZSI6eyJ2YWx1ZSI6IiIsInZhbHVlcyI6eyJkYXJrIjoiVXNlIGRhcmsgdGhlbWUifX0sIl9tYXh3aWR0aCI6eyJ2YWx1ZSI6IiIsImxhYmVsIjoiQWRqdXN0IHdpZHRoIiwicGxhY2Vob2xkZXIiOiIyMjAtNTUwLCBpbiBweCJ9fX0mbHQ7L3NjcmlwdCZndDsmbHQ7L2RpdiZndDs=\">\n                <a data-iframely-url=\"\" href=\"https:\/\/twitter.com\/MashiRafael\/status\/1939753831325401367\">https:\/\/twitter.com\/MashiRafael\/status\/1939753831325401367<\/a>\n              <\/div>\n<p>            <!-- Live Blog Post --><\/div>\n<p><script async src=\"\/\/platform.twitter.com\/widgets.js\" charset=\"utf-8\"><\/script><br \/><a href=\"https:\/\/www.pagina12.com.ar\/838474-ecuador-jorge-glas-fue-condenado-a-13-anos-de-carcel-por-mal\">source<\/a><\/p>\n","protected":false},"excerpt":{"rendered":"<p>Un tribunal de la Corte Nacional de Justicia de Ecuador decidi\u00f3 este lunes por unanimidad&#8230;<\/p>\n","protected":false},"author":0,"featured_media":199099,"comment_status":"open","ping_status":"open","sticky":false,"template":"","format":"standard","meta":{"footnotes":""},"categories":[60],"tags":[],"class_list":["post-199098","post","type-post","status-publish","format-standard","has-post-thumbnail","hentry","category-internacional"],"featured_image_urls":{"full":["https:\/\/radiofenix.com.ar\/2023\/wp-content\/uploads\/2025\/07\/wp-header-logo-3.png",960,540,false],"thumbnail":["https:\/\/radiofenix.com.ar\/2023\/wp-content\/uploads\/2025\/07\/wp-header-logo-3-150x150.png",150,150,true],"medium":["https:\/\/radiofenix.com.ar\/2023\/wp-content\/uploads\/2025\/07\/wp-header-logo-3-300x169.png",300,169,true],"medium_large":["https:\/\/radiofenix.com.ar\/2023\/wp-content\/uploads\/2025\/07\/wp-header-logo-3-768x432.png",640,360,true],"large":["https:\/\/radiofenix.com.ar\/2023\/wp-content\/uploads\/2025\/07\/wp-header-logo-3.png",640,360,false],"1536x1536":["https:\/\/radiofenix.com.ar\/2023\/wp-content\/uploads\/2025\/07\/wp-header-logo-3.png",960,540,false],"2048x2048":["https:\/\/radiofenix.com.ar\/2023\/wp-content\/uploads\/2025\/07\/wp-header-logo-3.png",960,540,false],"newsium-slider-full":["https:\/\/radiofenix.com.ar\/2023\/wp-content\/uploads\/2025\/07\/wp-header-logo-3.png",960,540,false],"newsium-featured":["https:\/\/radiofenix.com.ar\/2023\/wp-content\/uploads\/2025\/07\/wp-header-logo-3.png",960,540,false],"newsium-medium":["https:\/\/radiofenix.com.ar\/2023\/wp-content\/uploads\/2025\/07\/wp-header-logo-3-720x475.png",720,475,true]},"author_info":{"info":[""]},"category_info":"<a href=\"https:\/\/radiofenix.com.ar\/2023\/category\/internacional\/\" rel=\"category tag\">Internacional<\/a>","tag_info":"Internacional","comment_count":"0","_links":{"self":[{"href":"https:\/\/radiofenix.com.ar\/2023\/wp-json\/wp\/v2\/posts\/199098","targetHints":{"allow":["GET"]}}],"collection":[{"href":"https:\/\/radiofenix.com.ar\/2023\/wp-json\/wp\/v2\/posts"}],"about":[{"href":"https:\/\/radiofenix.com.ar\/2023\/wp-json\/wp\/v2\/types\/post"}],"replies":[{"embeddable":true,"href":"https:\/\/radiofenix.com.ar\/2023\/wp-json\/wp\/v2\/comments?post=199098"}],"version-history":[{"count":0,"href":"https:\/\/radiofenix.com.ar\/2023\/wp-json\/wp\/v2\/posts\/199098\/revisions"}],"wp:featuredmedia":[{"embeddable":true,"href":"https:\/\/radiofenix.com.ar\/2023\/wp-json\/wp\/v2\/media\/199099"}],"wp:attachment":[{"href":"https:\/\/radiofenix.com.ar\/2023\/wp-json\/wp\/v2\/media?parent=199098"}],"wp:term":[{"taxonomy":"category","embeddable":true,"href":"https:\/\/radiofenix.com.ar\/2023\/wp-json\/wp\/v2\/categories?post=199098"},{"taxonomy":"post_tag","embeddable":true,"href":"https:\/\/radiofenix.com.ar\/2023\/wp-json\/wp\/v2\/tags?post=199098"}],"curies":[{"name":"wp","href":"https:\/\/api.w.org\/{rel}","templated":true}]}}