{"id":199100,"date":"2025-07-01T08:58:47","date_gmt":"2025-07-01T08:58:47","guid":{"rendered":"https:\/\/radiofenix.com.ar\/2023\/cumbre-del-peronismo-axel-kicillof-maximo-kirchner-y-sergio-massa-se-reunieron-en-la-plata\/"},"modified":"2025-07-01T08:58:47","modified_gmt":"2025-07-01T08:58:47","slug":"cumbre-del-peronismo-axel-kicillof-maximo-kirchner-y-sergio-massa-se-reunieron-en-la-plata","status":"publish","type":"post","link":"https:\/\/radiofenix.com.ar\/2023\/cumbre-del-peronismo-axel-kicillof-maximo-kirchner-y-sergio-massa-se-reunieron-en-la-plata\/","title":{"rendered":"Cumbre del peronismo: Axel Kicillof, M\u00e1ximo Kirchner y Sergio Massa se reunieron en La Plata"},"content":{"rendered":"<div id=\"\">\n<p>La urgencia de la reuni\u00f3n radica en la necesidad de consolidar el poder del peronismo en la provincia de Buenos Aires, considerado un basti\u00f3n crucial. Los <strong>coqueteos entre el PRO y La Libertad Avanza (LLA)<\/strong> se presentan como una amenaza concreta para el oficialismo provincial, lo que impulsa a los l\u00edderes de UP a cerrar filas.<\/p>\n<div contenteditable=\"false\" class=\"embed_cont type_imagen\" id=\"7653077-Libre-1377233785_wrap\">\n<p> kicillof maximo.jpg <span onclick=\"parent.parent.TinyMCETdcuerpo.preview_embed('7653077-Libre-1377233785')\" class=\"embed_colapse less\" id=\"7653077-Libre-1377233785_colapse\"\/>  <span onclick=\"parent.parent.TinyMCETdcuerpo.delete_embed('7653077-Libre-1377233785')\" class=\"embed_delete less\" id=\"7653077-Libre-1377233785_delete\"\/><\/p>\n<div id=\"7653077-Libre-1377233785_content\" class=\"embed_content\"><img loading=\"lazy\" decoding=\"async\" src=\"https:\/\/media.minutouno.com\/p\/233a706518c1c695a0a74485f5191221\/adjuntos\/150\/imagenes\/039\/838\/0039838982\/kicillof-maximojpg.jpg\" alt=\"\" title=\"\" width=\"610\" height=\"406\" id=\"7653077-Libre-1377233785_embed\"\/><\/div>\n<\/p><\/div>\n<p>Se anticipa una nueva reuni\u00f3n el pr\u00f3ximo martes, lo que subraya la intensidad de las negociaciones y la relevancia de este frente com\u00fan para el peronismo. Las principales tensiones se dan en torno al reparto de lugares en las listas.<\/p>\n<p>De acuerdo con Rosario Ayerdi, participaron del encuentro de este domingo, por el kirchnerismo, M\u00e1ximo, Mayra Mendoza, Mariel Fern\u00e1ndez y Federico Otermin; por el Frente Renovador, Massa, Juan Andreotti, Alexis Guerrera y Sebasti\u00e1n Galmarini; y por el Movimiento Derecho al Futuro, Kicillof, Carlos Bianco, Mario Secco, Julio Alak, Alberto Descalzo, Fernando Espinoza, y Andres Watson.<\/p>\n<h2>Cristina Kirchner felicit\u00f3 a Gildo Insfr\u00e1n y Juan Monteverde<\/h2>\n<p>La expresidenta <strong>Cristina Kirchner<\/strong> se volc\u00f3 a sus redes sociales este domingo para saludar a dos figuras clave del peronismo tras las elecciones llevadas a cabo en <strong>Formosa<\/strong> y <strong>Santa Fe<\/strong>: <strong>Gildo Insfr\u00e1n<\/strong> y <strong>Juan Monteverde<\/strong>.<\/p>\n<p>La actual presidenta del Partido Justicialista revel\u00f3 haber mantenido comunicaci\u00f3n telef\u00f3nica con ambos dirigentes para felicitarlos por sus respectivos triunfos. En Formosa, arrasa el oficialismo en los comicios de este domingo, mientras que Monteverde le gan\u00f3 a los libertarios en Rosario, la ciudad m\u00e1s importante de Santa Fe.<\/p>\n<div contenteditable=\"false\" class=\"embed_cont type_freetext\" rel=\"freetext\" id=\"embed22_wrap\">\n<p> Embed <span onclick=\"parent.parent.TinyMCETdcuerpo.preview_embed('embed22')\" class=\"embed_colapse less\" id=\"embed22_colapse\"\/>  <span onclick=\"parent.parent.TinyMCETdcuerpo.delete_embed('embed22')\" class=\"embed_delete less\" id=\"embed22_delete\"\/><\/p>\n<div id=\"embed22_content\" class=\"embed_content\">\n<div id=\"embed22_embed\">\n<figure class=\"figure\"><a href=\"https:\/\/t.me\/minutounocom\" target=\"_blank\"><img decoding=\"async\" src=\"https:\/\/media.minutouno.com\/adjuntos\/150\/banners\/039\/099\/0039099175.jpg\" class=\"figure-img img-fluid\" style=\"width:100%;height:auto;\"\/><\/a><\/figure>\n<\/p><\/div>\n<\/div><\/div>\n<\/div>\n<p><a href=\"https:\/\/www.minutouno.com\/politica\/cumbre-del-peronismo-axel-kicillof-maximo-kirchner-y-sergio-massa-se-reunieron-la-plata-n6161737\">source<\/a><\/p>\n","protected":false},"excerpt":{"rendered":"<p>La urgencia de la reuni\u00f3n radica en la necesidad de consolidar el poder del peronismo&#8230;<\/p>\n","protected":false},"author":0,"featured_media":199101,"comment_status":"open","ping_status":"open","sticky":false,"template":"","format":"standard","meta":{"footnotes":""},"categories":[2],"tags":[],"class_list":["post-199100","post","type-post","status-publish","format-standard","has-post-thumbnail","hentry","category-politica"],"featured_image_urls":{"full":["https:\/\/radiofenix.com.ar\/2023\/wp-content\/uploads\/2025\/07\/wp-header-logo-4.png",610,406,false],"thumbnail":["https:\/\/radiofenix.com.ar\/2023\/wp-content\/uploads\/2025\/07\/wp-header-logo-4-150x150.png",150,150,true],"medium":["https:\/\/radiofenix.com.ar\/2023\/wp-content\/uploads\/2025\/07\/wp-header-logo-4-300x200.png",300,200,true],"medium_large":["https:\/\/radiofenix.com.ar\/2023\/wp-content\/uploads\/2025\/07\/wp-header-logo-4.png",610,406,false],"large":["https:\/\/radiofenix.com.ar\/2023\/wp-content\/uploads\/2025\/07\/wp-header-logo-4.png",610,406,false],"1536x1536":["https:\/\/radiofenix.com.ar\/2023\/wp-content\/uploads\/2025\/07\/wp-header-logo-4.png",610,406,false],"2048x2048":["https:\/\/radiofenix.com.ar\/2023\/wp-content\/uploads\/2025\/07\/wp-header-logo-4.png",610,406,false],"newsium-slider-full":["https:\/\/radiofenix.com.ar\/2023\/wp-content\/uploads\/2025\/07\/wp-header-logo-4.png",610,406,false],"newsium-featured":["https:\/\/radiofenix.com.ar\/2023\/wp-content\/uploads\/2025\/07\/wp-header-logo-4.png",610,406,false],"newsium-medium":["https:\/\/radiofenix.com.ar\/2023\/wp-content\/uploads\/2025\/07\/wp-header-logo-4.png",610,406,false]},"author_info":{"info":[""]},"category_info":"<a href=\"https:\/\/radiofenix.com.ar\/2023\/category\/politica\/\" rel=\"category tag\">Pol\u00edtica<\/a>","tag_info":"Pol\u00edtica","comment_count":"0","_links":{"self":[{"href":"https:\/\/radiofenix.com.ar\/2023\/wp-json\/wp\/v2\/posts\/199100","targetHints":{"allow":["GET"]}}],"collection":[{"href":"https:\/\/radiofenix.com.ar\/2023\/wp-json\/wp\/v2\/posts"}],"about":[{"href":"https:\/\/radiofenix.com.ar\/2023\/wp-json\/wp\/v2\/types\/post"}],"replies":[{"embeddable":true,"href":"https:\/\/radiofenix.com.ar\/2023\/wp-json\/wp\/v2\/comments?post=199100"}],"version-history":[{"count":0,"href":"https:\/\/radiofenix.com.ar\/2023\/wp-json\/wp\/v2\/posts\/199100\/revisions"}],"wp:featuredmedia":[{"embeddable":true,"href":"https:\/\/radiofenix.com.ar\/2023\/wp-json\/wp\/v2\/media\/199101"}],"wp:attachment":[{"href":"https:\/\/radiofenix.com.ar\/2023\/wp-json\/wp\/v2\/media?parent=199100"}],"wp:term":[{"taxonomy":"category","embeddable":true,"href":"https:\/\/radiofenix.com.ar\/2023\/wp-json\/wp\/v2\/categories?post=199100"},{"taxonomy":"post_tag","embeddable":true,"href":"https:\/\/radiofenix.com.ar\/2023\/wp-json\/wp\/v2\/tags?post=199100"}],"curies":[{"name":"wp","href":"https:\/\/api.w.org\/{rel}","templated":true}]}}