{"id":199110,"date":"2025-07-02T08:58:14","date_gmt":"2025-07-02T08:58:14","guid":{"rendered":"https:\/\/radiofenix.com.ar\/2023\/trump-bloqueo-recargado-y-la-reaccion-de-cuba\/"},"modified":"2025-07-02T08:58:14","modified_gmt":"2025-07-02T08:58:14","slug":"trump-bloqueo-recargado-y-la-reaccion-de-cuba","status":"publish","type":"post","link":"https:\/\/radiofenix.com.ar\/2023\/trump-bloqueo-recargado-y-la-reaccion-de-cuba\/","title":{"rendered":"Trump, bloqueo recargado y la reacci\u00f3n de Cuba"},"content":{"rendered":"<p>El \u00faltimo d\u00eda de junio el presidente de Estados Unidos firm\u00f3 un memorando que ampl\u00eda el alcance de la medida unilateral que lleva 63 a\u00f1os vigente.\u00a0<br \/><a href=\"https:\/\/www.pagina12.com.ar\/838731-trump-bloqueo-recargado-y-la-reaccion-de-cuba\">source<\/a><\/p>\n","protected":false},"excerpt":{"rendered":"<p>El \u00faltimo d\u00eda de junio el presidente de Estados Unidos firm\u00f3 un memorando que ampl\u00eda&#8230;<\/p>\n","protected":false},"author":0,"featured_media":199111,"comment_status":"open","ping_status":"open","sticky":false,"template":"","format":"standard","meta":{"footnotes":""},"categories":[60],"tags":[],"class_list":["post-199110","post","type-post","status-publish","format-standard","has-post-thumbnail","hentry","category-internacional"],"featured_image_urls":{"full":["https:\/\/radiofenix.com.ar\/2023\/wp-content\/uploads\/2025\/07\/wp-header-logo-9.png",960,540,false],"thumbnail":["https:\/\/radiofenix.com.ar\/2023\/wp-content\/uploads\/2025\/07\/wp-header-logo-9-150x150.png",150,150,true],"medium":["https:\/\/radiofenix.com.ar\/2023\/wp-content\/uploads\/2025\/07\/wp-header-logo-9-300x169.png",300,169,true],"medium_large":["https:\/\/radiofenix.com.ar\/2023\/wp-content\/uploads\/2025\/07\/wp-header-logo-9-768x432.png",640,360,true],"large":["https:\/\/radiofenix.com.ar\/2023\/wp-content\/uploads\/2025\/07\/wp-header-logo-9.png",640,360,false],"1536x1536":["https:\/\/radiofenix.com.ar\/2023\/wp-content\/uploads\/2025\/07\/wp-header-logo-9.png",960,540,false],"2048x2048":["https:\/\/radiofenix.com.ar\/2023\/wp-content\/uploads\/2025\/07\/wp-header-logo-9.png",960,540,false],"newsium-slider-full":["https:\/\/radiofenix.com.ar\/2023\/wp-content\/uploads\/2025\/07\/wp-header-logo-9.png",960,540,false],"newsium-featured":["https:\/\/radiofenix.com.ar\/2023\/wp-content\/uploads\/2025\/07\/wp-header-logo-9.png",960,540,false],"newsium-medium":["https:\/\/radiofenix.com.ar\/2023\/wp-content\/uploads\/2025\/07\/wp-header-logo-9-720x475.png",720,475,true]},"author_info":{"info":[""]},"category_info":"<a href=\"https:\/\/radiofenix.com.ar\/2023\/category\/internacional\/\" rel=\"category tag\">Internacional<\/a>","tag_info":"Internacional","comment_count":"0","_links":{"self":[{"href":"https:\/\/radiofenix.com.ar\/2023\/wp-json\/wp\/v2\/posts\/199110","targetHints":{"allow":["GET"]}}],"collection":[{"href":"https:\/\/radiofenix.com.ar\/2023\/wp-json\/wp\/v2\/posts"}],"about":[{"href":"https:\/\/radiofenix.com.ar\/2023\/wp-json\/wp\/v2\/types\/post"}],"replies":[{"embeddable":true,"href":"https:\/\/radiofenix.com.ar\/2023\/wp-json\/wp\/v2\/comments?post=199110"}],"version-history":[{"count":0,"href":"https:\/\/radiofenix.com.ar\/2023\/wp-json\/wp\/v2\/posts\/199110\/revisions"}],"wp:featuredmedia":[{"embeddable":true,"href":"https:\/\/radiofenix.com.ar\/2023\/wp-json\/wp\/v2\/media\/199111"}],"wp:attachment":[{"href":"https:\/\/radiofenix.com.ar\/2023\/wp-json\/wp\/v2\/media?parent=199110"}],"wp:term":[{"taxonomy":"category","embeddable":true,"href":"https:\/\/radiofenix.com.ar\/2023\/wp-json\/wp\/v2\/categories?post=199110"},{"taxonomy":"post_tag","embeddable":true,"href":"https:\/\/radiofenix.com.ar\/2023\/wp-json\/wp\/v2\/tags?post=199110"}],"curies":[{"name":"wp","href":"https:\/\/api.w.org\/{rel}","templated":true}]}}