{"id":199112,"date":"2025-07-02T08:58:16","date_gmt":"2025-07-02T08:58:16","guid":{"rendered":"https:\/\/radiofenix.com.ar\/2023\/tras-compartir-la-campana-virtual-en-su-contra-javier-milei-denuncio-a-julia-mengolini\/"},"modified":"2025-07-02T08:58:16","modified_gmt":"2025-07-02T08:58:16","slug":"tras-compartir-la-campana-virtual-en-su-contra-javier-milei-denuncio-a-julia-mengolini","status":"publish","type":"post","link":"https:\/\/radiofenix.com.ar\/2023\/tras-compartir-la-campana-virtual-en-su-contra-javier-milei-denuncio-a-julia-mengolini\/","title":{"rendered":"Tras compartir la campa\u00f1a virtual en su contra, Javier Milei denunci\u00f3 a Julia Mengolini"},"content":{"rendered":"<div id=\"\">\n<p>La periodista viene siendo blanco de una serie de contenidos generados con inteligencia artificial, entre ellos videos y documentos ap\u00f3crifos, que buscan vincularla de manera falsa e ins\u00f3lita con su propio hermano.<\/p>\n<div contenteditable=\"false\" class=\"embed_cont type_imagen\" id=\"8094075-Libre-1429764277_wrap\">\n<p> Julia Mengolini.jpg <span onclick=\"parent.parent.TinyMCETdcuerpo.preview_embed('8094075-Libre-1429764277')\" class=\"embed_colapse less\" id=\"8094075-Libre-1429764277_colapse\"\/>  <span onclick=\"parent.parent.TinyMCETdcuerpo.delete_embed('8094075-Libre-1429764277')\" class=\"embed_delete less\" id=\"8094075-Libre-1429764277_delete\"\/><\/p>\n<div id=\"8094075-Libre-1429764277_content\" class=\"embed_content\"><img loading=\"lazy\" decoding=\"async\" src=\"https:\/\/media.minutouno.com\/p\/aad0eeaa8e033f01ab6c9b54707b13ec\/adjuntos\/150\/imagenes\/042\/547\/0042547140\/julia-mengolinijpg.jpg\" alt=\"\" title=\"\" width=\"610\" height=\"344\" id=\"8094075-Libre-1429764277_embed\"\/><\/div>\n<\/p><\/div>\n<p>En este marco, la denuncia impulsada por el Presidente contra <strong>Mengolini<\/strong> por \u00abinjurias\u00bb ha reca\u00eddo en el Juzgado Criminal y Correccional Federal 7, a cargo de <strong>Sebasti\u00e1n Casanello<\/strong>.<\/p>\n<p>La medida judicial se basa en declaraciones de Mengolini de hace varios meses, en las que la periodista vincul\u00f3 al mandatario con una relaci\u00f3n \u00abincestuosa\u00bb con su hermana y secretaria general de la Presidencia, <strong>Karina Milei<\/strong>. El escrito, presentado por el abogado de Milei, Francisco Oneto, detalla los hechos y fundamentos que llevaron al Presidente a tomar esta determinaci\u00f3n legal.<\/p>\n<p>Esta acci\u00f3n del Presidente se anticipa a una denuncia que la propia Mengolini hab\u00eda anunciado contra el Presidente y figuras de <strong>La Libertad Avanza (LLA)<\/strong>. La periodista hab\u00eda advertido en su programa de radio que iniciar\u00eda acciones penales por una campa\u00f1a digital en su contra, donde tambi\u00e9n se la acusaba de tener una relaci\u00f3n \u00abincestuosa\u00bb con su hermano.<\/p>\n<p>Seg\u00fan la denuncia del libertario, las afirmaciones de Mengolini afectaron su honor y reputaci\u00f3n personal y presidencial, alegando que hubo dolo en las injurias, es decir, una intenci\u00f3n de ofender o, al menos, la admisi\u00f3n de esa posibilidad. Como prueba, present\u00f3 una entrevista reciente donde Mengolini, en di\u00e1logo con el constitucionalista <strong>Andr\u00e9s Gil Dom\u00ednguez<\/strong>, reconoc\u00eda el impacto de este tipo de acusaciones.<\/p>\n<p><span class=\"saysCMSEmphasis\" id=\"saysCMSEmphasisv2srr104tqi\">\u00abEs evidente que la querellada entiende que afirmaciones como las que ella misma expres\u00f3 en mi contra resultan muy graves, en cuanto implican un da\u00f1o que no es remediable con la simple respuesta p\u00fablica, sino que ameritan iniciar acciones legales como la presente. Por lo tanto, es la misma Sra. Mengolini la que da lugar a sostener que ella ha llevado adelante un actuar delictivo, el cual se corresponde con lo contemplado en el art. 110 del CP\u201d<\/span>, argumenta la denuncia presidencial.<\/p>\n<h2>Juan Grabois defender\u00e1 a Julia Mengolini<\/h2>\n<p><strong>Los abogadas de Argentina Humana<\/strong>, el espacio que lidera el dirigente kirchnerista <strong>Juan Grabois<\/strong>, representar\u00e1n legalmente a la periodista <strong>Julia Mengolini<\/strong> en la causa judicial que le inici\u00f3 el presidente <strong>Javier Milei<\/strong> por \u00abinjurias\u00bb.<\/p>\n<p>\u201cSe\u00f1ores: les juro que la van a pagar\u201d, expres\u00f3 Grabois al compartir en sus redes un comunicado de <strong>Argentina Humana<\/strong>, en el que repudiaron \u00ablas agresiones sufridas durante las \u00faltimas semanas, en particular las perpetradas por el presidente Javier Milei y sus milicias digitales financiadas con los impuestos de los argentinos\u00bb, seg\u00fan sostuvo el espacio.<\/p>\n<div contenteditable=\"false\" class=\"embed_cont type_freetext\" rel=\"freetext\" id=\"embed63_wrap\">\n<p> Embed <span onclick=\"parent.parent.TinyMCETdcuerpo.preview_embed('embed63')\" class=\"embed_colapse less\" id=\"embed63_colapse\"\/>  <span onclick=\"parent.parent.TinyMCETdcuerpo.delete_embed('embed63')\" class=\"embed_delete less\" id=\"embed63_delete\"\/><\/p>\n<div id=\"embed63_content\" class=\"embed_content\">\n<div id=\"embed63_embed\">\n<figure class=\"figure\"><a href=\"https:\/\/t.me\/minutounocom\" target=\"_blank\"><img decoding=\"async\" src=\"https:\/\/media.minutouno.com\/adjuntos\/150\/banners\/039\/099\/0039099175.jpg\" class=\"figure-img img-fluid\" style=\"width:100%;height:auto;\"\/><\/a><\/figure>\n<\/p><\/div>\n<\/div><\/div>\n<\/p><\/div>\n<p><a href=\"https:\/\/www.minutouno.com\/politica\/tras-compartir-la-campana-virtual-su-contra-javier-milei-denuncio-julia-mengolini-n6162633\">source<\/a><\/p>\n","protected":false},"excerpt":{"rendered":"<p>La periodista viene siendo blanco de una serie de contenidos generados con inteligencia artificial, entre&#8230;<\/p>\n","protected":false},"author":0,"featured_media":199113,"comment_status":"open","ping_status":"open","sticky":false,"template":"","format":"standard","meta":{"footnotes":""},"categories":[2],"tags":[],"class_list":["post-199112","post","type-post","status-publish","format-standard","has-post-thumbnail","hentry","category-politica"],"featured_image_urls":{"full":["https:\/\/radiofenix.com.ar\/2023\/wp-content\/uploads\/2025\/07\/wp-header-logo-10.png",610,344,false],"thumbnail":["https:\/\/radiofenix.com.ar\/2023\/wp-content\/uploads\/2025\/07\/wp-header-logo-10-150x150.png",150,150,true],"medium":["https:\/\/radiofenix.com.ar\/2023\/wp-content\/uploads\/2025\/07\/wp-header-logo-10-300x169.png",300,169,true],"medium_large":["https:\/\/radiofenix.com.ar\/2023\/wp-content\/uploads\/2025\/07\/wp-header-logo-10.png",610,344,false],"large":["https:\/\/radiofenix.com.ar\/2023\/wp-content\/uploads\/2025\/07\/wp-header-logo-10.png",610,344,false],"1536x1536":["https:\/\/radiofenix.com.ar\/2023\/wp-content\/uploads\/2025\/07\/wp-header-logo-10.png",610,344,false],"2048x2048":["https:\/\/radiofenix.com.ar\/2023\/wp-content\/uploads\/2025\/07\/wp-header-logo-10.png",610,344,false],"newsium-slider-full":["https:\/\/radiofenix.com.ar\/2023\/wp-content\/uploads\/2025\/07\/wp-header-logo-10.png",610,344,false],"newsium-featured":["https:\/\/radiofenix.com.ar\/2023\/wp-content\/uploads\/2025\/07\/wp-header-logo-10.png",610,344,false],"newsium-medium":["https:\/\/radiofenix.com.ar\/2023\/wp-content\/uploads\/2025\/07\/wp-header-logo-10.png",610,344,false]},"author_info":{"info":[""]},"category_info":"<a href=\"https:\/\/radiofenix.com.ar\/2023\/category\/politica\/\" rel=\"category tag\">Pol\u00edtica<\/a>","tag_info":"Pol\u00edtica","comment_count":"0","_links":{"self":[{"href":"https:\/\/radiofenix.com.ar\/2023\/wp-json\/wp\/v2\/posts\/199112","targetHints":{"allow":["GET"]}}],"collection":[{"href":"https:\/\/radiofenix.com.ar\/2023\/wp-json\/wp\/v2\/posts"}],"about":[{"href":"https:\/\/radiofenix.com.ar\/2023\/wp-json\/wp\/v2\/types\/post"}],"replies":[{"embeddable":true,"href":"https:\/\/radiofenix.com.ar\/2023\/wp-json\/wp\/v2\/comments?post=199112"}],"version-history":[{"count":0,"href":"https:\/\/radiofenix.com.ar\/2023\/wp-json\/wp\/v2\/posts\/199112\/revisions"}],"wp:featuredmedia":[{"embeddable":true,"href":"https:\/\/radiofenix.com.ar\/2023\/wp-json\/wp\/v2\/media\/199113"}],"wp:attachment":[{"href":"https:\/\/radiofenix.com.ar\/2023\/wp-json\/wp\/v2\/media?parent=199112"}],"wp:term":[{"taxonomy":"category","embeddable":true,"href":"https:\/\/radiofenix.com.ar\/2023\/wp-json\/wp\/v2\/categories?post=199112"},{"taxonomy":"post_tag","embeddable":true,"href":"https:\/\/radiofenix.com.ar\/2023\/wp-json\/wp\/v2\/tags?post=199112"}],"curies":[{"name":"wp","href":"https:\/\/api.w.org\/{rel}","templated":true}]}}