{"id":199114,"date":"2025-07-02T08:58:17","date_gmt":"2025-07-02T08:58:17","guid":{"rendered":"https:\/\/radiofenix.com.ar\/2023\/ysy-a-un-nuevo-estilo-de-trovador-urbano\/"},"modified":"2025-07-02T08:58:17","modified_gmt":"2025-07-02T08:58:17","slug":"ysy-a-un-nuevo-estilo-de-trovador-urbano","status":"publish","type":"post","link":"https:\/\/radiofenix.com.ar\/2023\/ysy-a-un-nuevo-estilo-de-trovador-urbano\/","title":{"rendered":"Ysy A: un nuevo estilo de trovador urbano\u00a0"},"content":{"rendered":"<div><!-- Body --><\/p>\n<p>\u201cCaution: Pogo Here\u201d (\u201cPeligro, pogo ac\u00e1\u201d), rezaba un cartel que un chico, sobre los hombros de otro, mostraba en el campo del Movistar Arena. Poco luego de las 21 hs, el p\u00fablico ubicado ah\u00ed se empujaba hasta formar c\u00edrculos en varios lugares de ese sector. Muchos de esos focos fueron organizados por los Cactus Jack, tribu urbana que con sus pasamonta\u00f1as verde fl\u00faor amenizan desde abajo del escenario la interacci\u00f3n de los fans con los raperos locales. De lo que pueden dar fe Neo Pistea o C.R.O. En ese instante, la ansiedad y el fervor, condimentos esenciales para la combusti\u00f3n de la pasi\u00f3n, chispeaban de tal manera que cuando <b>Ysy A<\/b> apareci\u00f3 por el tablado se produjo una hermosa sincronizaci\u00f3n colectiva de saltos. Comparable con los mosaicos humanos del festival norcoreano Arirang.<\/p>\n<p>El rapero arranc\u00f3 el show de la mano del trap \u201cDuele\u201d, seguido por otro tema del g\u00e9nero, \u201cDe repente\u201d. Uno m\u00e1s oscuro que otro, aunque ambos incluidos en su reciente \u00e1lbum de estudio, <i><b>Trampa al tiempo<\/b><\/i> (2024), e iluminados por el fuego que emanaba del piso del escenario. De esa manera, el nativo de Caballito debutaba en el estadio de Villa Crespo. Tarde, pero seguro. Era el que faltaba de su camada en hacerlo, luego de desembarcar en su barrio, en cancha de Ferro; tras provocar lo m\u00e1s parecido a un sismo en Parque Patricios, al incitar al pogo en Hurac\u00e1n; o despu\u00e9s convertirse en el primer artista de m\u00fasica urbana en poner un pie el a\u00f1o pasado, m\u00e1s o menos en esta misma \u00e9poca, en el templo electr\u00f3nico de esta ciudad: Mandarine Park. Con ese fr\u00edo viento del R\u00edo de la Plata haci\u00e9ndole resistencia en vano. <\/p>\n<p>Una vez que encar\u00f3 ese inicio elegante y a la vez filoso, el cantante, compositor y productor salud\u00f3 al p\u00fablico: \u201cLlevo mi m\u00fasica a un mont\u00f3n de pa\u00edses y de ciudades en el a\u00f1o, pero el momento que m\u00e1s espero es volver a verlos a ustedes, guachos, en la ciudad en la que nac\u00ed y que me hizo ser quien soy. Es la ciudad donde se cre\u00f3 el \u2018Ysysmo\u2019 (en alusi\u00f3n a su propuesta art\u00edstica) y que marc\u00f3 toda mi historia\u201d. Tras pedir un aplauso para Buenos Aires, Ysy A invit\u00f3 a \u201cponer a temblar\u201d a la urbe. Entonces continu\u00f3 deshilachando el repertorio de <i>Trampa al tiempo<\/i>, para lo que invoc\u00f3 al trap de actitud barroca, preciosista y misteriosa \u201cAlmas rotas\u201d, as\u00ed como al R&amp;B (con vaho a jazz) \u201cCon el tiempo\u201d. Esta \u00faltima canci\u00f3n reflexiona sobre c\u00f3mo el tiempo impacta en la evoluci\u00f3n del artista. <\/p>\n<p>Este trovador del asfalto, quien se refiri\u00f3 en el recital a sus canciones como \u201cpoemas\u201d (en el pasado justific\u00f3 esto explicando que considera que sus letras son composiciones po\u00e9ticas que expresan emociones y sentimientos mediante un lenguaje elaborado y r\u00edtmico), hizo de la segmentaci\u00f3n la din\u00e1mica de su performance. Y esta vez no fue la excepci\u00f3n. Apenas concluy\u00f3 el bloque del \u00faltimo disco con el trap valiente \u201cCurando mi karma\u201d, un separador en las pantallas dio la se\u00f1al de que se ven\u00eda el tramo dedicado a <i>El after del after<\/i>, donde \u201cLugares que llego\u201d dio el puntapi\u00e9 inicial\u201d. Ese idilio con la m\u00fasica electr\u00f3nica de baile avanz\u00f3 con el technoso, aunque tambi\u00e9n tribal, \u201cCopenhague\u201d; secundado por el africanista \u201c24\/7\u201d, que tuvo al rapero chileno Jere Klein (canta originalmente en el tema) en calidad de invitado.<\/p>\n<p>\u201cSin esta canci\u00f3n no existir\u00eda El after del after\u201d, afirm\u00f3 el \u00e1lter ego de Alejo Nahuel Acosta Migliarini, previo a desenvainar el techno (nihilista) berlin\u00e9s \u201cGanas\u201d. \u201cHoy tengo ganas de peg\u00e1rmela como si no hubiese un ma\u00f1ana\u201d, versaba el artista de 26 a\u00f1os, mientras desataba a\u00fan m\u00e1s el pogo. <b>Ni siquiera en los sets de electr\u00f3nica que se consumaron en ese estadio se vio a la gente saltando como si se tratara de un recital de rock.<\/b> A continuaci\u00f3n, otro separador en las pantallas avisaba que estaba por suceder una nueva fracci\u00f3n del show. Y de pronto, de tras bambalinas, irrumpi\u00f3 el rapero Bhavi, con el que Ysys A encar\u00f3 un bloque entero, a partir de que el t\u00e1ndem grabara en 2023 el EP colaborativo <b>Tu d\u00fao favorito<\/b>. De ah\u00ed hicieron \u201cQuieren m\u00e1s\u201d, \u201cMueren por matarme\u201d, \u201cFlechazo\u201d y \u201cMi ciudad\u201d. <\/p>\n<p>Si hay un rasgo que distingue a Ysy A de entre los dem\u00e1s iconos del trap argentino es su hambre de innovaci\u00f3n y su deseo de <b>llevar al estilo que representa hasta las fronteras<\/b>. O quiz\u00e1 m\u00e1s all\u00e1. De hecho, en 2019 se meti\u00f3 con la fusi\u00f3n de tango y trap, por cortes\u00eda del tema \u201cTraje unos tangos\u201d, que inaugur\u00f3 esa instancia del show, justamente abocada al di\u00e1logo entre dos formas de entender la calle en Buenos Aires. Para la ocasi\u00f3n, llam\u00f3 al conjunto de tango que lo apoya cuando se pone en la piel del arrabal, y del que destaca el cantor <b>Cucuza Castiello<\/b>. Juntos hicieron \u201cPa\u2019 esta soledad\u201d y \u201cToda la vida\u201d. Por ejemplo, esta \u00faltima canci\u00f3n la reinvent\u00f3 en este formato, porque originalmente apunta hacia la electr\u00f3nica. Algo af\u00edn a lo que pas\u00f3 con \u201cCada vez que\u2026\u201d, ideada en clave de trap (uno, por cierto, bien melanc\u00f3lico).<\/p>\n<p>Cuando el 2&#215;4 hab\u00eda calado entre toda esa muchedumbre (las entradas del show se agotaron en 3 horas, luego de su anuncio en marzo), que no s\u00f3lo lo pogue\u00f3 sino que empez\u00f3 a cantar \u201cArgentina, Argentina\u201d entre tema y tema, Ysy A sali\u00f3 de escena. No sin antes presentar a la bailarina <b>Mora Godoy<\/b> y su cuerpo de baile, cuya coreograf\u00eda fue musicalizada por esa suerte de orquesta t\u00edpica moderna, a la que se le sum\u00f3 una bater\u00eda. Acto seguido, el artista regres\u00f3 al tablado e interpret\u00f3 \u201c\u00bfCu\u00e1l?\u201d, lo que dio pie m\u00e1s tarde para introducir a Castiello, quien se llev\u00f3 una sentida ovaci\u00f3n, y entre ambos trataron de definir el experimento. Y recurrieron a uno de los pasajes del single \u201cTrap de verdad\u201d: \u201cNo s\u00e9 si esto es tango o trap, s\u00f3lo s\u00e9 que es de verdad\u201d, para despu\u00e9s recrearlo. <\/p>\n<p>De las dos horas de espect\u00e1culo, en las que este adalid urbano explic\u00f3 aparte lo significativo que es el 11 para su carrera (el 11 de noviembre se despidi\u00f3 del freestyle, y desde ese instante toma en cuenta el n\u00famero para el lanzamiento de sus discos), el bloque que dejaron atr\u00e1s fue el m\u00e1s largo. Sin embargo, allan\u00f3 el camino para el desenlace. El artista reincidi\u00f3 en el dance con el house \u00ab\u00bfCu\u00e1ntos t\u00e9rminos?\u201d, pero volvi\u00f3 a ponerse reflexivo en \u201cA por todo\u201d. Pregunt\u00f3 a su gente si estaba lista para \u201csubir un piso m\u00e1s\u201d, en referencia a la canci\u00f3n hom\u00f3nima, y luego confes\u00f3 que el tema favorito de su mam\u00e1 era \u201cAlma\u201d. La \u00faltima parte larg\u00f3 con \u201cHidro\u201d, trap psicod\u00e9lico escoltado por \u201cLinaje\u201d, \u201cAmanecer\u201d, \u201cVuelta a la luna\u201d y \u201cTamo\u2019 loco\u201d. Y s\u00ed: Ysy A es un loco: uno fabuloso, que adem\u00e1s sabe hacer historia.\u00a0\u00a0<\/p>\n<p><!-- Live Blog Post --><\/div>\n<p><a href=\"https:\/\/www.pagina12.com.ar\/838471-ysy-a-un-nuevo-estilo-de-trovador-urbano\">source<\/a><\/p>\n","protected":false},"excerpt":{"rendered":"<p>\u201cCaution: Pogo Here\u201d (\u201cPeligro, pogo ac\u00e1\u201d), rezaba un cartel que un chico, sobre los hombros&#8230;<\/p>\n","protected":false},"author":0,"featured_media":199115,"comment_status":"open","ping_status":"open","sticky":false,"template":"","format":"standard","meta":{"footnotes":""},"categories":[4],"tags":[],"class_list":["post-199114","post","type-post","status-publish","format-standard","has-post-thumbnail","hentry","category-espectaculos"],"featured_image_urls":{"full":["https:\/\/radiofenix.com.ar\/2023\/wp-content\/uploads\/2025\/07\/wp-header-logo-11.png",960,540,false],"thumbnail":["https:\/\/radiofenix.com.ar\/2023\/wp-content\/uploads\/2025\/07\/wp-header-logo-11-150x150.png",150,150,true],"medium":["https:\/\/radiofenix.com.ar\/2023\/wp-content\/uploads\/2025\/07\/wp-header-logo-11-300x169.png",300,169,true],"medium_large":["https:\/\/radiofenix.com.ar\/2023\/wp-content\/uploads\/2025\/07\/wp-header-logo-11-768x432.png",640,360,true],"large":["https:\/\/radiofenix.com.ar\/2023\/wp-content\/uploads\/2025\/07\/wp-header-logo-11.png",640,360,false],"1536x1536":["https:\/\/radiofenix.com.ar\/2023\/wp-content\/uploads\/2025\/07\/wp-header-logo-11.png",960,540,false],"2048x2048":["https:\/\/radiofenix.com.ar\/2023\/wp-content\/uploads\/2025\/07\/wp-header-logo-11.png",960,540,false],"newsium-slider-full":["https:\/\/radiofenix.com.ar\/2023\/wp-content\/uploads\/2025\/07\/wp-header-logo-11.png",960,540,false],"newsium-featured":["https:\/\/radiofenix.com.ar\/2023\/wp-content\/uploads\/2025\/07\/wp-header-logo-11.png",960,540,false],"newsium-medium":["https:\/\/radiofenix.com.ar\/2023\/wp-content\/uploads\/2025\/07\/wp-header-logo-11-720x475.png",720,475,true]},"author_info":{"info":[""]},"category_info":"<a href=\"https:\/\/radiofenix.com.ar\/2023\/category\/espectaculos\/\" rel=\"category tag\">Espectaculos<\/a>","tag_info":"Espectaculos","comment_count":"0","_links":{"self":[{"href":"https:\/\/radiofenix.com.ar\/2023\/wp-json\/wp\/v2\/posts\/199114","targetHints":{"allow":["GET"]}}],"collection":[{"href":"https:\/\/radiofenix.com.ar\/2023\/wp-json\/wp\/v2\/posts"}],"about":[{"href":"https:\/\/radiofenix.com.ar\/2023\/wp-json\/wp\/v2\/types\/post"}],"replies":[{"embeddable":true,"href":"https:\/\/radiofenix.com.ar\/2023\/wp-json\/wp\/v2\/comments?post=199114"}],"version-history":[{"count":0,"href":"https:\/\/radiofenix.com.ar\/2023\/wp-json\/wp\/v2\/posts\/199114\/revisions"}],"wp:featuredmedia":[{"embeddable":true,"href":"https:\/\/radiofenix.com.ar\/2023\/wp-json\/wp\/v2\/media\/199115"}],"wp:attachment":[{"href":"https:\/\/radiofenix.com.ar\/2023\/wp-json\/wp\/v2\/media?parent=199114"}],"wp:term":[{"taxonomy":"category","embeddable":true,"href":"https:\/\/radiofenix.com.ar\/2023\/wp-json\/wp\/v2\/categories?post=199114"},{"taxonomy":"post_tag","embeddable":true,"href":"https:\/\/radiofenix.com.ar\/2023\/wp-json\/wp\/v2\/tags?post=199114"}],"curies":[{"name":"wp","href":"https:\/\/api.w.org\/{rel}","templated":true}]}}