{"id":199118,"date":"2025-07-03T08:58:05","date_gmt":"2025-07-03T08:58:05","guid":{"rendered":"https:\/\/radiofenix.com.ar\/2023\/justicia-por-ivana-garcilazo\/"},"modified":"2025-07-03T08:58:05","modified_gmt":"2025-07-03T08:58:05","slug":"justicia-por-ivana-garcilazo","status":"publish","type":"post","link":"https:\/\/radiofenix.com.ar\/2023\/justicia-por-ivana-garcilazo\/","title":{"rendered":"Justicia por Ivana Garcilazo"},"content":{"rendered":"<div><!-- Body --><\/p>\n<p>Luego de ser extraditado desde Bolivia,<b> Dami\u00e1n Reinfestuel<\/b>, fue trasladado desde Buenos Aires para quedar alojado en la c\u00e1rcel de Pi\u00f1ero, en <b>Santa Fe<\/b>, a la espera de la audiencia imputativa por el crimen de<b> Ivana Garcilazo.\u00a0<\/b><\/p>\n<p>Se trata del hombre que estuvo pr\u00f3fugo un a\u00f1o y medio, acusado de haber participado del <b>homicidio <\/b>de <b>la hincha de Central <\/b>que recibi\u00f3 un piedrazo, en las calles Ovidio Lagos y Montevideo, cuando volv\u00eda de ver el cl\u00e1sico de f\u00fatbol rosarino, el 30 de septiembre de 2023. La medida que se formalizar\u00e1 hoy, jueves, en el Centro de Justicia Penal lo tendr\u00e1 presente de manera virtual, v\u00eda Zoom, seg\u00fan se indic\u00f3 desde el Ministerio de Seguridad provincial.  El operativo de extradici\u00f3n comenz\u00f3 en Bolivia y se complet\u00f3 ayer previa escala en Ezeiza.\u00a0<\/p>\n<p>Fue luego de haber estado <b>pr\u00f3fugo <\/b>m\u00e1s de un a\u00f1o y medio y haber sido encontrado en la localidad de Samaipata, en febrero pasado. Ayer, pasado el mediod\u00eda, la ministra de Seguridad <b>Patricia Bullrich<\/b> confirm\u00f3, desde Buenos Aires, que el acusado estaba por ser trasladado a la provincia de Santa Fe. Por la tarde, un helic\u00f3ptero de Gendarmer\u00eda aterriz\u00f3 con el detenido en Pi\u00f1ero. Al respecto, el ministro de Justicia y Seguridad, Pablo Cococcioni, confirm\u00f3 que qued\u00f3 alojado all\u00ed y descart\u00f3 su traslado al Centro de Justicia Penal para la <b>audiencia imputativa<\/b>.\u00a0<\/p>\n<p>M\u00e1s temprano hab\u00eda dicho que \u00abel tema de la concurrencia personal est\u00e1 vetado por la legislaci\u00f3n. A ra\u00edz del<b> grave problema acarreado por la cantidad de traslados a sedes judiciales<\/b> (se lleg\u00f3 a tener 4000 traslados por mes a tribunales), hoy, la ley de Ejecuci\u00f3n prev\u00e9 que el traslado a Tribunales sea s\u00f3lo durante el juicio a los efectos de la producci\u00f3n de pruebas. Siempre y cuando no sea recluso de alto perfil, si es de alto perfil, no hay excepciones\u201d.<\/p>\n<p>En tanto, la secretaria de Asuntos Penales del Ministerio de Justicia y Seguridad, <b>Luc\u00eda Masneri<\/b>, indic\u00f3 que el detenido qued\u00f3 \u00aben un sector de aislamiento, hasta tanto se realice la audiencia imputativa. Se trat\u00f3 de un procedimiento de ingreso regular, aunque bajo los protocolos especiales de seguridad\u201d, detall\u00f3.<\/p>\n<p>Se trata del tercer implicado en el crimen de la joven de 32 a\u00f1os, cuando \u00e9sta regresaba del Gigante de Arroyito donde fue a ver el cl\u00e1sico rosarino. Tras el triunfo de Central, <b>sali\u00f3 con su moto de la cancha y en el sem\u00e1foro de Ovidio Lagos y Montevideo perdi\u00f3 la vida <\/b>al recibir un piedrazo por parte de personas que se encontraban en esa esquina. En el caso ya fueron imputados Ariel Cabrera y Juan Jos\u00e9 \u201cTuerca\u201d Mass\u00f3n.\u00a0<\/p>\n<p>Ambos permanecen en prisi\u00f3n preventiva efectiva. Cuando hizo esas primeras imputaciones -Reinfestuel estaba pr\u00f3fugo-, el fiscal Gast\u00f3n \u00c1vila indic\u00f3 que se pudo establecer que se trat\u00f3 de<b> hinchas de Newell&#8217;s<\/b> que se reunieron con amigos a ver el partido y que luego al menos tres decidieron ir hacia las inmediaciones del parque Independencia, donde ocurri\u00f3 el hecho.<\/p>\n<p>Ma\u00f1ana, se sumar\u00e1 la acusaci\u00f3n para Reinfestuel. Seg\u00fan se pudo saber, ser\u00e1 imputado por el fiscal Lisandro Artacho por el delito de homicidio agravado por haber sido cometido en el contexto de un espect\u00e1culo deportivo. Luego del traslado de Reinfestuel, Masneri valor\u00f3 el funcionamiento del programa Recompensas: \u201cNo es una figura simb\u00f3lica ni formal. Se aplica, se difunde y se cumple. Esta es la tercera recompensa que paga la provincia de Santa Fe\u00bb.<\/p>\n<p><!-- Live Blog Post --><\/div>\n<p><a href=\"https:\/\/www.pagina12.com.ar\/839003-justicia-por-ivana-garcilazo\">source<\/a><\/p>\n","protected":false},"excerpt":{"rendered":"<p>Luego de ser extraditado desde Bolivia, Dami\u00e1n Reinfestuel, fue trasladado desde Buenos Aires para quedar&#8230;<\/p>\n","protected":false},"author":0,"featured_media":199119,"comment_status":"open","ping_status":"open","sticky":false,"template":"","format":"standard","meta":{"footnotes":""},"categories":[7],"tags":[],"class_list":["post-199118","post","type-post","status-publish","format-standard","has-post-thumbnail","hentry","category-sociedad"],"featured_image_urls":{"full":["https:\/\/radiofenix.com.ar\/2023\/wp-content\/uploads\/2025\/07\/wp-header-logo-13.png",960,540,false],"thumbnail":["https:\/\/radiofenix.com.ar\/2023\/wp-content\/uploads\/2025\/07\/wp-header-logo-13-150x150.png",150,150,true],"medium":["https:\/\/radiofenix.com.ar\/2023\/wp-content\/uploads\/2025\/07\/wp-header-logo-13-300x169.png",300,169,true],"medium_large":["https:\/\/radiofenix.com.ar\/2023\/wp-content\/uploads\/2025\/07\/wp-header-logo-13-768x432.png",640,360,true],"large":["https:\/\/radiofenix.com.ar\/2023\/wp-content\/uploads\/2025\/07\/wp-header-logo-13.png",640,360,false],"1536x1536":["https:\/\/radiofenix.com.ar\/2023\/wp-content\/uploads\/2025\/07\/wp-header-logo-13.png",960,540,false],"2048x2048":["https:\/\/radiofenix.com.ar\/2023\/wp-content\/uploads\/2025\/07\/wp-header-logo-13.png",960,540,false],"newsium-slider-full":["https:\/\/radiofenix.com.ar\/2023\/wp-content\/uploads\/2025\/07\/wp-header-logo-13.png",960,540,false],"newsium-featured":["https:\/\/radiofenix.com.ar\/2023\/wp-content\/uploads\/2025\/07\/wp-header-logo-13.png",960,540,false],"newsium-medium":["https:\/\/radiofenix.com.ar\/2023\/wp-content\/uploads\/2025\/07\/wp-header-logo-13-720x475.png",720,475,true]},"author_info":{"info":[""]},"category_info":"<a href=\"https:\/\/radiofenix.com.ar\/2023\/category\/sociedad\/\" rel=\"category tag\">Sociedad<\/a>","tag_info":"Sociedad","comment_count":"0","_links":{"self":[{"href":"https:\/\/radiofenix.com.ar\/2023\/wp-json\/wp\/v2\/posts\/199118","targetHints":{"allow":["GET"]}}],"collection":[{"href":"https:\/\/radiofenix.com.ar\/2023\/wp-json\/wp\/v2\/posts"}],"about":[{"href":"https:\/\/radiofenix.com.ar\/2023\/wp-json\/wp\/v2\/types\/post"}],"replies":[{"embeddable":true,"href":"https:\/\/radiofenix.com.ar\/2023\/wp-json\/wp\/v2\/comments?post=199118"}],"version-history":[{"count":0,"href":"https:\/\/radiofenix.com.ar\/2023\/wp-json\/wp\/v2\/posts\/199118\/revisions"}],"wp:featuredmedia":[{"embeddable":true,"href":"https:\/\/radiofenix.com.ar\/2023\/wp-json\/wp\/v2\/media\/199119"}],"wp:attachment":[{"href":"https:\/\/radiofenix.com.ar\/2023\/wp-json\/wp\/v2\/media?parent=199118"}],"wp:term":[{"taxonomy":"category","embeddable":true,"href":"https:\/\/radiofenix.com.ar\/2023\/wp-json\/wp\/v2\/categories?post=199118"},{"taxonomy":"post_tag","embeddable":true,"href":"https:\/\/radiofenix.com.ar\/2023\/wp-json\/wp\/v2\/tags?post=199118"}],"curies":[{"name":"wp","href":"https:\/\/api.w.org\/{rel}","templated":true}]}}