{"id":199122,"date":"2025-07-03T08:58:09","date_gmt":"2025-07-03T08:58:09","guid":{"rendered":"https:\/\/radiofenix.com.ar\/2023\/trump-inauguro-el-polemico-centro-de-detencion-de-migrantes-alcatraz-de-los-caimanes\/"},"modified":"2025-07-03T08:58:09","modified_gmt":"2025-07-03T08:58:09","slug":"trump-inauguro-el-polemico-centro-de-detencion-de-migrantes-alcatraz-de-los-caimanes","status":"publish","type":"post","link":"https:\/\/radiofenix.com.ar\/2023\/trump-inauguro-el-polemico-centro-de-detencion-de-migrantes-alcatraz-de-los-caimanes\/","title":{"rendered":"Trump inaugur\u00f3 el pol\u00e9mico centro de detenci\u00f3n de migrantes &quot;Alcatraz de los Caimanes&quot;"},"content":{"rendered":"<div><!-- Body --><\/p>\n<p>El presidente de EE.UU., <b><a href=\"https:\/\/www.pagina12.com.ar\/tags\/687-donald-trump\">Donald Trump<\/a>, inaugur\u00f3 este martes<\/b> junto con el gobernador de Florida, Ron DeSantis, <b><a href=\"https:\/\/www.pagina12.com.ar\/838502-ee-uu-el-gobierno-de-trump-demando-a-los-angeles-por-protege\">un pol\u00e9mico centro de detenci\u00f3n para migrantes en el estado de Florida, conocido como el \u00abAlcatraz de los Caimanes\u00bb<\/a><\/b>, que esperan que cuente con jueces de inmigraci\u00f3n &#8216;in situ&#8217; para acelerar las deportaciones. La construcci\u00f3n de este centro gener\u00f3 indignaci\u00f3n entre los cr\u00edticos de la pol\u00edtica migratoria de Trump por<b> considerarlo inhumano<\/b>, y protestas de ecologistas por hallarse cerca de un parque nacional. Pero a Trump, impulsor de una pol\u00edtica migratoria dr\u00e1stica desde que volvi\u00f3 al poder en enero, le parece una iniciativa fant\u00e1stica.<\/p>\n<p>\u00abNo siempre se tienen tierras tan hermosas y seguras. <b>Tenemos muchos guardaespaldas y muchos polic\u00edas en forma de caimanes. No hay que pagarles tanto<\/b>\u00ab, declar\u00f3 <b>Trump <\/b>a periodistas en Ochopee, Florida. &#8211; \u00bfLa idea es que las serpientes y caimanes los ataquen si se escapan?, le preguntaron los periodistas antes de que partiera de Washington. \u00abSupongo que ese es el concepto\u00bb, contest\u00f3 el mandatario, quien ironiz\u00f3: \u00abLas serpientes son r\u00e1pidas, pero los caimanes&#8230; Vamos a ense\u00f1arles c\u00f3mo escapar de un caim\u00e1n, \u00bfde acuerdo? Si escapan de la prisi\u00f3n, c\u00f3mo huir. No corras en l\u00ednea recta. Corre as\u00ed. \u00bfY sabes qu\u00e9? Tus posibilidades aumentan aproximadamente un 1 por ciento\u00bb.<\/p>\n<div class=\"iframely-embed medium-embedded-content\" data-html=\"Jmx0O2Jsb2NrcXVvdGUgY2xhc3M9InR3aXR0ZXItdHdlZXQiIGRhdGEtZG50PSJ0cnVlIiBhbGlnbj0iY2VudGVyIiZndDsmbHQ7cCBsYW5nPSJlbiIgZGlyPSJsdHIiJmd0O0Rvb2N5OiBXaXRoIEFsbGlhZ2F0b3IgQWxjYXRyYXosIGlzIHRoZSBpZGVhIHRoYXQgaWYgc29tZSBpbGxlZ2FsIGltbWlncmFudCBlc2NhcGVzLCB0aGV5IGp1c3QgZ2V0IGVhdGVuIGJ5IGFuIGFsbGlnYXRvcj8mbHQ7YnImZ3Q7Jmx0O2JyJmd0O1RydW1wOiBJIGd1ZXNzIHRoYXTigJlzIHRoZSBjb25jZXB0LiBTbmFrZXMgYXJlIGZhc3QgYnV0IGFsbGlnYXRvcnPigJQgd2XigJlyZSBnb2luZyB0byB0ZWFjaCB0aGVtIGhvdyB0byBydW4gYXdheSBmcm9tIGFuIGFsbGlnYXRvci4gRG9u4oCZdCBydW4gaW4gYSBzdHJhaWdodCBsaW5lLOKApiAmbHQ7YSBocmVmPSJodHRwczovL3QuY28veG5HVFVUQUxEciImZ3Q7cGljLnR3aXR0ZXIuY29tL3huR1RVVEFMRHImbHQ7L2EmZ3Q7Jmx0Oy9wJmd0OyZhbXA7bWRhc2g7IEFjeW4gKEBBY3luKSAmbHQ7YSBocmVmPSJodHRwczovL3R3aXR0ZXIuY29tL0FjeW4vc3RhdHVzLzE5NDAwMjU4NTg1MDY1OTY4NjE\/cmVmX3NyYz10d3NyYyU1RXRmdyImZ3Q7SnVseSAxLCAyMDI1Jmx0Oy9hJmd0OyZsdDsvYmxvY2txdW90ZSZndDsKJmx0O3NjcmlwdCBhc3luYyBzcmM9Imh0dHBzOi8vcGxhdGZvcm0udHdpdHRlci5jb20vd2lkZ2V0cy5qcyIgY2hhcnNldD0idXRmLTgiJmd0OyZsdDsvc2NyaXB0Jmd0OwoKJmx0O2RpdiBjbGFzcz0ibWVkaXVtLWluc2VydC1lbWJlZHMtbWV0YSImZ3Q7Jmx0O3NjcmlwdCB0eXBlPSJ0ZXh0L2pzb24iJmd0O3sidXJsIjoiaHR0cHM6Ly90d2l0dGVyLmNvbS9BY3luL3N0YXR1cy8xOTQwMDI1ODU4NTA2NTk2ODYxIiwidHlwZSI6InJpY2giLCJ2ZXJzaW9uIjoiMS4wIiwidGl0bGUiOiJBY3luIG9uIFR3aXR0ZXIgLyBYIiwiYXV0aG9yIjoiQWN5biIsImF1dGhvcl91cmwiOiJodHRwczovL3R3aXR0ZXIuY29tL0FjeW4iLCJwcm92aWRlcl9uYW1lIjoiVHdpdHRlciIsImRlc2NyaXB0aW9uIjoiRG9vY3k6IFdpdGggQWxsaWFnYXRvciBBbGNhdHJheiwgaXMgdGhlIGlkZWEgdGhhdCBpZiBzb21lIGlsbGVnYWwgaW1taWdyYW50IGVzY2FwZXMsIHRoZXkganVzdCBnZXQgZWF0ZW4gYnkgYW4gYWxsaWdhdG9yP1RydW1wOiBJIGd1ZXNzIHRoYXTigJlzIHRoZSBjb25jZXB0LiBTbmFrZXMgYXJlIGZhc3QgYnV0IGFsbGlnYXRvcnPigJQgd2XigJlyZSBnb2luZyB0byB0ZWFjaCB0aGVtIGhvdyB0byBydW4gYXdheSBmcm9tIGFuIGFsbGlnYXRvci4gRG9u4oCZdCBydW4gaW4gYSBzdHJhaWdodCBsaW5lLOKApiBwaWMudHdpdHRlci5jb20veG5HVFVUQUxEcuKAlCBBY3luIChAQWN5bikgSnVseSAxLCAyMDI1XG5cblxuIiwidGh1bWJuYWlsX3VybCI6Imh0dHBzOi8vcGJzLnR3aW1nLmNvbS9hbXBsaWZ5X3ZpZGVvX3RodW1iLzE5NDAwMjU4MjQxMDkxMDkyNTAvaW1nLzNDbk5kYk1fWWQzX0dZaG4uanBnOmxhcmdlIiwidGh1bWJuYWlsX3dpZHRoIjoxMjgwLCJ0aHVtYm5haWxfaGVpZ2h0Ijo3MjAsImNhY2hlX2FnZSI6ODY0MDAsIm9wdGlvbnMiOnsiX2hpZGVfbWVkaWEiOnsibGFiZWwiOiJIaWRlIHBob3RvcywgdmlkZW9zLCBhbmQgY2FyZHMiLCJ2YWx1ZSI6ZmFsc2V9LCJfdGhlbWUiOnsidmFsdWUiOiIiLCJ2YWx1ZXMiOnsiZGFyayI6IlVzZSBkYXJrIHRoZW1lIn19LCJfbWF4d2lkdGgiOnsidmFsdWUiOiIiLCJsYWJlbCI6IkFkanVzdCB3aWR0aCIsInBsYWNlaG9sZGVyIjoiMjIwLTU1MCwgaW4gcHgifX19Jmx0Oy9zY3JpcHQmZ3Q7Jmx0Oy9kaXYmZ3Q7\">\n                <a data-iframely-url=\"\" href=\"https:\/\/twitter.com\/Acyn\/status\/1940025858506596861\">https:\/\/twitter.com\/Acyn\/status\/1940025858506596861<\/a>\n              <\/div>\n<h2>\u00abEst\u00e1 aislado y rodeado de fauna peligrosa\u00bb<\/h2>\n<p>Florida, el estado del sudeste gobernado por el republicano Ron DeSantis, anunci\u00f3 la semana pasada que se estaba construyendo una instalaci\u00f3n en un aeropuerto abandonado en una zona de bosques de manglares y pantanos imponentes en los Everglades. La Casa Blanca y las autoridades de Florida lo bautizaron \u00abAlcatraz de los Caimanes\u00bb, en referencia a la antigua prisi\u00f3n insular de San Francisco que Trump ha dicho que quiere reabrir.<\/p>\n<p>\u00abEstamos ofreciendo a nuestra Guardia Nacional y a otros miembros de Florida para que act\u00faen como jueces de inmigraci\u00f3n. Estamos trabajando con el Departamento de Justicia para obtener las aprobaciones\u00bb, declar\u00f3 DeSantis a los medios junto a Trump, a su llegada al centro de detenci\u00f3n. De esta manera, el gobernador republicano indic\u00f3 que <b>los migrantes que sean trasladados al centro ser\u00e1n juzgados en uno o dos d\u00edas y deportados inmediatamente<\/b>, acelerando todo el proceso.\u00a0<\/p>\n<div class=\"iframely-embed medium-embedded-content\" data-html=\"Jmx0O2RpdiZndDsmbHQ7ZGl2IHN0eWxlPSJsZWZ0OiAwOyB3aWR0aDogMTAwJTsgaGVpZ2h0OiAwOyBwb3NpdGlvbjogcmVsYXRpdmU7IHBhZGRpbmctYm90dG9tOiA1Ni40NTgzJTsiJmd0OyZsdDtpZnJhbWUgc3JjPSJodHRwczovL2lmcmFtZWx5LnBhZ2luYTEyLmNvbS5hci9hcGkvaWZyYW1lP2NsaWNrX3RvX3BsYXk9MSZhbXA7dXJsPWh0dHBzJTNBJTJGJTJGZ2VvLmRhaWx5bW90aW9uLmNvbSUyRnBsYXllciUyRnh0NWVlLmh0bWwlM0Z2aWRlbyUzRHg5bTd1Y3kmYW1wO2tleT00Njc2YjVmZGMwODMyNTdlYTg3ZjcxNjA4Yzc0ZTlmZSIgc3R5bGU9InRvcDogMDsgbGVmdDogMDsgd2lkdGg6IDEwMCU7IGhlaWdodDogMTAwJTsgcG9zaXRpb246IGFic29sdXRlOyBib3JkZXI6IDA7IiBhbGxvd2Z1bGxzY3JlZW4gc2Nyb2xsaW5nPSJubyIgYWxsb3c9ImVuY3J5cHRlZC1tZWRpYSAqOyImZ3Q7Jmx0Oy9pZnJhbWUmZ3Q7Jmx0Oy9kaXYmZ3Q7Jmx0Oy9kaXYmZ3Q7Jmx0O2RpdiBjbGFzcz0ibWVkaXVtLWluc2VydC1lbWJlZHMtbWV0YSImZ3Q7Jmx0O3NjcmlwdCB0eXBlPSJ0ZXh0L2pzb24iJmd0O3sidXJsIjoiaHR0cHM6Ly9nZW8uZGFpbHltb3Rpb24uY29tL3BsYXllci94dDVlZS5odG1sP3ZpZGVvPXg5bTd1Y3kiLCJ0eXBlIjoidmlkZW8iLCJ2ZXJzaW9uIjoiMS4wIiwidGl0bGUiOiJUcnVtcCB5IERlU2FudGlzIGluYXVndXJhbiBBbGxpZ2F0b3IgQWxjYXRyYXogY29uIHByb21lc2FzIGRlIGp1ZWNlcyBtaWdyYXRvcmlvcyBpbiBzaXR1IiwiYXV0aG9yIjoiUMOhZ2luYTEyIiwiYXV0aG9yX3VybCI6Imh0dHBzOi8vd3d3LmRhaWx5bW90aW9uLmNvbS9QYWdpbmExMiIsInByb3ZpZGVyX25hbWUiOiJEYWlseW1vdGlvbiIsImRlc2NyaXB0aW9uIjoiRWwgcHJlc2lkZW50ZSBlc3RhZG91bmlkZW5zZSwgRG9uYWxkIFRydW1wLCBpbmF1Z3Vyw7MgZXN0ZSBtYXJ0ZXMganVudG8gY29uIGVsIGdvYmVybmFkb3IgZGUgRmxvcmlkYSwgUm9uIERlU2FudGlzLCBlbCBudWV2byBjZW50cm8gZGUgZGV0ZW5jacOzbiBwYXJhIG1pZ3JhbnRlcyBlbiBlbCBlc3RhZG8gZGUgRmxvcmlkYSwgY29ub2NpZG8gY29tbyAnQWxsaWdhdG9yIEFsY2F0cmF6JywgcXVlIGVzcGVyYW4gcXVlIGN1ZW50ZSBjb24ganVlY2VzIGRlIGlubWlncmFjacOzbiAnaW4gc2l0dScgcGFyYSBhY2VsZXJhciBsYXMgZGVwb3J0YWNpb25lcy4iLCJ0aHVtYm5haWxfdXJsIjoiaHR0cHM6Ly9zMS5kbWNkbi5uZXQvdi9ZZ0l6bzFlUEtVVlhXWS04ZC94NzIwIiwidGh1bWJuYWlsX3dpZHRoIjoxMjgwLCJ0aHVtYm5haWxfaGVpZ2h0Ijo3MjAsImNhY2hlX2FnZSI6ODY0MDB9Jmx0Oy9zY3JpcHQmZ3Q7Jmx0Oy9kaXYmZ3Q7\">\n                <a data-iframely-url=\"\" href=\"https:\/\/geo.dailymotion.com\/player\/xt5ee.html?video=x9m7ucy\">https:\/\/geo.dailymotion.com\/player\/xt5ee.html?video=x9m7ucy<\/a>\n              <\/div>\n<p>DeSantis recibi\u00f3 a Trump cuando el mandatario aterriz\u00f3 a las 10:30 hora local en el nuevo centro migratorio, ubicado en un aeropuerto abandonado, a unos 70 kil\u00f3metros al oeste de Miami. \u00abSolo hay una ruta que lleva a \u00e9l y es la \u00fanica salida. Es un vuelo de ida. Est\u00e1 aislado y rodeado de fauna peligrosa y un terreno implacable\u00bb, explic\u00f3 el lunes Karoline Leavitt, vocera de la Casa Blanca. \u00abCuando tienes asesinos, violadores y criminales atroces en una instalaci\u00f3n de detenci\u00f3n rodeada de caimanes, s\u00ed, creo que es disuasorio para que intenten escapar\u00bb, respondi\u00f3 Leavitt a una pregunta sobre los caimanes.<\/p>\n<h2>Solo \u00abcaimanes y pitones\u00bb<\/h2>\n<p>Seg\u00fan la Casa Blanca el centro tiene capacidad para cinco mil camas, mientras las autoridades de Florida hablaron de unas mil. <b>Su funcionamiento costar\u00e1 unos 450 millones de d\u00f3lares anuales.<\/b> El gobierno de Trump asegura que su prioridad es detener a migrantes con antecedentes penales pero en realidad muchos fueron arrestados sin cargos y de todos modos la administraci\u00f3n considera \u00abcriminal\u00bb a todo aquel que haya entrado sin visa en el pa\u00eds.<\/p>\n<p><b>Unos 200 mil caimanes, que pueden superar los 4 metros de largo cuando son adultos, habitan en el Parque Nacional de los Everglades. <\/b>Los ataques de caimanes a personas son inusuales en Florida. Entre 1948 y 2022 se registraron 453 \u00abmordeduras accidentales no provocadas\u00bb; 26 terminaron en muertes, seg\u00fan la Comisi\u00f3n de conservaci\u00f3n de la fauna de Florida. Pero las autoridades exageran el riesgo.<\/p>\n<p><b>\u00abSi la gente sale, no les espera gran cosa, aparte de caimanes y pitones\u00bb<\/b>, declar\u00f3 recientemente el fiscal general de Florida, <b>James Uthmeier<\/b>, al describir el campo de detenci\u00f3n. La visita tuvo lugar mientras el Senado acababa de aprobar un megaproyecto de ley de presupuesto federal bautizado \u00abLey grande y hermosa\u00bb. El texto incluye financiaci\u00f3n para un vasto programa de deportaciones de migrantes en situaci\u00f3n irregular, que engloba la construcci\u00f3n de m\u00e1s centros de detenci\u00f3n.\u00a0<\/p>\n<h2><span>Protestas en defensa de las \u00abtierras sagradas\u00bb<\/span><\/h2>\n<p>Cerca de un centenar de personas protestaron este martes contra la construcci\u00f3n del \u00abAlcatraz de los Caimanes\u00bb. <b>La protesta estuvo encabezada por organizaciones ind\u00edgenas y ambientalistas que critican que el centro fue erigido en un paraje natural<\/b> repleto de humedales y de alto valor ecol\u00f3gico, h\u00e1bitat de caimanes y pitones, pasando por alto las leyes de evaluaci\u00f3n ambiental.<\/p>\n<p>\u00abProtestamos para proteger el medio ambiente. Nosotros, la gente de Miccosukee (un pueblo ind\u00edgena), la gente de Seminole, estamos aqu\u00ed por la tierra, para preservar nuestra tierra, nuestra tierra de hogar\u00bb, dijo a la agencia EFE un participante, bajo condici\u00f3n de anonimato. Los manifestantes se congregaron junto a la ruta\u00a0 que lleva al centro de detenci\u00f3n, mostrando pancartas contra el ICE, que tendr\u00e1 el control de la nueva infraestructura.<\/p>\n<p>Los lemas \u00abMantengan al ICE fuera de las tierras sagradas de los nativos\u00bb o \u00abNo usen la naturaleza como arma contra nuestras comunidades\u00bb se le\u00edan en algunas pancartas, al tiempo que decenas de personas gritaban la consigna \u00abICE, \u00a1sal de los Everglades!\u00bb. Al margen de los manifestantes, tambi\u00e9n se acercaron menos de una decena de seguidores de Trump, lo que elev\u00f3 la tensi\u00f3n y llev\u00f3 a que la polic\u00eda tuviera que intervenir.<\/p>\n<p><b>\u00abEllos est\u00e1n protestando, nosotros estamos celebrando\u00bb, afirm\u00f3 Enrique Tarr\u00edo<\/b>, exl\u00edder de la organizaci\u00f3n de extrema derecha<b> Proud Boys<\/b>. De ra\u00edces cubanas, Tarr\u00edo fue uno de los encausados por el asalto al Capitolio del 6 de enero de 2021 y fue indultado por Trump. La intervenci\u00f3n policial, junto a un intenso diluvio que se desat\u00f3 en los instantes posteriores, amain\u00f3 los \u00e1nimos de la protesta, que transcurri\u00f3 a la par que Trump visitaba el interior del pol\u00e9mico centro de detenci\u00f3n.<\/p>\n<h2>Paro nacional de \u00abfalsos enfermos\u00bb<\/h2>\n<p>Pero las protestas contra la pol\u00edtica migratoria de Trump no terminaron ah\u00ed. Tras las manifestaciones masivas ante las redadas migratorias en Los \u00c1ngeles, defensores de la comunidad migrante convocaron este martes a un paro nacional. La convocatoria, que lleva semanas corriendo por las redes sociales, llama a un \u00absick-out\u00bb masivo, es decir, que todos aquellos que est\u00e9n \u00abhartos\u00bb del ICE se reporten enfermos y falten al trabajo para presionar al magnate republicano y buscar que ponga fin a su campa\u00f1a de deportaci\u00f3n masiva.<\/p>\n<p><b>\u00abEstamos hartos de los ataques criminales de la administraci\u00f3n Trump contra la clase trabajadora de este pa\u00eds, \u00a1y estamos hartos de ICE!\u00bb<\/b>, reza el llamamiento nacional liderado por organizaciones pro migrantes. \u00abLa promesa de Trump de llevar a cabo &#8216;la mayor operaci\u00f3n de deportaci\u00f3n en la historia de Estados Unidos&#8217; es una declaraci\u00f3n de guerra contra todos nosotros. <b>No es solo un ataque a nuestras familias inmigrantes, sino a todas nuestras libertades civiles y a todos los logros del movimiento por los derechos civiles<\/b>. No podemos dejar que la comunidad inmigrante luche sola. Todos los ciudadanos tenemos el deber de enfrentar este ataque\u00bb, agrega el comunicado.<\/p>\n<p>Como parte de su avanzada migratoria, Trump dijo este martes que tomar\u00e1 en las pr\u00f3ximas semanas una decisi\u00f3n sobre las exenciones a las deportaciones de trabajadores de la construcci\u00f3n y la agricultura. La pol\u00edtica migratoria es especialmente cr\u00edtica para esos sectores, donde sobre todo son contratados ciudadanos extranjeros, muchos de ellos latinoamericanos. Las redadas del Servicio de Inmigraci\u00f3n y Control de Aduanas (ICE) tuvieron como objetivo a muchos de estos trabajadores, lo que despert\u00f3 el miedo entre los propios trabajadores, y amenaza con ralentizar dos sectores que son fundamentales para la econom\u00eda estadounidense.<\/p>\n<p><!-- Live Blog Post --><\/div>\n<p><script async src=\"\/\/platform.twitter.com\/widgets.js\" charset=\"utf-8\"><\/script><br \/><a href=\"https:\/\/www.pagina12.com.ar\/838673-trump-inauguro-el-polemico-centro-de-detencion-de-migrantes-\">source<\/a><\/p>\n","protected":false},"excerpt":{"rendered":"<p>El presidente de EE.UU., Donald Trump, inaugur\u00f3 este martes junto con el gobernador de Florida,&#8230;<\/p>\n","protected":false},"author":0,"featured_media":199123,"comment_status":"open","ping_status":"open","sticky":false,"template":"","format":"standard","meta":{"footnotes":""},"categories":[60],"tags":[],"class_list":["post-199122","post","type-post","status-publish","format-standard","has-post-thumbnail","hentry","category-internacional"],"featured_image_urls":{"full":["https:\/\/radiofenix.com.ar\/2023\/wp-content\/uploads\/2025\/07\/wp-header-logo-15.png",960,540,false],"thumbnail":["https:\/\/radiofenix.com.ar\/2023\/wp-content\/uploads\/2025\/07\/wp-header-logo-15-150x150.png",150,150,true],"medium":["https:\/\/radiofenix.com.ar\/2023\/wp-content\/uploads\/2025\/07\/wp-header-logo-15-300x169.png",300,169,true],"medium_large":["https:\/\/radiofenix.com.ar\/2023\/wp-content\/uploads\/2025\/07\/wp-header-logo-15-768x432.png",640,360,true],"large":["https:\/\/radiofenix.com.ar\/2023\/wp-content\/uploads\/2025\/07\/wp-header-logo-15.png",640,360,false],"1536x1536":["https:\/\/radiofenix.com.ar\/2023\/wp-content\/uploads\/2025\/07\/wp-header-logo-15.png",960,540,false],"2048x2048":["https:\/\/radiofenix.com.ar\/2023\/wp-content\/uploads\/2025\/07\/wp-header-logo-15.png",960,540,false],"newsium-slider-full":["https:\/\/radiofenix.com.ar\/2023\/wp-content\/uploads\/2025\/07\/wp-header-logo-15.png",960,540,false],"newsium-featured":["https:\/\/radiofenix.com.ar\/2023\/wp-content\/uploads\/2025\/07\/wp-header-logo-15.png",960,540,false],"newsium-medium":["https:\/\/radiofenix.com.ar\/2023\/wp-content\/uploads\/2025\/07\/wp-header-logo-15-720x475.png",720,475,true]},"author_info":{"info":[""]},"category_info":"<a href=\"https:\/\/radiofenix.com.ar\/2023\/category\/internacional\/\" rel=\"category tag\">Internacional<\/a>","tag_info":"Internacional","comment_count":"0","_links":{"self":[{"href":"https:\/\/radiofenix.com.ar\/2023\/wp-json\/wp\/v2\/posts\/199122","targetHints":{"allow":["GET"]}}],"collection":[{"href":"https:\/\/radiofenix.com.ar\/2023\/wp-json\/wp\/v2\/posts"}],"about":[{"href":"https:\/\/radiofenix.com.ar\/2023\/wp-json\/wp\/v2\/types\/post"}],"replies":[{"embeddable":true,"href":"https:\/\/radiofenix.com.ar\/2023\/wp-json\/wp\/v2\/comments?post=199122"}],"version-history":[{"count":0,"href":"https:\/\/radiofenix.com.ar\/2023\/wp-json\/wp\/v2\/posts\/199122\/revisions"}],"wp:featuredmedia":[{"embeddable":true,"href":"https:\/\/radiofenix.com.ar\/2023\/wp-json\/wp\/v2\/media\/199123"}],"wp:attachment":[{"href":"https:\/\/radiofenix.com.ar\/2023\/wp-json\/wp\/v2\/media?parent=199122"}],"wp:term":[{"taxonomy":"category","embeddable":true,"href":"https:\/\/radiofenix.com.ar\/2023\/wp-json\/wp\/v2\/categories?post=199122"},{"taxonomy":"post_tag","embeddable":true,"href":"https:\/\/radiofenix.com.ar\/2023\/wp-json\/wp\/v2\/tags?post=199122"}],"curies":[{"name":"wp","href":"https:\/\/api.w.org\/{rel}","templated":true}]}}