{"id":199128,"date":"2025-07-04T08:58:05","date_gmt":"2025-07-04T08:58:05","guid":{"rendered":"https:\/\/radiofenix.com.ar\/2023\/dolar-blue-dolar-hoy-a-cuanto-cotizan-el-jueves-3-de-julio-de-2025\/"},"modified":"2025-07-04T08:58:05","modified_gmt":"2025-07-04T08:58:05","slug":"dolar-blue-dolar-hoy-a-cuanto-cotizan-el-jueves-3-de-julio-de-2025","status":"publish","type":"post","link":"https:\/\/radiofenix.com.ar\/2023\/dolar-blue-dolar-hoy-a-cuanto-cotizan-el-jueves-3-de-julio-de-2025\/","title":{"rendered":"D\u00f3lar blue, d\u00f3lar hoy: a cu\u00e1nto cotizan el jueves 3 de julio de 2025"},"content":{"rendered":"<div id=\"post-1500\">\n<div class=\"col 2-col\">\n<h2>Nuevo acuerdo de libre comercio\u00a0<\/h2>\n<p>El Mercosur y los Estados de la EFTA, que integran Suiza, Islandia, Liechtenstein y Noruega anunciaron este mi\u00e9rcoles un acuerdo de libre comercio. Fue en el inicio de la Cumbre del Mercosur, que se desarrolla en la Ciudad de Buenos Aires y que culminar\u00e1 este jueves con la cumbre de Presidentes, cuando Javier Milei reciba a sus pares de la regi\u00f3n, entre ellos, el de Brasil, Luiz In\u00e1cio \u201cLula\u201d da Silva.<\/p>\n<h3><b><a href=\"https:\/\/www.pagina12.com.ar\/839031-nuevo-acuerdo-de-libre-comercio\">Le\u00e9 la nota completa<\/a><\/b><\/h3>\n<\/div>\n<\/div>\n<div id=\"post-1420\">\n<div class=\"col 2-col\">\n<h2>Proyectos para blindar las acciones de YPF\u00a0<\/h2>\n<p>Por Bernarda Tinetti<\/p>\n<p>Tras el fallo de la justicia de Estados Unidos en favor de los \u201ccaranchos\u201d, el diputado nacional Miguel Pichetto, del bloque de Encuentro Federal, y el senador Maximiliano Abad, de la UCR, anunciaron la presentaci\u00f3n de proyectos de resoluci\u00f3n para ratificar el art\u00edculo 10 sobre la expropiaci\u00f3n de YPF votada por el Congreso en el a\u00f1o 2012. El articulado indica que la transferencia de las acciones est\u00e1 prohibida, con la excepci\u00f3n de que lo autoricen los dos tercios de los legisladores en ambas c\u00e1maras.<\/p>\n<h3><b><a href=\"https:\/\/www.pagina12.com.ar\/839026-proyectos-para-blindar-las-acciones-de-ypf\">Le\u00e9 la nota completa<\/a><\/b><\/h3>\n<\/div>\n<\/div>\n<div id=\"post-1340\">\n<div class=\"col 2-col\">\n<h2>Sin gas para GNC e industrias\u00a0<\/h2>\n<p>Estaciones de servicio de casi todo el pa\u00eds debieron suspender desde este mi\u00e9rcoles al menos 24 horas el suministro de GNC -hasta las 14:00 de este jueves-, con el fin de garantizar el abastecimiento en las casas en medio de la ola polar. Sucede en medio de una ola de fr\u00edo polar, con consumos record de gas en los hogares y con la demanda m\u00e1s alta de potencia el\u00e9ctrica en invierno.<\/p>\n<h3><b><a href=\"https:\/\/www.pagina12.com.ar\/839051-sin-gas-para-gnc-e-industrias\">Le\u00e9 la nota completa<\/a><\/b><\/h3>\n<\/div>\n<\/div>\n<div id=\"post-1300\">\n<div class=\"col 2-col\">\n<h2>Plan cambiario en zona de riesgo\u00a0<\/h2>\n<p>La estabilidad cambiaria que el Gobierno logr\u00f3 sostener durante varios meses empieza a ser puesta bajo la lupa por analistas y bancos internacionales. El dato no es menor: los mismos factores que apuntalaron el modelo hasta aqu\u00ed podr\u00edan estar mostrando se\u00f1ales de agotamiento, justo cuando se aproxima un trimestre clave en el calendario pol\u00edtico. La consultora PXQ, el banco Barclays y analistas de AdCap advierten sobre un creciente riesgo de tensi\u00f3n en el mercado cambiario, producto de la baja acumulaci\u00f3n de reservas, un esquema de tipo de cambio administrado con m\u00e1rgenes cada vez m\u00e1s acotados y un escenario pol\u00edtico m\u00e1s incierto de lo esperado.<\/p>\n<h3><b><a href=\"https:\/\/www.pagina12.com.ar\/839037-plan-cambiario-en-zona-de-riesgo\">Le\u00e9 la nota completa<\/a><\/b><\/h3>\n<\/div>\n<\/div>\n<div id=\"post-1220\">\n<div class=\"col 2-col\">\n<h2>Nueva suba de la tarifa de gas\u00a0<\/h2>\n<p>Por Mara Pedrazzoli<\/p>\n<p>Las <b>facturas de gas<\/b> de todo el pa\u00eds llegar\u00e1n con un nuevo aumento desde este mes, como resultado de una resoluci\u00f3n oficial que busca reforzar el financiamiento del sistema trasladando el costo a los usuarios finales.<\/p>\n<h3><b><a href=\"https:\/\/www.pagina12.com.ar\/838969-nueva-suba-de-la-tarifa-de-gas\">Le\u00e9 la nota completa<\/a><\/b><\/h3>\n<p>\u00a0<\/p>\n<\/div>\n<\/div>\n<div id=\"post-1140\">\n<div class=\"col 2-col\">\n<h2>\u00bfQui\u00e9n gana con Vaca Muerta?\u00a0\u00a0<\/h2>\n<p>Por Ra\u00fal Dellatorre<\/p>\n<p>\u00abLa poblaci\u00f3n y la industria local pag\u00f3, a lo largo de 2024, un sobreprecio de 1679 millones de d\u00f3lares sobre el gas extra\u00eddo de Vaca Muerta\u00bb, calculado como la diferencia entre el precio internacional y el que se fija como valor de salida para el gas de ese yacimiento. As\u00ed lo denuncia el Instituto de Energ\u00eda Scalabrini Ort\u00edz (IESO) en una declaraci\u00f3n firmada por Marcos Rebasa y Andr\u00e9s Repar, presidente y vice de esa entidad.<\/p>\n<h3><b><a href=\"https:\/\/www.pagina12.com.ar\/839024-quien-gana-con-vaca-muerta\">Le\u00e9 la nota completa<\/a><\/b><\/h3>\n<\/div>\n<\/div>\n<div id=\"post-1100\">\n<div class=\"col 2-col\">\n<h2>Gran parte de Mar del Plata sin gas en plena ola polar\u00a0<\/h2>\n<p><b>Un gran n\u00famero de barrios marplatenses permanec\u00edan desde anoche sin suministro de gas natural<\/b> como consecuencia de problemas en los niveles de presi\u00f3n, provocados por la alta demanda ante las bajas temperaturas. La situaci\u00f3n gener\u00f3 preocupaci\u00f3n entre los vecinos y llev\u00f3 a la interrupci\u00f3n de actividades en distintos establecimientos.<\/p>\n<h3><b><a href=\"https:\/\/www.pagina12.com.ar\/839122-gran-parte-de-mar-del-plata-sin-gas-en-plena-ola-polar\">Le\u00e9 la nota completa<\/a><\/b><\/h3>\n<\/div>\n<\/div>\n<div id=\"post-1020\">\n<div class=\"col 2-col\">\n<h2>La cotizaci\u00f3n de apertura del d\u00f3lar\u00a0\u00a0<\/h2>\n<p>El d\u00f3lar oficial abri\u00f3 a $1195 para la compra y $1245 para la venta.<\/p>\n<\/div>\n<\/div>\n<div id=\"post-0940\">\n<div class=\"col 2-col\">\n<h2>El JP Morgan y los \u00abcampeones\u00bb corren a Caputo<\/h2>\n<p>Por Leandro Renou<\/p>\n<p><b>\u00abCompr\u00e1, no te lo pierdas, campe\u00f3n\u00bb, sac\u00f3 pecho el ministro de Econom\u00eda, Luis Caputo, el martes por la noche en un evento en la Universidad Austral. Cerca del mediod\u00eda de ayer, a pocas horas de la corajeada oficial, el mercado, los fondos especulativos y los ahorristas le hicieron caso: compraron, salieron de los pesos, se posicionaron en d\u00f3lares y la divisa escal\u00f3 a su precio nominal m\u00e1s alto del a\u00f1o<\/b>. Palabras m\u00e1s o menos, esos actores le hicieron una \u00abmini\u00bb corrida a \u00abToto\u00bb. Casi una advertencia sobre la inconveniencia pol\u00edtica de las declaraciones provocadoras en escenarios de incertidumbre.<\/p>\n<h3><b><a href=\"https:\/\/www.pagina12.com.ar\/838971-el-jp-morgan-y-los-campeones-corren-a-caputo\">Le\u00e9 la nota completa<\/a><\/b><\/h3>\n<p>\u00a0<\/p>\n<\/div>\n<\/div>\n<div id=\"post-0900\">\n<div class=\"col 2-col\">\n<h2>A cu\u00e1nto cotiza el d\u00f3lar hoy\u00a0\u00a0<\/h2>\n<p>El d\u00f3lar oficial cotiza a $1195 para la compra y $1245 para la venta.<\/p>\n<p>El d\u00f3lar blue est\u00e1 a $1220 para la compra y a $1240 para la venta.<\/p>\n<\/div>\n<\/div>\n<p><a href=\"https:\/\/www.pagina12.com.ar\/839036-dolar-blue-dolar-hoy-a-cuanto-cotizan-el-jueves-3-de-julio-d\">source<\/a><\/p>\n","protected":false},"excerpt":{"rendered":"<p>Nuevo acuerdo de libre comercio\u00a0 El Mercosur y los Estados de la EFTA, que integran&#8230;<\/p>\n","protected":false},"author":0,"featured_media":199129,"comment_status":"open","ping_status":"open","sticky":false,"template":"","format":"standard","meta":{"footnotes":""},"categories":[5],"tags":[],"class_list":["post-199128","post","type-post","status-publish","format-standard","has-post-thumbnail","hentry","category-economia"],"featured_image_urls":{"full":["https:\/\/radiofenix.com.ar\/2023\/wp-content\/uploads\/2025\/07\/wp-header-logo-18.png",960,540,false],"thumbnail":["https:\/\/radiofenix.com.ar\/2023\/wp-content\/uploads\/2025\/07\/wp-header-logo-18-150x150.png",150,150,true],"medium":["https:\/\/radiofenix.com.ar\/2023\/wp-content\/uploads\/2025\/07\/wp-header-logo-18-300x169.png",300,169,true],"medium_large":["https:\/\/radiofenix.com.ar\/2023\/wp-content\/uploads\/2025\/07\/wp-header-logo-18-768x432.png",640,360,true],"large":["https:\/\/radiofenix.com.ar\/2023\/wp-content\/uploads\/2025\/07\/wp-header-logo-18.png",640,360,false],"1536x1536":["https:\/\/radiofenix.com.ar\/2023\/wp-content\/uploads\/2025\/07\/wp-header-logo-18.png",960,540,false],"2048x2048":["https:\/\/radiofenix.com.ar\/2023\/wp-content\/uploads\/2025\/07\/wp-header-logo-18.png",960,540,false],"newsium-slider-full":["https:\/\/radiofenix.com.ar\/2023\/wp-content\/uploads\/2025\/07\/wp-header-logo-18.png",960,540,false],"newsium-featured":["https:\/\/radiofenix.com.ar\/2023\/wp-content\/uploads\/2025\/07\/wp-header-logo-18.png",960,540,false],"newsium-medium":["https:\/\/radiofenix.com.ar\/2023\/wp-content\/uploads\/2025\/07\/wp-header-logo-18-720x475.png",720,475,true]},"author_info":{"info":[""]},"category_info":"<a href=\"https:\/\/radiofenix.com.ar\/2023\/category\/economia\/\" rel=\"category tag\">Economia<\/a>","tag_info":"Economia","comment_count":"0","_links":{"self":[{"href":"https:\/\/radiofenix.com.ar\/2023\/wp-json\/wp\/v2\/posts\/199128","targetHints":{"allow":["GET"]}}],"collection":[{"href":"https:\/\/radiofenix.com.ar\/2023\/wp-json\/wp\/v2\/posts"}],"about":[{"href":"https:\/\/radiofenix.com.ar\/2023\/wp-json\/wp\/v2\/types\/post"}],"replies":[{"embeddable":true,"href":"https:\/\/radiofenix.com.ar\/2023\/wp-json\/wp\/v2\/comments?post=199128"}],"version-history":[{"count":0,"href":"https:\/\/radiofenix.com.ar\/2023\/wp-json\/wp\/v2\/posts\/199128\/revisions"}],"wp:featuredmedia":[{"embeddable":true,"href":"https:\/\/radiofenix.com.ar\/2023\/wp-json\/wp\/v2\/media\/199129"}],"wp:attachment":[{"href":"https:\/\/radiofenix.com.ar\/2023\/wp-json\/wp\/v2\/media?parent=199128"}],"wp:term":[{"taxonomy":"category","embeddable":true,"href":"https:\/\/radiofenix.com.ar\/2023\/wp-json\/wp\/v2\/categories?post=199128"},{"taxonomy":"post_tag","embeddable":true,"href":"https:\/\/radiofenix.com.ar\/2023\/wp-json\/wp\/v2\/tags?post=199128"}],"curies":[{"name":"wp","href":"https:\/\/api.w.org\/{rel}","templated":true}]}}