{"id":199130,"date":"2025-07-04T08:58:07","date_gmt":"2025-07-04T08:58:07","guid":{"rendered":"https:\/\/radiofenix.com.ar\/2023\/mar-del-plata-violaron-a-un-joven-lo-tiraron-a-la-calle-y-permanece-internado\/"},"modified":"2025-07-04T08:58:07","modified_gmt":"2025-07-04T08:58:07","slug":"mar-del-plata-violaron-a-un-joven-lo-tiraron-a-la-calle-y-permanece-internado","status":"publish","type":"post","link":"https:\/\/radiofenix.com.ar\/2023\/mar-del-plata-violaron-a-un-joven-lo-tiraron-a-la-calle-y-permanece-internado\/","title":{"rendered":"Mar del Plata: violaron a un joven, lo tiraron a la calle y permanece internado"},"content":{"rendered":"<div><!-- Body --><\/p>\n<p><b>Un joven marplatense de 26 a\u00f1os permanece internado en el Hospital Interzonal General de Agudos (HIGA) luego de haber sido atacado y violado por desconocidos<\/b> en el ba\u00f1o del boliche Viva Juliana, cerca de la rotonda de Monse\u00f1or Zabala y Beruti. Luego del hecho, <b>los agresores arrojaron a la v\u00edctima a la calle<\/b>\u00a0para intentar confundir la situaci\u00f3n con un accidente de tr\u00e1nsito.<\/p>\n<p>El hecho ocurri\u00f3 el s\u00e1bado pasado por la madrugada, seg\u00fan el mismo testimonio del agredido. <b>Los agresores habr\u00edan tenido un enfrentamiento previo con su v\u00edctima<\/b> y lo llevaron al ba\u00f1o, donde<b> le fracturaron algunos huesos<\/b> produci\u00e9ndole politraumatismos y lo empalaron, provoc\u00e1ndole <b>lesiones en la zona intestinal<\/b>.<\/p>\n<p><b>Fueron las mismas autoridades del boliche quienes trasladaron al hospital al joven<\/b>, cuya identidad permanece resguardada. En el centro de salud de la ciudad balnearia <b>fue intervenido quir\u00fargicamente en tres oportunidades<\/b>, lo que gener\u00f3 una <b>mejor\u00eda<\/b> en su estado.<\/p>\n<p><b>La hermana de la v\u00edctima<\/b> reclam\u00f3 que quienes llevaron a su hermano al HIGA dijeron que \u00e9l sufri\u00f3 un accidente de tr\u00e1nsito en la avenida Champagnat, producto de la manera en que fue encontrado. Adem\u00e1s afirm\u00f3 que su familia est\u00e1 al tanto de todo lo ocurrido y describi\u00f3 que se trat\u00f3 de <b>\u00abun hecho aberrante, aprovecharon que hab\u00eda poca gente en el boliche y creemos que la seguridad del boliche tuvo algo que ver\u00bb<\/b>.\u00a0<\/p>\n<p>Sobre su hermano, la joven explic\u00f3 que <b>\u00ab\u00e9l est\u00e1 peleando por su vida, ya lo operaron tres veces por las m\u00faltiples lesiones que sufri\u00f3 y sigue en terapia intensiva\u00bb<\/b>, indic\u00f3. Por \u00faltimo, se quej\u00f3 de que las primeras acciones que realizaron en la comisar\u00eda sexta se relacionaron al supuesto accidente de tr\u00e1nsito que hab\u00edan declarado los due\u00f1os del local bailable al ingresarlo al centro de salud y de que reci\u00e9n cuando la familia consigui\u00f3 un abogado se centraron en el tema.<\/p>\n<p>Por su parte,\u00a0<b>el abogado familiar, Lucas Tornini, confirm\u00f3 que el joven podr\u00e1 declarar en las pr\u00f3ximas horas<\/b> gracias a una mejora de su estado de salud que permiti\u00f3 movilizarlo <b>de terapia intensiva a terapia intermedia<\/b>. El letrado se\u00f1al\u00f3 que su defendido <b>\u00abpresenta m\u00faltiples traumatismos, la fractura de un brazo y lesiones producto del violento abuso sexual sufrido\u00bb<\/b>.<\/p>\n<p><b>Alejandro Peregrinelli<\/b>, el fiscal a cargo de la UFI N\u00ba5 que lleva la investigaci\u00f3n, pidi\u00f3 que los due\u00f1os del local bailable <b>entregaran los registros f\u00edlmicos obtenidos por las c\u00e1maras de seguridad<\/b> cercanas y propias del boliche. Adem\u00e1s, la fiscal\u00eda ya comenz\u00f3 a tomar declaraciones. A la espera del avance de las investigaciones a\u00fan <b>no hay detenidos ni sospechosos<\/b>.<\/p>\n<p>Seg\u00fan trascendidos, el enfrentamiento podr\u00eda haberse iniciado por peleas relacionadas a Aldosivi y Alvarado, los clubes de f\u00fatbol de Mar del Plata, aunque no hubo una confirmaci\u00f3n oficial al respecto.<\/p>\n<p><!-- Live Blog Post --><\/div>\n<p><a href=\"https:\/\/www.pagina12.com.ar\/839338-mar-del-plata-violaron-a-un-joven-lo-tiraron-a-la-calle-y-pe\">source<\/a><\/p>\n","protected":false},"excerpt":{"rendered":"<p>Un joven marplatense de 26 a\u00f1os permanece internado en el Hospital Interzonal General de Agudos&#8230;<\/p>\n","protected":false},"author":0,"featured_media":199131,"comment_status":"open","ping_status":"open","sticky":false,"template":"","format":"standard","meta":{"footnotes":""},"categories":[7],"tags":[],"class_list":["post-199130","post","type-post","status-publish","format-standard","has-post-thumbnail","hentry","category-sociedad"],"featured_image_urls":{"full":["https:\/\/radiofenix.com.ar\/2023\/wp-content\/uploads\/2025\/07\/wp-header-logo-19.png",960,540,false],"thumbnail":["https:\/\/radiofenix.com.ar\/2023\/wp-content\/uploads\/2025\/07\/wp-header-logo-19-150x150.png",150,150,true],"medium":["https:\/\/radiofenix.com.ar\/2023\/wp-content\/uploads\/2025\/07\/wp-header-logo-19-300x169.png",300,169,true],"medium_large":["https:\/\/radiofenix.com.ar\/2023\/wp-content\/uploads\/2025\/07\/wp-header-logo-19-768x432.png",640,360,true],"large":["https:\/\/radiofenix.com.ar\/2023\/wp-content\/uploads\/2025\/07\/wp-header-logo-19.png",640,360,false],"1536x1536":["https:\/\/radiofenix.com.ar\/2023\/wp-content\/uploads\/2025\/07\/wp-header-logo-19.png",960,540,false],"2048x2048":["https:\/\/radiofenix.com.ar\/2023\/wp-content\/uploads\/2025\/07\/wp-header-logo-19.png",960,540,false],"newsium-slider-full":["https:\/\/radiofenix.com.ar\/2023\/wp-content\/uploads\/2025\/07\/wp-header-logo-19.png",960,540,false],"newsium-featured":["https:\/\/radiofenix.com.ar\/2023\/wp-content\/uploads\/2025\/07\/wp-header-logo-19.png",960,540,false],"newsium-medium":["https:\/\/radiofenix.com.ar\/2023\/wp-content\/uploads\/2025\/07\/wp-header-logo-19-720x475.png",720,475,true]},"author_info":{"info":[""]},"category_info":"<a href=\"https:\/\/radiofenix.com.ar\/2023\/category\/sociedad\/\" rel=\"category tag\">Sociedad<\/a>","tag_info":"Sociedad","comment_count":"0","_links":{"self":[{"href":"https:\/\/radiofenix.com.ar\/2023\/wp-json\/wp\/v2\/posts\/199130","targetHints":{"allow":["GET"]}}],"collection":[{"href":"https:\/\/radiofenix.com.ar\/2023\/wp-json\/wp\/v2\/posts"}],"about":[{"href":"https:\/\/radiofenix.com.ar\/2023\/wp-json\/wp\/v2\/types\/post"}],"replies":[{"embeddable":true,"href":"https:\/\/radiofenix.com.ar\/2023\/wp-json\/wp\/v2\/comments?post=199130"}],"version-history":[{"count":0,"href":"https:\/\/radiofenix.com.ar\/2023\/wp-json\/wp\/v2\/posts\/199130\/revisions"}],"wp:featuredmedia":[{"embeddable":true,"href":"https:\/\/radiofenix.com.ar\/2023\/wp-json\/wp\/v2\/media\/199131"}],"wp:attachment":[{"href":"https:\/\/radiofenix.com.ar\/2023\/wp-json\/wp\/v2\/media?parent=199130"}],"wp:term":[{"taxonomy":"category","embeddable":true,"href":"https:\/\/radiofenix.com.ar\/2023\/wp-json\/wp\/v2\/categories?post=199130"},{"taxonomy":"post_tag","embeddable":true,"href":"https:\/\/radiofenix.com.ar\/2023\/wp-json\/wp\/v2\/tags?post=199130"}],"curies":[{"name":"wp","href":"https:\/\/api.w.org\/{rel}","templated":true}]}}