{"id":199324,"date":"2025-07-20T08:58:21","date_gmt":"2025-07-20T08:58:21","guid":{"rendered":"https:\/\/radiofenix.com.ar\/2023\/lula-la-revocatoria-de-la-visa-es-una-ofensa-al-poder-judicial-de-brasil-y-la-soberania-nacional\/"},"modified":"2025-07-20T08:58:21","modified_gmt":"2025-07-20T08:58:21","slug":"lula-la-revocatoria-de-la-visa-es-una-ofensa-al-poder-judicial-de-brasil-y-la-soberania-nacional","status":"publish","type":"post","link":"https:\/\/radiofenix.com.ar\/2023\/lula-la-revocatoria-de-la-visa-es-una-ofensa-al-poder-judicial-de-brasil-y-la-soberania-nacional\/","title":{"rendered":"Lula: &quot;La revocatoria de la visa es una ofensa al Poder Judicial de Brasil y la soberan\u00eda nacional&quot;"},"content":{"rendered":"<div><!-- Body --><\/p>\n<p>El conflicto entre <a href=\"https:\/\/www.pagina12.com.ar\/842818-brasil-lula-respondio-a-trump-con-firmeza-y-propuesta-de-dia\">Brasil y Estados Unidos<\/a> se agrav\u00f3 este s\u00e1bado tras las <b>sanciones del Gobierno de Donald Trump a magistrados del Supremo brasile\u00f1o<\/b>, mientras que el expresidente<b> <a href=\"https:\/\/www.pagina12.com.ar\/843058-la-corte-suprema-de-brasil-le-impuso-una-tobillera-electroni\">Jair Bolsonaro<\/a> pasa el fin de semana recluido en su domicilio por orden judicial. <\/b><\/p>\n<p>El l\u00edder de la ultraderecha, procesado por golpismo por la Corte Suprema y eje de la discordia, cumple desde este s\u00e1bado las medidas cautelares dictadas por el tribunal este viernes por instigar y auxiliar al Gobierno de Trump en la pr\u00e1ctica de actos hostiles contra Brasil. Ello implica el <b>uso de una tobillera electr\u00f3nica<\/b>, permanecer en casa durante la noche y fines de semana y <b>no usar redes sociales<\/b>, entre otras respuestas judiciales a las gestiones que, con su hijo y diputado Eduardo Bolsonaro, ha hecho ante Washington para presionar a los magistrados que lo juzgan y al propio Brasil.<\/p>\n<p>En el caso de los jueces, la sanci\u00f3n lleg\u00f3 la noche del viernes, cuando el secretario de Estado, <b>Marco Rubio<\/b>, anunci\u00f3 la revocaci\u00f3n de los visados del juez Alexandre de Moraes, relator del proceso por golpismo. \u00abLa caza de brujas pol\u00edtica del juez del Tribunal Supremo Federal de Brasil, Alexandre de Moraes, contra Jair Bolsonaro cre\u00f3 un complejo de persecuci\u00f3n y censura tan arrollador que no solo viola los derechos b\u00e1sicos de los brasile\u00f1os, sino que tambi\u00e9n (&#8230;) apunta a los estadounidenses\u00bb, se\u00f1al\u00f3 Rubio en un comunicado. <b>\u00abOrdenamos la revocaci\u00f3n de visados para Moraes y sus aliados en el tribunal, as\u00ed como para sus familiares m\u00e1s cercanos con efecto inmediato\u00bb<\/b>, remarc\u00f3.<\/p>\n<p>La decisi\u00f3n anunciada por el secretario de estado se sum\u00f3 a la amenaza del mandatario republicano, quien dice estar dispuesto a aplicar aranceles del 50 por ciento a Brasil a partir del 1 de agosto, si no se pone fin al proceso penal contra el l\u00edder de la extrema derecha del pa\u00eds.<\/p>\n<h2>\u00abMedida arbitraria e inaceptable\u00bb<\/h2>\n<p>El presidente brasile\u00f1o, <b>Luiz In\u00e1cio Lula da Silva<\/b>, respondi\u00f3 a las sanciones a los miembros del Supremo en una dura nota oficial, en la que la defini\u00f3 como una medida arbitraria de la Casa Blanca. \u00abNing\u00fan tipo de intimidaci\u00f3n o amenaza, de quien quiera que sea,  comprometer\u00e1 la m\u00e1s importante misi\u00f3n de los poderes e instituciones nacionales, que es actuar permanentemente en la defensa y la preservaci\u00f3n del Estado Democr\u00e1tico de Derecho\u00bb, afirm\u00f3 el l\u00edder progresista.<\/p>\n<p><b>\u00abLa interferencia de un pa\u00eds en el sistema de Justicia de otro es inaceptable y hiere los principios b\u00e1sicos del respeto y la soberan\u00eda entre las naciones\u00bb<\/b>, agreg\u00f3 Lula, quien desde la semana pasada, cuando Trump amenaz\u00f3 con los aranceles, mantiene un firme pulso con el l\u00edder republicano.<\/p>\n<p>La ministra de Relaciones Institucionales de Brasil, Gleisi Hoffmann, afirm\u00f3 que la decisi\u00f3n del Gobierno de Estados Unidos es una ofensa a la Justicia brasile\u00f1a. \u00abLa revocaci\u00f3n del visado de entrada en Estados Unidos a los magistrados del STF (Supremo Tribunal Federal) es una ofensa al Poder Judicial brasile\u00f1o y a la soberan\u00eda nacional\u00bb, afirm\u00f3 Hoffmann en un mensaje publicado en sus redes sociales.<\/p>\n<p>La ministra precis\u00f3 que, adem\u00e1s de Alexandre de Moraes, la sanci\u00f3n estadounidense fue extendida a otros siete magistrados de la Corte Suprema:<b> Lu\u00eds Roberto Barroso (presidente de tribunal), Dias Toffoli, Cristiano Zanin, Flavio Dino, C\u00e1rmen L\u00facia, Edson Fachin y Gilmar Mendes<\/b>. \u00abEsa represalia agresiva y mezquina a una decisi\u00f3n del tribunal expone el nivel degradante de la conspiraci\u00f3n de Jair Bolsonaro contra nuestro pa\u00eds\u00bb, asegur\u00f3.<\/p>\n<h2><span>El bolsonarismo busca apoyo internacional<\/span><\/h2>\n<p>Bolsonaro y siete de sus antiguos colaboradores responden ante el Supremo a acusaciones de \u00abgolpe de Estado\u00bb, \u00aborganizaci\u00f3n criminal armada\u00bb, \u00abtentativa de abolici\u00f3n violenta del Estado democr\u00e1tico de derecho\u00bb, \u00abda\u00f1o cualificado por violencia grave o amenaza\u00bb y \u00abdeterioro de patrimonio protegido\u00bb. Seg\u00fan la Fiscal\u00eda General, que act\u00faa como parte acusadora, el complot contra la democracia habr\u00eda comenzado tras la derrota de Bolsonaro en las elecciones de octubre de 2022 frente a Lula, cuya investidura se intentaba impedir.<\/p>\n<p>La acusaci\u00f3n dice que, tras fracasar los planes iniciales, se lleg\u00f3 al asalto a los tres poderes del Estado del 8 de enero de 2023, una semana despu\u00e9s de la toma de posesi\u00f3n de Lula, cuando miles de ultras intentaron alentar a los militares a derrocar al nuevo Gobierno. El tribunal ya ha recibido los alegatos finales de la Fiscal\u00eda y dado plazo para que los acusados presenten sus \u00faltimos argumentos, tras lo cual el proceso se iniciar\u00e1 el juicio oral, con sentencias previstas para ser dictadas entre septiembre y octubre pr\u00f3ximos.<\/p>\n<p>Con Bolsonaro ausente en las redes sociales, su hijo Eduardo mantiene su febril actividad en las plataformas, que define como una \u00abbatalla por la libertad y la democracia\u00bb. Lo hace desde EE.UU., donde desde marzo pasado dice luchar por justicia para su padre. Este s\u00e1bado subray\u00f3 el car\u00e1cter pol\u00edtico de la amenaza arancelaria y asegur\u00f3:<b> <\/b>\u00abTrump ha percibido que existe una \u00e9lite financiera que da soporte al r\u00e9gimen brasile\u00f1o y que de ah\u00ed vino el arancel del 50 por ciento\u00bb.<\/p>\n<p><b>El presidente de la Comisi\u00f3n de Relaciones Exteriores de la C\u00e1mara de Diputados, Filipe Barros, anunci\u00f3 que ha denunciado la persecuci\u00f3n contra Bolsonaro ante organismos internacionales<\/b> y ha pedido la solidaridad de la derecha mundial. El diputado bolsonarista asegur\u00f3 que ha accionado a la ONU, la Organizaci\u00f3n de Estados Americanos (OEA) y a diversos partidos, entre los que cit\u00f3 al espa\u00f1ol Vox y al portugu\u00e9s Chega, que ya se han solidarizado con el l\u00edder de la ultraderecha brasile\u00f1a.<\/p>\n<p><!-- Live Blog Post --><\/div>\n<p><a href=\"https:\/\/www.pagina12.com.ar\/843248-estados-unidos-revoco-el-visado-al-juez-alexandre-de-moraes\">source<\/a><\/p>\n","protected":false},"excerpt":{"rendered":"<p>El conflicto entre Brasil y Estados Unidos se agrav\u00f3 este s\u00e1bado tras las sanciones del&#8230;<\/p>\n","protected":false},"author":0,"featured_media":199325,"comment_status":"open","ping_status":"open","sticky":false,"template":"","format":"standard","meta":{"footnotes":""},"categories":[60],"tags":[],"class_list":["post-199324","post","type-post","status-publish","format-standard","has-post-thumbnail","hentry","category-internacional"],"featured_image_urls":{"full":["https:\/\/radiofenix.com.ar\/2023\/wp-content\/uploads\/2025\/07\/wp-header-logo-116.png",960,540,false],"thumbnail":["https:\/\/radiofenix.com.ar\/2023\/wp-content\/uploads\/2025\/07\/wp-header-logo-116-150x150.png",150,150,true],"medium":["https:\/\/radiofenix.com.ar\/2023\/wp-content\/uploads\/2025\/07\/wp-header-logo-116-300x169.png",300,169,true],"medium_large":["https:\/\/radiofenix.com.ar\/2023\/wp-content\/uploads\/2025\/07\/wp-header-logo-116-768x432.png",640,360,true],"large":["https:\/\/radiofenix.com.ar\/2023\/wp-content\/uploads\/2025\/07\/wp-header-logo-116.png",640,360,false],"1536x1536":["https:\/\/radiofenix.com.ar\/2023\/wp-content\/uploads\/2025\/07\/wp-header-logo-116.png",960,540,false],"2048x2048":["https:\/\/radiofenix.com.ar\/2023\/wp-content\/uploads\/2025\/07\/wp-header-logo-116.png",960,540,false],"newsium-slider-full":["https:\/\/radiofenix.com.ar\/2023\/wp-content\/uploads\/2025\/07\/wp-header-logo-116.png",960,540,false],"newsium-featured":["https:\/\/radiofenix.com.ar\/2023\/wp-content\/uploads\/2025\/07\/wp-header-logo-116.png",960,540,false],"newsium-medium":["https:\/\/radiofenix.com.ar\/2023\/wp-content\/uploads\/2025\/07\/wp-header-logo-116-720x475.png",720,475,true]},"author_info":{"info":[""]},"category_info":"<a href=\"https:\/\/radiofenix.com.ar\/2023\/category\/internacional\/\" rel=\"category tag\">Internacional<\/a>","tag_info":"Internacional","comment_count":"0","_links":{"self":[{"href":"https:\/\/radiofenix.com.ar\/2023\/wp-json\/wp\/v2\/posts\/199324","targetHints":{"allow":["GET"]}}],"collection":[{"href":"https:\/\/radiofenix.com.ar\/2023\/wp-json\/wp\/v2\/posts"}],"about":[{"href":"https:\/\/radiofenix.com.ar\/2023\/wp-json\/wp\/v2\/types\/post"}],"replies":[{"embeddable":true,"href":"https:\/\/radiofenix.com.ar\/2023\/wp-json\/wp\/v2\/comments?post=199324"}],"version-history":[{"count":0,"href":"https:\/\/radiofenix.com.ar\/2023\/wp-json\/wp\/v2\/posts\/199324\/revisions"}],"wp:featuredmedia":[{"embeddable":true,"href":"https:\/\/radiofenix.com.ar\/2023\/wp-json\/wp\/v2\/media\/199325"}],"wp:attachment":[{"href":"https:\/\/radiofenix.com.ar\/2023\/wp-json\/wp\/v2\/media?parent=199324"}],"wp:term":[{"taxonomy":"category","embeddable":true,"href":"https:\/\/radiofenix.com.ar\/2023\/wp-json\/wp\/v2\/categories?post=199324"},{"taxonomy":"post_tag","embeddable":true,"href":"https:\/\/radiofenix.com.ar\/2023\/wp-json\/wp\/v2\/tags?post=199324"}],"curies":[{"name":"wp","href":"https:\/\/api.w.org\/{rel}","templated":true}]}}