{"id":199326,"date":"2025-07-20T08:58:24","date_gmt":"2025-07-20T08:58:24","guid":{"rendered":"https:\/\/radiofenix.com.ar\/2023\/que-dice-la-renuncia-de-pablo-lopez-el-concejal-de-salta-que-fue-denunciado-por-acoso-sexual\/"},"modified":"2025-07-20T08:58:24","modified_gmt":"2025-07-20T08:58:24","slug":"que-dice-la-renuncia-de-pablo-lopez-el-concejal-de-salta-que-fue-denunciado-por-acoso-sexual","status":"publish","type":"post","link":"https:\/\/radiofenix.com.ar\/2023\/que-dice-la-renuncia-de-pablo-lopez-el-concejal-de-salta-que-fue-denunciado-por-acoso-sexual\/","title":{"rendered":"Qu\u00e9 dice la renuncia de Pablo L\u00f3pez, el concejal de Salta que fue denunciado por acoso sexual"},"content":{"rendered":"<div id=\"\">\n<p>\u00abPor la presente, presento mi renuncia al cargo que ostento de concejal de la ciudad de Salta, <strong>convencido de que no se puede servir a la ciudadan\u00eda bajo condiciones de hostigamiento pol\u00edtico y persecuci\u00f3n personal<\/strong>\u00ab, estableci\u00f3 el exfuncionario en una carta que se volvi\u00f3 viral.<\/p>\n<p>\u00abMi decisi\u00f3n responde a un profundo sentido de responsabilidad institucional: <strong>prefiero dar un paso al costado antes que ser funcional a operaciones que nada tienen que ver con el bienestar de los salte\u00f1os<\/strong>\u00ab, asegur\u00f3 con pose altruista.<\/p>\n<div contenteditable=\"false\" class=\"embed_cont type_imagen\" id=\"8102451-Libre-349155160_wrap\">\n<p>renuncia concejal salta <span onclick=\"parent.parent.TinyMCETdcuerpo.preview_embed('8102451-Libre-349155160')\" class=\"embed_colapse less\" id=\"8102451-Libre-349155160_colapse\"\/>  <span onclick=\"parent.parent.TinyMCETdcuerpo.delete_embed('8102451-Libre-349155160')\" class=\"embed_delete less\" id=\"8102451-Libre-349155160_delete\"\/><\/p>\n<div id=\"8102451-Libre-349155160_content\" class=\"embed_content\"><img decoding=\"async\" src=\"https:\/\/media.minutouno.com\/p\/7214ab11a4312cc5ead74af3f7628cca\/adjuntos\/150\/imagenes\/042\/601\/0042601902\/610x0\/smart\/renuncia-concejal-salta.jpeg\" alt=\"\" title=\"\" width=\"610\" height=\"undefined\" id=\"8102451-Libre-349155160_embed\"\/><\/div>\n<\/p><\/div>\n<p>Curiosamente, hasta este viernes el concejal no hab\u00eda identificado la necesidad de ejercer esa \u00abresponsabilidad institucional\u00bb a pesar de la existencia de la denuncia ante la Justicia de Salta.<\/p>\n<p>\u00abAgradezco a quienes acompa\u00f1aron mi trabajo legislativo y sostengo con firmeza cada uno de los valores y convicciones que me trajeron hasta ac\u00e1\u00bb, cerr\u00f3 antes de finalizar su mensaje con un pensamiento secundario:<\/p>\n<p>\u00ab<strong>Me pongo a completa disposici\u00f3n de la justicia defendiendo mi inocencia<\/strong>\u00ab, agreg\u00f3 a mano el ahora exconcejal de Salta, por fin haciendo alusi\u00f3n a su situaci\u00f3n legal.<\/p>\n<p>La denunciante present\u00f3 ante la justicia la grabaci\u00f3n de las conversaciones que mantuvo con L\u00f3pez asegur\u00f3 que el concejal le exig\u00eda el pago de 200 mil, de los 500 mil pesos que recib\u00eda como salario en tanto convencional municipal, cargo que le hab\u00eda conseguido L\u00f3pez.<\/p>\n<p>De los audios se desprende que la joven ya hab\u00eda cumplido en reiteradas oportunidades con el pago de ese \u00abretorno\u00bb de la pol\u00edtica pero que el concejal insist\u00eda, a lo que ella se negaba.<\/p>\n<p>Como \u00absoluci\u00f3n\u00bb al problema, L\u00f3pez le propuso que le practique sexo oral y que, por cada vez que lo haga, le descontar\u00eda 10 mil pesos del aporte que mensualmente debe realizar al partido.<\/p>\n<div contenteditable=\"false\" class=\"embed_cont type_freetext\" rel=\"freetext\" id=\"embed91_wrap\">\n<p> Embed <span onclick=\"parent.parent.TinyMCETdcuerpo.preview_embed('embed91')\" class=\"embed_colapse less\" id=\"embed91_colapse\"\/>  <span onclick=\"parent.parent.TinyMCETdcuerpo.delete_embed('embed91')\" class=\"embed_delete less\" id=\"embed91_delete\"\/><\/p>\n<div id=\"embed91_content\" class=\"embed_content\">\n<div id=\"embed91_embed\">\n<figure class=\"figure\"><a href=\"https:\/\/t.me\/minutounocom\" target=\"_blank\"><img decoding=\"async\" src=\"https:\/\/media.minutouno.com\/adjuntos\/150\/banners\/039\/099\/0039099175.jpg\" class=\"figure-img img-fluid\" style=\"width:100%;height:auto;\"\/><\/a><\/figure>\n<\/p><\/div>\n<\/div><\/div>\n<\/div>\n<p><a href=\"https:\/\/www.minutouno.com\/politica\/que-dice-la-renuncia-pablo-lopez-el-concejal-salta-que-fue-denunciado-acoso-sexual-n6168859\">source<\/a><\/p>\n","protected":false},"excerpt":{"rendered":"<p>\u00abPor la presente, presento mi renuncia al cargo que ostento de concejal de la ciudad&#8230;<\/p>\n","protected":false},"author":0,"featured_media":199327,"comment_status":"open","ping_status":"open","sticky":false,"template":"","format":"standard","meta":{"footnotes":""},"categories":[2],"tags":[],"class_list":["post-199326","post","type-post","status-publish","format-standard","has-post-thumbnail","hentry","category-politica"],"featured_image_urls":{"full":["https:\/\/radiofenix.com.ar\/2023\/wp-content\/uploads\/2025\/07\/wp-header-logo-117.png",610,916,false],"thumbnail":["https:\/\/radiofenix.com.ar\/2023\/wp-content\/uploads\/2025\/07\/wp-header-logo-117-150x150.png",150,150,true],"medium":["https:\/\/radiofenix.com.ar\/2023\/wp-content\/uploads\/2025\/07\/wp-header-logo-117-200x300.png",200,300,true],"medium_large":["https:\/\/radiofenix.com.ar\/2023\/wp-content\/uploads\/2025\/07\/wp-header-logo-117.png",610,916,false],"large":["https:\/\/radiofenix.com.ar\/2023\/wp-content\/uploads\/2025\/07\/wp-header-logo-117.png",610,916,false],"1536x1536":["https:\/\/radiofenix.com.ar\/2023\/wp-content\/uploads\/2025\/07\/wp-header-logo-117.png",610,916,false],"2048x2048":["https:\/\/radiofenix.com.ar\/2023\/wp-content\/uploads\/2025\/07\/wp-header-logo-117.png",610,916,false],"newsium-slider-full":["https:\/\/radiofenix.com.ar\/2023\/wp-content\/uploads\/2025\/07\/wp-header-logo-117-610x845.png",610,845,true],"newsium-featured":["https:\/\/radiofenix.com.ar\/2023\/wp-content\/uploads\/2025\/07\/wp-header-logo-117.png",610,916,false],"newsium-medium":["https:\/\/radiofenix.com.ar\/2023\/wp-content\/uploads\/2025\/07\/wp-header-logo-117-610x475.png",610,475,true]},"author_info":{"info":[""]},"category_info":"<a href=\"https:\/\/radiofenix.com.ar\/2023\/category\/politica\/\" rel=\"category tag\">Pol\u00edtica<\/a>","tag_info":"Pol\u00edtica","comment_count":"0","_links":{"self":[{"href":"https:\/\/radiofenix.com.ar\/2023\/wp-json\/wp\/v2\/posts\/199326","targetHints":{"allow":["GET"]}}],"collection":[{"href":"https:\/\/radiofenix.com.ar\/2023\/wp-json\/wp\/v2\/posts"}],"about":[{"href":"https:\/\/radiofenix.com.ar\/2023\/wp-json\/wp\/v2\/types\/post"}],"replies":[{"embeddable":true,"href":"https:\/\/radiofenix.com.ar\/2023\/wp-json\/wp\/v2\/comments?post=199326"}],"version-history":[{"count":0,"href":"https:\/\/radiofenix.com.ar\/2023\/wp-json\/wp\/v2\/posts\/199326\/revisions"}],"wp:featuredmedia":[{"embeddable":true,"href":"https:\/\/radiofenix.com.ar\/2023\/wp-json\/wp\/v2\/media\/199327"}],"wp:attachment":[{"href":"https:\/\/radiofenix.com.ar\/2023\/wp-json\/wp\/v2\/media?parent=199326"}],"wp:term":[{"taxonomy":"category","embeddable":true,"href":"https:\/\/radiofenix.com.ar\/2023\/wp-json\/wp\/v2\/categories?post=199326"},{"taxonomy":"post_tag","embeddable":true,"href":"https:\/\/radiofenix.com.ar\/2023\/wp-json\/wp\/v2\/tags?post=199326"}],"curies":[{"name":"wp","href":"https:\/\/api.w.org\/{rel}","templated":true}]}}