{"id":199328,"date":"2025-07-20T08:58:25","date_gmt":"2025-07-20T08:58:25","guid":{"rendered":"https:\/\/radiofenix.com.ar\/2023\/piero-y-jose-un-dialogo-imperdible\/"},"modified":"2025-07-20T08:58:25","modified_gmt":"2025-07-20T08:58:25","slug":"piero-y-jose-un-dialogo-imperdible","status":"publish","type":"post","link":"https:\/\/radiofenix.com.ar\/2023\/piero-y-jose-un-dialogo-imperdible\/","title":{"rendered":"Piero y Jos\u00e9, un di\u00e1logo imperdible"},"content":{"rendered":"<div><!-- Body --><\/p>\n<p> No resulta c\u00f3modo rastrear en la historia de la m\u00fasica popular argentina<b> una sinergia autor-compositor-int\u00e9rprete de la envergadura Piero y Jos\u00e9.<\/b> Habr\u00eda que remontarse tal vez \u2013con todas las salvedades del caso, claro- al t\u00e1ndem Gardel-Le Pera, que brill\u00f3 en la d\u00e9cada del 30 del pasado siglo, o un poco m\u00e1s ac\u00e1 en el tiempo, a los que conformaron Eduardo Fal\u00fa y Jaime D\u00e1valos, o \u201cCuchi\u201d Leguizam\u00f3n con Manuel Castilla, junto al D\u00fao Salte\u00f1o en este caso. La raz\u00f3n es simple: Piero y Jos\u00e9 no solo han dado <b>una de las canciones argentinas m\u00e1s conocidas, amadas y versionadas en el mundo<\/b> (\u201cMi Viejo\u00bb), sino tambi\u00e9n que otro tanto de ellas, casos \u201cPara el pueblo lo que es del pueblo\u201d, \u201cQue se vayan ellos\u201d, \u201cUn hombre com\u00fan\u201d, \u201cSoy pan, soy paz, soy m\u00e1s\u201d, \u201cPedro nadie\u201d, \u201cCoplas de mi pa\u00eds\u201d o \u201cEl regalao\u201d, han hecho buena mella en el imaginario musical argentino durante <b>per\u00edodos sensibles<\/b> de la historia reciente. <\/p>\n<p> Por eso \u2013y por bastante m\u00e1s- un libro como <i>Dos atorrantes<\/i> que acaba de salir al ruedo mediante <b>el sello Lugar Editorial<\/b> y bajo la firma de<b> Jos\u00e9 Tcherkaski,<\/b> hace justicia art\u00edstica e hist\u00f3rica. De Jos\u00e9, pues, el periodista, dramaturgo, escritor y autor de todas las letras de las piezas predichas que sin dudas marcaron una \u00e9poca en la historia de la canci\u00f3n testimonial argentina. Piezas que hubiesen sido nada sin las m\u00fasicas y la interpretaci\u00f3n de<b> Piero De Benedictis, <\/b>claro, el otro atorrante. De ah\u00ed que m\u00e1s de medio libro se lo lleve la transcripci\u00f3n al pie de la letra de <b>cuatro largas conversaciones<\/b> mantenidas entre ambos en distintos momentos del devenir conjunto (1984, 1992, 1999 y 2024), donde Jos\u00e9 pregunta, Piero responde \u2013o a veces al rev\u00e9s- y as\u00ed salen pasajes clave de <b>m\u00e1s de medio siglo de vida art\u00edstica.\u00a0<\/b><\/p>\n<p>Esos <b>di\u00e1logos jugosos<\/b> van directo a la entra\u00f1a del d\u00fao y revelan de qu\u00e9 alquimia est\u00e1 hecho. Piero y Jos\u00e9 por supuesto hablan entre ellos y a calz\u00f3n quitado de<b> canciones que marcaron una \u00e9poca.<\/b> Jos\u00e9, por caso, se extiende lindo en la conmovedora historia que dio origen a \u201cPedro Nadie\u201d: una cobertura period\u00edstica que hizo para la revista <i>Siete D\u00edas<\/i>, en la que termin\u00f3 durmiendo en bolsas de pasto que hac\u00edan las veces de cama en la casa de Pedro, en las orillas del r\u00edo Uruguay, y asisti\u00f3 a una verdadera fiesta popular con lugare\u00f1os. \u201cDentro de sus limitaciones de vida, porque la pobreza no se idealiza, a Pedro nunca lo o\u00ed quejarse, cosa que s\u00ed pasa con la clase media\u201d, cuenta Tcherkaski, que volcar\u00eda esta microhistoria en una de las primeras canciones del d\u00fao.\u00a0<\/p>\n<p>El <b>anecdotario sobre \u201cMi viejo\u201d <\/b>se lleva varias p\u00e1ginas tambi\u00e9n, incluido un recuerdo \u00edntimo de don Jos\u00e9 para alquilar balcones. \u201cLa gente compraba el disco como si fuera pan caliente, no se pod\u00eda creer la penetraci\u00f3n que ten\u00eda. Yo<b> tuve que empezar a hacer psicoan\u00e1lisis,<\/b> porque precis\u00e9 ayuda para entender todo lo que estaba pasando\u201d. Aparece en la revista sobre el tema el agradecimiento del mism\u00edsimo Papa Francisco cara a cara a Piero por haberla hecho (est\u00e1 la foto de ese encuentro) y los motivos que llevaron a Jos\u00e9 a componerla. <\/p>\n<p> Los muchachos hablan asimismo <b>del Per\u00f3n que eligi\u00f3 \u201cPara el pueblo lo que es del pueblo\u201d como canci\u00f3n predilecta.<\/b> O de la <b>Mercedes So<\/b>sa que eligi\u00f3 grabar \u201cSoy pan, soy paz, soy m\u00e1s\u201d. \u201cDon cosas que pasan cuando alguien repara en algo, se identifica y trabaja por los mismos objetivos comunes. Esas cosas que te pasan con <b>seres a los que quer\u00e9s mucho,<\/b> sea La Negra o Per\u00f3n, y que en s\u00edntesis es <b>el pueblo. <\/b>Por eso, la alegr\u00eda de que lo acepten, de que lo usen, de que lo tomen como s\u00edmbolo\u201d, le dice el m\u00fasico al letrista en una de las conversaciones. En otra, el recuerdo pasa <i>Folklore a mi manera<\/i>, disco de fusi\u00f3n que Piero public\u00f3 mediando los setenta junto al <b>Chango Far\u00edas G\u00f3mez,<\/b> y pas\u00f3 inadvertido. <\/p>\n<p> Otro eje por el que pivota <i>Dos atorrantes<\/i> pasa por <b>lateralidades paramusicales<\/b>. No faltan entre ellas la <b>adhesi\u00f3n <\/b>de ambos al peronismo. O vivencias acontecidas durante el temprano per\u00edodo de Piero en el seminario de Villa Devoto \u2013del que se fue <b>por no comulgar con el celibato, <\/b>o pasajes de su vida solitaria, silenciosa y contemplativa en la huerta que hizo durante su exilio en un pueblito espa\u00f1ol donde viv\u00edan 43 personas llamado <b>Ghutande<\/b>. \u201cMe dorm\u00eda y me levantaba, seg\u00fan mis necesidades, a cualquier hora (\u2026) Esa huerta me peg\u00f3 en la cabeza: el hecho de trabajar la tierra, de ver c\u00f3mo vos le vas dando un poquito y ella<b> te devuelve much\u00edsimo\u201d, <\/b>recuerda el m\u00fasico sobre sus a\u00f1os camperos en Espa\u00f1a. Experiencia que iba a tener su consecuencia en las <b>ecogranjas <\/b>que forj\u00f3 cuando le toc\u00f3 ser Subsecretario de Cultura durante la gesti\u00f3n Duhalde en la provincia de Buenos Aires, donde <b>se ense\u00f1aba agricultura org\u00e1nica a pibes y pibas de bajos recursos.<\/b><\/p>\n<p> Por fuera de las cuatro conversaciones que configuran la columna vertebral de <i>Dos atorrantes<\/i>, emerge una data de contexto que no s\u00f3lo est\u00e1 hecha de <b>fotos, partituras, retratos y facs\u00edmiles,<\/b> sino tambi\u00e9n de voces amigas. Entre ellas, las de <b>Adolfo P\u00e9rez Esquivel, el \u201cCuchi\u201d Leguizam\u00f3n, Sergio Pujol<\/b> \u2013autor del pr\u00f3logo-, y el mismo Jos\u00e9, que vuelve sobre s\u00ed para explicar por qu\u00e9 <b>dedica el libro a Macedonio Fern\u00e1ndez.<\/b> \u201cDedico este libro a Macedonio y su mirada tan apasionante sobre el olvido y la ausencia de memoria. <i>&#8216;Morir es sacarse el sobretodo&#8217;\u00a0<\/i>lo dice todo\u201d.<\/p>\n<p><!-- Live Blog Post --><\/div>\n<p><a href=\"https:\/\/www.pagina12.com.ar\/843033-piero-y-jose-un-dialogo-imperdible\">source<\/a><\/p>\n","protected":false},"excerpt":{"rendered":"<p>No resulta c\u00f3modo rastrear en la historia de la m\u00fasica popular argentina una sinergia autor-compositor-int\u00e9rprete&#8230;<\/p>\n","protected":false},"author":0,"featured_media":199329,"comment_status":"open","ping_status":"open","sticky":false,"template":"","format":"standard","meta":{"footnotes":""},"categories":[4],"tags":[],"class_list":["post-199328","post","type-post","status-publish","format-standard","has-post-thumbnail","hentry","category-espectaculos"],"featured_image_urls":{"full":["https:\/\/radiofenix.com.ar\/2023\/wp-content\/uploads\/2025\/07\/wp-header-logo-118.png",960,540,false],"thumbnail":["https:\/\/radiofenix.com.ar\/2023\/wp-content\/uploads\/2025\/07\/wp-header-logo-118-150x150.png",150,150,true],"medium":["https:\/\/radiofenix.com.ar\/2023\/wp-content\/uploads\/2025\/07\/wp-header-logo-118-300x169.png",300,169,true],"medium_large":["https:\/\/radiofenix.com.ar\/2023\/wp-content\/uploads\/2025\/07\/wp-header-logo-118-768x432.png",640,360,true],"large":["https:\/\/radiofenix.com.ar\/2023\/wp-content\/uploads\/2025\/07\/wp-header-logo-118.png",640,360,false],"1536x1536":["https:\/\/radiofenix.com.ar\/2023\/wp-content\/uploads\/2025\/07\/wp-header-logo-118.png",960,540,false],"2048x2048":["https:\/\/radiofenix.com.ar\/2023\/wp-content\/uploads\/2025\/07\/wp-header-logo-118.png",960,540,false],"newsium-slider-full":["https:\/\/radiofenix.com.ar\/2023\/wp-content\/uploads\/2025\/07\/wp-header-logo-118.png",960,540,false],"newsium-featured":["https:\/\/radiofenix.com.ar\/2023\/wp-content\/uploads\/2025\/07\/wp-header-logo-118.png",960,540,false],"newsium-medium":["https:\/\/radiofenix.com.ar\/2023\/wp-content\/uploads\/2025\/07\/wp-header-logo-118-720x475.png",720,475,true]},"author_info":{"info":[""]},"category_info":"<a href=\"https:\/\/radiofenix.com.ar\/2023\/category\/espectaculos\/\" rel=\"category tag\">Espectaculos<\/a>","tag_info":"Espectaculos","comment_count":"0","_links":{"self":[{"href":"https:\/\/radiofenix.com.ar\/2023\/wp-json\/wp\/v2\/posts\/199328","targetHints":{"allow":["GET"]}}],"collection":[{"href":"https:\/\/radiofenix.com.ar\/2023\/wp-json\/wp\/v2\/posts"}],"about":[{"href":"https:\/\/radiofenix.com.ar\/2023\/wp-json\/wp\/v2\/types\/post"}],"replies":[{"embeddable":true,"href":"https:\/\/radiofenix.com.ar\/2023\/wp-json\/wp\/v2\/comments?post=199328"}],"version-history":[{"count":0,"href":"https:\/\/radiofenix.com.ar\/2023\/wp-json\/wp\/v2\/posts\/199328\/revisions"}],"wp:featuredmedia":[{"embeddable":true,"href":"https:\/\/radiofenix.com.ar\/2023\/wp-json\/wp\/v2\/media\/199329"}],"wp:attachment":[{"href":"https:\/\/radiofenix.com.ar\/2023\/wp-json\/wp\/v2\/media?parent=199328"}],"wp:term":[{"taxonomy":"category","embeddable":true,"href":"https:\/\/radiofenix.com.ar\/2023\/wp-json\/wp\/v2\/categories?post=199328"},{"taxonomy":"post_tag","embeddable":true,"href":"https:\/\/radiofenix.com.ar\/2023\/wp-json\/wp\/v2\/tags?post=199328"}],"curies":[{"name":"wp","href":"https:\/\/api.w.org\/{rel}","templated":true}]}}