{"id":199334,"date":"2025-07-21T08:58:22","date_gmt":"2025-07-21T08:58:22","guid":{"rendered":"https:\/\/radiofenix.com.ar\/2023\/medio-ano-de-trump-aranceles-divisiones-internas-y-crisis-de-confianza\/"},"modified":"2025-07-21T08:58:22","modified_gmt":"2025-07-21T08:58:22","slug":"medio-ano-de-trump-aranceles-divisiones-internas-y-crisis-de-confianza","status":"publish","type":"post","link":"https:\/\/radiofenix.com.ar\/2023\/medio-ano-de-trump-aranceles-divisiones-internas-y-crisis-de-confianza\/","title":{"rendered":"Medio a\u00f1o de Trump: aranceles, divisiones internas y crisis de confianza"},"content":{"rendered":"<div><!-- Body --><\/p>\n<p>El presidente estadounidense, <b>Donald Trump<\/b>, cumpli\u00f3 este domingo <b>seis meses<\/b> desde su regreso a la Casa Blanca, un segundo mandato marcado por un enfoque <b>proteccionista <\/b>en lo comercial, de mano dura contra la <b>inmigraci\u00f3n <\/b>y crisis inusitadas en su <b>base de apoyo<\/b>, lo cual no ha frenado su optimismo. \u00ab<b>Hace un a\u00f1o \u00e9ramos un pa\u00eds muerto y ahora somos la naci\u00f3n m\u00e1s pujante del mundo<\/b>\u00ab, asegur\u00f3 en sus redes sociales.<\/p>\n<div class=\"iframely-embed medium-embedded-content\" data-html=\"Jmx0O2Jsb2NrcXVvdGUgY2xhc3M9InR3aXR0ZXItdHdlZXQiIGRhdGEtZG50PSJ0cnVlIiBhbGlnbj0iY2VudGVyIiZndDsmbHQ7cCBsYW5nPSJlbiIgZGlyPSJsdHIiJmd0O0RvbmFsZCBKLiBUcnVtcCBUcnV0aCBTb2NpYWwgMDcuMjAuMjUgMDc6NTMgQU0gRVNUICZsdDthIGhyZWY9Imh0dHBzOi8vdC5jby9LaFBBNWRBVHJyIiZndDtwaWMudHdpdHRlci5jb20vS2hQQTVkQVRyciZsdDsvYSZndDsmbHQ7L3AmZ3Q7JmFtcDttZGFzaDsgRmFuIERvbmFsZCBKLiBUcnVtcCBQb3N0cyBGcm9tIFRydXRoIFNvY2lhbCAoQFRydW1wRGFpbHlQb3N0cykgJmx0O2EgaHJlZj0iaHR0cHM6Ly90d2l0dGVyLmNvbS9UcnVtcERhaWx5UG9zdHMvc3RhdHVzLzE5NDY5MjU0NDI1MjQ0MTgxMTM\/cmVmX3NyYz10d3NyYyU1RXRmdyImZ3Q7SnVseSAyMCwgMjAyNSZsdDsvYSZndDsmbHQ7L2Jsb2NrcXVvdGUmZ3Q7CiZsdDtzY3JpcHQgYXN5bmMgc3JjPSJodHRwczovL3BsYXRmb3JtLnR3aXR0ZXIuY29tL3dpZGdldHMuanMiIGNoYXJzZXQ9InV0Zi04IiZndDsmbHQ7L3NjcmlwdCZndDsKCiZsdDtkaXYgY2xhc3M9Im1lZGl1bS1pbnNlcnQtZW1iZWRzLW1ldGEiJmd0OyZsdDtzY3JpcHQgdHlwZT0idGV4dC9qc29uIiZndDt7InVybCI6Imh0dHBzOi8vdHdpdHRlci5jb20vVHJ1bXBEYWlseVBvc3RzL3N0YXR1cy8xOTQ2OTI1NDQyNTI0NDE4MTEzIiwidHlwZSI6InJpY2giLCJ2ZXJzaW9uIjoiMS4wIiwidGl0bGUiOiJGYW4gRG9uYWxkIEouIFRydW1wIFBvc3RzIEZyb20gVHJ1dGggU29jaWFsIG9uIFR3aXR0ZXIgLyBYIiwiYXV0aG9yIjoiRmFuIERvbmFsZCBKLiBUcnVtcCBQb3N0cyBGcm9tIFRydXRoIFNvY2lhbCIsImF1dGhvcl91cmwiOiJodHRwczovL3R3aXR0ZXIuY29tL1RydW1wRGFpbHlQb3N0cyIsInByb3ZpZGVyX25hbWUiOiJUd2l0dGVyIiwiZGVzY3JpcHRpb24iOiJEb25hbGQgSi4gVHJ1bXAgVHJ1dGggU29jaWFsIDA3LjIwLjI1IDA3OjUzIEFNIEVTVCBwaWMudHdpdHRlci5jb20vS2hQQTVkQVRycuKAlCBGYW4gRG9uYWxkIEouIFRydW1wIFBvc3RzIEZyb20gVHJ1dGggU29jaWFsIChAVHJ1bXBEYWlseVBvc3RzKSBKdWx5IDIwLCAyMDI1XG5cblxuIiwidGh1bWJuYWlsX3VybCI6Imh0dHBzOi8vcGJzLnR3aW1nLmNvbS9tZWRpYS9Hd1RlUTl4WElBQWlFcFouanBnOmxhcmdlIiwidGh1bWJuYWlsX3dpZHRoIjo1OTAsInRodW1ibmFpbF9oZWlnaHQiOjM0MCwiY2FjaGVfYWdlIjo4NjQwMCwib3B0aW9ucyI6eyJfaGlkZV9tZWRpYSI6eyJsYWJlbCI6IkhpZGUgcGhvdG9zLCB2aWRlb3MsIGFuZCBjYXJkcyIsInZhbHVlIjpmYWxzZX0sIl90aGVtZSI6eyJ2YWx1ZSI6IiIsInZhbHVlcyI6eyJkYXJrIjoiVXNlIGRhcmsgdGhlbWUifX0sIl9tYXh3aWR0aCI6eyJ2YWx1ZSI6IiIsImxhYmVsIjoiQWRqdXN0IHdpZHRoIiwicGxhY2Vob2xkZXIiOiIyMjAtNTUwLCBpbiBweCJ9fX0mbHQ7L3NjcmlwdCZndDsmbHQ7L2RpdiZndDs=\">\n                <a data-iframely-url=\"\" href=\"https:\/\/twitter.com\/TrumpDailyPosts\/status\/1946925442524418113\">https:\/\/twitter.com\/TrumpDailyPosts\/status\/1946925442524418113<\/a>\n              <\/div>\n<p>Seg\u00fan una encuesta de <i>CBS<\/i>\u00a0publicada este domingo, <b>la popularidad de Trump cay\u00f3 hasta un 42 por ciento en este medio a\u00f1o<\/b>, con crecientes cr\u00edticas a su manejo de la <b>inmigraci\u00f3n<\/b>, la <b>inflaci\u00f3n<\/b>, su reciente \u00ab<b>Ley Grande y Hermosa<\/b>\u00bb \u2014cargada de exenciones fiscales y recortes al gasto p\u00fablico\u2014  y su manejo del <b>caso de Jeffrey Epstein<\/b>.<\/p>\n<div class=\"iframely-embed medium-embedded-content\" data-html=\"Jmx0O2RpdiBjbGFzcz0iaWZyYW1lbHktZW1iZWQiJmd0OyZsdDtkaXYgY2xhc3M9ImlmcmFtZWx5LXJlc3BvbnNpdmUiIHN0eWxlPSJwYWRkaW5nLWJvdHRvbTogNTIuNSU7IHBhZGRpbmctdG9wOiAxMjBweDsiJmd0OyZsdDthIGhyZWY9Imh0dHBzOi8vdG9kYXkueW91Z292LmNvbS90b3BpY3MvcG9saXRpY3MvdHJhY2tlcnMvZG9uYWxkLXRydW1wLWZhdm9yYWJpbGl0eSIgZGF0YS1pZnJhbWVseS11cmw9Imh0dHBzOi8vaWZyYW1lbHkucGFnaW5hMTIuY29tLmFyL2FwaS9pZnJhbWU\/dXJsPWh0dHBzJTNBJTJGJTJGdG9kYXkueW91Z292LmNvbSUyRnRvcGljcyUyRnBvbGl0aWNzJTJGdHJhY2tlcnMlMkZkb25hbGQtdHJ1bXAtZmF2b3JhYmlsaXR5JmFtcDtrZXk9NDY3NmI1ZmRjMDgzMjU3ZWE4N2Y3MTYwOGM3NGU5ZmUiJmd0OyZsdDsvYSZndDsmbHQ7L2RpdiZndDsmbHQ7L2RpdiZndDsmbHQ7c2NyaXB0IGFzeW5jIHNyYz0iaHR0cHM6Ly9pZnJhbWVseS5wYWdpbmExMi5jb20uYXIvZW1iZWQuanMiIGNoYXJzZXQ9InV0Zi04IiZndDsmbHQ7L3NjcmlwdCZndDsmbHQ7ZGl2IGNsYXNzPSJtZWRpdW0taW5zZXJ0LWVtYmVkcy1tZXRhIiZndDsmbHQ7c2NyaXB0IHR5cGU9InRleHQvanNvbiImZ3Q7eyJ1cmwiOiJodHRwczovL3RvZGF5LnlvdWdvdi5jb20vdG9waWNzL3BvbGl0aWNzL3RyYWNrZXJzL2RvbmFsZC10cnVtcC1mYXZvcmFiaWxpdHkiLCJ0eXBlIjoicmljaCIsInZlcnNpb24iOiIxLjAiLCJ0aXRsZSI6IkRvbmFsZCBUcnVtcCBmYXZvcmFiaWxpdHkiLCJwcm92aWRlcl9uYW1lIjoiWW91R292QW1lcmljYSIsImRlc2NyaXB0aW9uIjoiRG8geW91IGhhdmUgYSBmYXZvcmFibGUgb3IgdW5mYXZvcmFibGUgb3BpbmlvbiBvZiB0aGUgZm9sbG93aW5nIHBlb3BsZT8gW0RvbmFsZCBUcnVtcF0iLCJ0aHVtYm5haWxfdXJsIjoiaHR0cHM6Ly95Z28tYXNzZXRzLXdlYnNpdGVzLWVkaXRvcmlhbC11cy55b3Vnb3YubmV0L29yaWdpbmFsX2ltYWdlcy9vZ19fcHVibGljLnBuZyIsInRodW1ibmFpbF93aWR0aCI6MTIwMCwidGh1bWJuYWlsX2hlaWdodCI6NjMwLCJjYWNoZV9hZ2UiOjg2NDAwLCJvcHRpb25zIjp7ImNhcmQiOnsidmFsdWUiOiIiLCJ2YWx1ZXMiOnsic21hbGwiOiJNYWtlIGl0IGEgc21hbGwgY2FyZCJ9fX19Jmx0Oy9zY3JpcHQmZ3Q7Jmx0Oy9kaXYmZ3Q7\">\n                <a data-iframely-url=\"\" href=\"https:\/\/today.yougov.com\/topics\/politics\/trackers\/donald-trump-favorability\">https:\/\/today.yougov.com\/topics\/politics\/trackers\/donald-trump-favorability<\/a>\n              <\/div>\n<p>En el \u00e1mbito <b>econ\u00f3mico<\/b>, Trump di\u00f3 inicio a una compleja disputa comercial, al imponer\u00a0<b>aranceles globales<\/b> del 10 por ciento y <b>amenazar con un plan de grav\u00e1menes \u00abrec\u00edprocos<\/b>\u00bb para solventar lo que identific\u00f3 como relaciones comerciales deficitarias. Inicialmente, dio un plazo para negociar acuerdos, pero m\u00e1s tarde extendi\u00f3 la fecha l\u00edmite, para lo que llam\u00f3 \u00ab<b>90 d\u00edas para 90 acuerdos<\/b>\u00ab. Sin embargo, <b>solo logr\u00f3 pactar con el Reino Unido, Vietnam, Indonesia y China<\/b>, por lo que el magnate todav\u00eda tiene <b>muchas disputas por resolver<\/b> con algunos de sus principales socios comerciales, y el coste de estas imposiciones <b>comienza a impactar en la inflaci\u00f3n del pa\u00eds<\/b>.<\/p>\n<p>Por otro lado, la <b>pol\u00edtica migratoria <\/b>de este segundo mandato viene creciendo en intensidad.\u00a0Trump convirti\u00f3 la migraci\u00f3n en una de sus principales prioridades, exigiendo mayores controles fronterizos y revocando ciudadan\u00edas provisorias, pol\u00edticas que fueron criticadas por defensores de los derechos humanos. La creciente presi\u00f3n del Servicio de Control de Inmigraci\u00f3n y Aduanas (ICE)\u00a0 y sus redadas migratorias causaron protestas masivas en ciudades como Los \u00c1ngeles, incluso llevando al despliegue de la Guardia Nacional y los marines, a pesar de la oposici\u00f3n de las autoridades locales.<\/p>\n<p>En t\u00e9rminos <b>legislativos<\/b>, el republicano recientemente celebr\u00f3 la aprobaci\u00f3n en el Congreso de un <b>megaproyecto fiscal<\/b> que, sin embargo, <b>increment\u00f3 el d\u00e9ficit fiscal en unos 2,8 billones de d\u00f3lares<\/b>. Esto le trajo problemas incluso al interior de su partido, como lo fue la ruptura p\u00fablica con <b>Elon Musk<\/b>, quien, luego de finalizar su rol al interior del gobierno, critic\u00f3 al presidente por <b>socavar su trabajo de recorte<\/b>\u00a0y lo acus\u00f3 de haber estado vinculado al c\u00edrculo del fallecido <b>Jeffrey Epstein<\/b>. Esta controversia tens\u00f3 a\u00fan m\u00e1s la posici\u00f3n de Trump, con muchos de sus seguidores ahora cuestionando su manejo del caso, cuyas pruebas hab\u00eda prometido develar en campa\u00f1a, desatando una crisis de confianza dentro de su base de apoyo.<\/p>\n<p><!-- Live Blog Post --><\/div>\n<p><script async src=\"\/\/platform.twitter.com\/widgets.js\" charset=\"utf-8\"><\/script><br \/><a href=\"https:\/\/www.pagina12.com.ar\/843450-medio-ano-de-trump-aranceles-divisiones-internas-y-crisis-de\">source<\/a><\/p>\n","protected":false},"excerpt":{"rendered":"<p>El presidente estadounidense, Donald Trump, cumpli\u00f3 este domingo seis meses desde su regreso a la&#8230;<\/p>\n","protected":false},"author":0,"featured_media":199335,"comment_status":"open","ping_status":"open","sticky":false,"template":"","format":"standard","meta":{"footnotes":""},"categories":[60],"tags":[],"class_list":["post-199334","post","type-post","status-publish","format-standard","has-post-thumbnail","hentry","category-internacional"],"featured_image_urls":{"full":["https:\/\/radiofenix.com.ar\/2023\/wp-content\/uploads\/2025\/07\/wp-header-logo-121.png",960,540,false],"thumbnail":["https:\/\/radiofenix.com.ar\/2023\/wp-content\/uploads\/2025\/07\/wp-header-logo-121-150x150.png",150,150,true],"medium":["https:\/\/radiofenix.com.ar\/2023\/wp-content\/uploads\/2025\/07\/wp-header-logo-121-300x169.png",300,169,true],"medium_large":["https:\/\/radiofenix.com.ar\/2023\/wp-content\/uploads\/2025\/07\/wp-header-logo-121-768x432.png",640,360,true],"large":["https:\/\/radiofenix.com.ar\/2023\/wp-content\/uploads\/2025\/07\/wp-header-logo-121.png",640,360,false],"1536x1536":["https:\/\/radiofenix.com.ar\/2023\/wp-content\/uploads\/2025\/07\/wp-header-logo-121.png",960,540,false],"2048x2048":["https:\/\/radiofenix.com.ar\/2023\/wp-content\/uploads\/2025\/07\/wp-header-logo-121.png",960,540,false],"newsium-slider-full":["https:\/\/radiofenix.com.ar\/2023\/wp-content\/uploads\/2025\/07\/wp-header-logo-121.png",960,540,false],"newsium-featured":["https:\/\/radiofenix.com.ar\/2023\/wp-content\/uploads\/2025\/07\/wp-header-logo-121.png",960,540,false],"newsium-medium":["https:\/\/radiofenix.com.ar\/2023\/wp-content\/uploads\/2025\/07\/wp-header-logo-121-720x475.png",720,475,true]},"author_info":{"info":[""]},"category_info":"<a href=\"https:\/\/radiofenix.com.ar\/2023\/category\/internacional\/\" rel=\"category tag\">Internacional<\/a>","tag_info":"Internacional","comment_count":"0","_links":{"self":[{"href":"https:\/\/radiofenix.com.ar\/2023\/wp-json\/wp\/v2\/posts\/199334","targetHints":{"allow":["GET"]}}],"collection":[{"href":"https:\/\/radiofenix.com.ar\/2023\/wp-json\/wp\/v2\/posts"}],"about":[{"href":"https:\/\/radiofenix.com.ar\/2023\/wp-json\/wp\/v2\/types\/post"}],"replies":[{"embeddable":true,"href":"https:\/\/radiofenix.com.ar\/2023\/wp-json\/wp\/v2\/comments?post=199334"}],"version-history":[{"count":0,"href":"https:\/\/radiofenix.com.ar\/2023\/wp-json\/wp\/v2\/posts\/199334\/revisions"}],"wp:featuredmedia":[{"embeddable":true,"href":"https:\/\/radiofenix.com.ar\/2023\/wp-json\/wp\/v2\/media\/199335"}],"wp:attachment":[{"href":"https:\/\/radiofenix.com.ar\/2023\/wp-json\/wp\/v2\/media?parent=199334"}],"wp:term":[{"taxonomy":"category","embeddable":true,"href":"https:\/\/radiofenix.com.ar\/2023\/wp-json\/wp\/v2\/categories?post=199334"},{"taxonomy":"post_tag","embeddable":true,"href":"https:\/\/radiofenix.com.ar\/2023\/wp-json\/wp\/v2\/tags?post=199334"}],"curies":[{"name":"wp","href":"https:\/\/api.w.org\/{rel}","templated":true}]}}