{"id":199336,"date":"2025-07-21T08:58:23","date_gmt":"2025-07-21T08:58:23","guid":{"rendered":"https:\/\/radiofenix.com.ar\/2023\/elecciones-2025-todos-los-candidatos-de-las-alianzas-que-compiten-en-las-legislativas-bonaerenses\/"},"modified":"2025-07-21T08:58:23","modified_gmt":"2025-07-21T08:58:23","slug":"elecciones-2025-todos-los-candidatos-de-las-alianzas-que-compiten-en-las-legislativas-bonaerenses","status":"publish","type":"post","link":"https:\/\/radiofenix.com.ar\/2023\/elecciones-2025-todos-los-candidatos-de-las-alianzas-que-compiten-en-las-legislativas-bonaerenses\/","title":{"rendered":"Elecciones 2025: todos los candidatos de las alianzas que compiten en las Legislativas bonaerenses"},"content":{"rendered":"<div id=\"note-body\">\n<p>De acuerdo al padr\u00f3n oficial, 14.376.592 personas, entre nativos y extranjeros, est\u00e1n habilitados para emitir el voto en las elecciones del pr\u00f3ximo 7 de septiembre, cuando en la provincia se elegir\u00e1n unos 1.500 cargos: <strong>46 diputados y 23 senadores provinciales, y 1.097 concejales y 401 consejeros escolares en los numerosos municipios bonaerenses<\/strong>.<\/p>\n<\/div>\n<p><a href=\"https:\/\/www.minutouno.com\/politica\/elecciones-2025-todos-los-candidatos-las-alianzas-que-compiten-las-legislativas-bonaerenses-n6169038\">source<\/a><\/p>\n","protected":false},"excerpt":{"rendered":"<p>De acuerdo al padr\u00f3n oficial, 14.376.592 personas, entre nativos y extranjeros, est\u00e1n habilitados para emitir&#8230;<\/p>\n","protected":false},"author":0,"featured_media":199337,"comment_status":"open","ping_status":"open","sticky":false,"template":"","format":"standard","meta":{"footnotes":""},"categories":[2],"tags":[],"class_list":["post-199336","post","type-post","status-publish","format-standard","has-post-thumbnail","hentry","category-politica"],"featured_image_urls":{"full":["https:\/\/radiofenix.com.ar\/2023\/wp-content\/uploads\/2025\/07\/wp-header-logo-122.png",1200,675,false],"thumbnail":["https:\/\/radiofenix.com.ar\/2023\/wp-content\/uploads\/2025\/07\/wp-header-logo-122-150x150.png",150,150,true],"medium":["https:\/\/radiofenix.com.ar\/2023\/wp-content\/uploads\/2025\/07\/wp-header-logo-122-300x169.png",300,169,true],"medium_large":["https:\/\/radiofenix.com.ar\/2023\/wp-content\/uploads\/2025\/07\/wp-header-logo-122-768x432.png",640,360,true],"large":["https:\/\/radiofenix.com.ar\/2023\/wp-content\/uploads\/2025\/07\/wp-header-logo-122-1024x576.png",640,360,true],"1536x1536":["https:\/\/radiofenix.com.ar\/2023\/wp-content\/uploads\/2025\/07\/wp-header-logo-122.png",1200,675,false],"2048x2048":["https:\/\/radiofenix.com.ar\/2023\/wp-content\/uploads\/2025\/07\/wp-header-logo-122.png",1200,675,false],"newsium-slider-full":["https:\/\/radiofenix.com.ar\/2023\/wp-content\/uploads\/2025\/07\/wp-header-logo-122.png",1200,675,false],"newsium-featured":["https:\/\/radiofenix.com.ar\/2023\/wp-content\/uploads\/2025\/07\/wp-header-logo-122-1024x576.png",1024,576,true],"newsium-medium":["https:\/\/radiofenix.com.ar\/2023\/wp-content\/uploads\/2025\/07\/wp-header-logo-122-720x475.png",720,475,true]},"author_info":{"info":[""]},"category_info":"<a href=\"https:\/\/radiofenix.com.ar\/2023\/category\/politica\/\" rel=\"category tag\">Pol\u00edtica<\/a>","tag_info":"Pol\u00edtica","comment_count":"0","_links":{"self":[{"href":"https:\/\/radiofenix.com.ar\/2023\/wp-json\/wp\/v2\/posts\/199336","targetHints":{"allow":["GET"]}}],"collection":[{"href":"https:\/\/radiofenix.com.ar\/2023\/wp-json\/wp\/v2\/posts"}],"about":[{"href":"https:\/\/radiofenix.com.ar\/2023\/wp-json\/wp\/v2\/types\/post"}],"replies":[{"embeddable":true,"href":"https:\/\/radiofenix.com.ar\/2023\/wp-json\/wp\/v2\/comments?post=199336"}],"version-history":[{"count":0,"href":"https:\/\/radiofenix.com.ar\/2023\/wp-json\/wp\/v2\/posts\/199336\/revisions"}],"wp:featuredmedia":[{"embeddable":true,"href":"https:\/\/radiofenix.com.ar\/2023\/wp-json\/wp\/v2\/media\/199337"}],"wp:attachment":[{"href":"https:\/\/radiofenix.com.ar\/2023\/wp-json\/wp\/v2\/media?parent=199336"}],"wp:term":[{"taxonomy":"category","embeddable":true,"href":"https:\/\/radiofenix.com.ar\/2023\/wp-json\/wp\/v2\/categories?post=199336"},{"taxonomy":"post_tag","embeddable":true,"href":"https:\/\/radiofenix.com.ar\/2023\/wp-json\/wp\/v2\/tags?post=199336"}],"curies":[{"name":"wp","href":"https:\/\/api.w.org\/{rel}","templated":true}]}}