{"id":199340,"date":"2025-07-22T08:58:05","date_gmt":"2025-07-22T08:58:05","guid":{"rendered":"https:\/\/radiofenix.com.ar\/2023\/aeronauticos-reclaman-seguridad\/"},"modified":"2025-07-22T08:58:05","modified_gmt":"2025-07-22T08:58:05","slug":"aeronauticos-reclaman-seguridad","status":"publish","type":"post","link":"https:\/\/radiofenix.com.ar\/2023\/aeronauticos-reclaman-seguridad\/","title":{"rendered":"Aeron\u00e1uticos reclaman seguridad"},"content":{"rendered":"<div><!-- Body --><\/p>\n<p>Los\u00a0cinco sindicatos del sector aeron\u00e1utico realizaron una asamblea gremial en rechazo a las reformas laborales dispuestas por el Gobierno nacional a trav\u00e9s del DNU 378\/2025, y advirtieron  sobre una eventual \u201ccat\u00e1strofe a\u00e9rea\u201d si no se revierten las medidas. Ocurri\u00f3 este lunes en Aeroparque, sin interrupciones ni alteraciones en el cronograma de vuelos.<\/p>\n<p>Si bien no hubo demoras significativas en el servicio, los pasajeros que viajaban por el receso invernal\u00a0se encontraron con un operativo de seguridad reforzado.\u00a0 \u201cQueremos que la poblaci\u00f3n est\u00e9 informada. No vamos a afectar los vuelos porque el turismo ya cay\u00f3 un 50 por ciento. Pero esto va mucho m\u00e1s all\u00e1 del salario: <b>se est\u00e1 desmantelando el sistema de control a\u00e9reo<\/b>\u201d, afirm\u00f3 Edgardo Llano, titular de la Asociaci\u00f3n del Personal Aeron\u00e1utico (APA).<\/p>\n<p>Roberto Fern\u00e1ndez, de la Uni\u00f3n del Personal Superior y Profesional de Empresas Aerocomerciales (UPSA) denunci\u00f3: \u201cLa Argentina perdi\u00f3 el control sobre qui\u00e9n vuela, qu\u00e9 experiencia tienen los pilotos o qu\u00e9 preparaci\u00f3n tienen los t\u00e9cnicos. As\u00ed, el pa\u00eds se convierte en un \u2018boccato di cardinale\u2019 <b>para el narcotr\u00e1fico<\/b>\u00ab.<\/p>\n<p>La protesta fue impulsada de forma conjunta por la Asociaci\u00f3n del Personal Aeron\u00e1utico (APA), la Uni\u00f3n del Personal Superior y Profesional de Empresas Aerocomerciales (UPSA), la Asociaci\u00f3n Argentina de Aeronavegantes (AAA), la Asociaci\u00f3n de T\u00e9cnicos y Empleados de Protecci\u00f3n y Seguridad a la Aeronavegaci\u00f3n (Atepsa) y ATE ANAC, el gremio que nuclea a los trabajadores de la Administraci\u00f3n Nacional de Aviaci\u00f3n Civil.\u00a0<\/p>\n<p>Los sindicatos presentaron una<b> denuncia formal ante la Organizaci\u00f3n Internacional del Trabajo (OIT)<\/b>, alertando sobre el impacto que puede tener la desregulaci\u00f3n en la seguridad a\u00e9rea y en los derechos laborales.<\/p>\n<p>El conflicto se origin\u00f3 tras la publicaci\u00f3n, a comienzos de junio, del DNU 378\/2025, que deroga el decreto 877\/2021 y modifica de forma sustancial las condiciones laborales del personal aeron\u00e1utico.\u00a0<\/p>\n<p><b>Entre los puntos m\u00e1s cuestionados figuran:<\/b><\/p>\n<p>*La extensi\u00f3n del l\u00edmite m\u00e1ximo de horas de vuelo: de 8 a 10 por d\u00eda y de 800 a 1.000 al a\u00f1o. <\/p>\n<p>*La reducci\u00f3n del descanso semanal obligatorio: de 36 a 30 horas. <\/p>\n<p>*El recorte del r\u00e9gimen de licencias: se establece un m\u00e1ximo de 15 d\u00edas de vacaciones corridos, sin posibilidad de acumulaci\u00f3n como hasta ahora. <\/p>\n<p>*El tiempo de traslado y espera previa ya no se considera jornada laboral.<\/p>\n<p>*Para los gremios, estas medidas no solo representan un deterioro en las condiciones laborales, sino que tambi\u00e9n implican un riesgo directo para la seguridad operacional.<\/p>\n<p>Tras la asamblea, los dirigentes sindicales brindaron una conferencia de prensa con fuertes cr\u00edticas al presidente Javier Milei y al ministro de Desregulaci\u00f3n y Transformaci\u00f3n del Estado, Federico Sturzenegger. <\/p>\n<p>M\u00e1s all\u00e1 de las reformas normativas, tambi\u00e9n denuncian la p\u00e9rdida del 70 por ciento del poder adquisitivo en Aerol\u00edneas Argentinas y <b>sueldos congelados<\/b> desde agosto de 2024 para los controladores de vuelo nucleados en Atepsa. Adem\u00e1s, ATE ANAC denunci\u00f3 m\u00e1s de <b>100 despidos<\/b> en el organismo desde que comenz\u00f3 la actual gesti\u00f3n.<\/p>\n<p>Tanto APLA como Atepsa est\u00e1n actualmente alcanzados por conciliaciones obligatorias que les impiden realizar paros, aunque no les impiden acciones de visibilizaci\u00f3n como la del lunes.<\/p>\n<p>Paola Barrita, dirigente de Atepsa, remarc\u00f3 que la conciliaci\u00f3n fue utilizada \u201cde manera dilatoria\u201d para evitar protestas durante las vacaciones de invierno: \u201cTenemos despidos desde abril y nos dictaron conciliaci\u00f3n en mayo. Ya pasaron diez d\u00edas y ni siquiera propusieron una audiencia. Si no hay respuesta en agosto, vamos a tomar medidas\u201d, advirti\u00f3. La dirigenta record\u00f3 que el 15 de agosto vence el plazo m\u00e1ximo legal, incluida la eventual pr\u00f3rroga, y que esa fecha coincide con un fin de semana largo.<\/p>\n<p>\u201c<b>Garantizar la paz social es responsabilidad del Gobierno<\/b>, y eso se logra con di\u00e1logo, no con maniobras dilatorias\u201d, remat\u00f3 el titular de ATE, sum\u00e1ndose a los cuestionamientos.<\/p>\n<p>Pese a que la asamblea no afect\u00f3 los vuelos, los gremios advirtieron que el conflicto sigue abierto. De no haber avances concretos en materia salarial, laboral y de regulaci\u00f3n a\u00e9rea, <b>no descartan medidas m\u00e1s contundentes<\/b> una vez superado el per\u00edodo de vacaciones de invierno.<\/p>\n<p><!-- Live Blog Post --><\/div>\n<p><a href=\"https:\/\/www.pagina12.com.ar\/843640-aeronauticos-reclaman-seguridad\">source<\/a><\/p>\n","protected":false},"excerpt":{"rendered":"<p>Los\u00a0cinco sindicatos del sector aeron\u00e1utico realizaron una asamblea gremial en rechazo a las reformas laborales&#8230;<\/p>\n","protected":false},"author":0,"featured_media":199341,"comment_status":"open","ping_status":"open","sticky":false,"template":"","format":"standard","meta":{"footnotes":""},"categories":[5],"tags":[],"class_list":["post-199340","post","type-post","status-publish","format-standard","has-post-thumbnail","hentry","category-economia"],"featured_image_urls":{"full":["https:\/\/radiofenix.com.ar\/2023\/wp-content\/uploads\/2025\/07\/wp-header-logo-124.png",960,540,false],"thumbnail":["https:\/\/radiofenix.com.ar\/2023\/wp-content\/uploads\/2025\/07\/wp-header-logo-124-150x150.png",150,150,true],"medium":["https:\/\/radiofenix.com.ar\/2023\/wp-content\/uploads\/2025\/07\/wp-header-logo-124-300x169.png",300,169,true],"medium_large":["https:\/\/radiofenix.com.ar\/2023\/wp-content\/uploads\/2025\/07\/wp-header-logo-124-768x432.png",640,360,true],"large":["https:\/\/radiofenix.com.ar\/2023\/wp-content\/uploads\/2025\/07\/wp-header-logo-124.png",640,360,false],"1536x1536":["https:\/\/radiofenix.com.ar\/2023\/wp-content\/uploads\/2025\/07\/wp-header-logo-124.png",960,540,false],"2048x2048":["https:\/\/radiofenix.com.ar\/2023\/wp-content\/uploads\/2025\/07\/wp-header-logo-124.png",960,540,false],"newsium-slider-full":["https:\/\/radiofenix.com.ar\/2023\/wp-content\/uploads\/2025\/07\/wp-header-logo-124.png",960,540,false],"newsium-featured":["https:\/\/radiofenix.com.ar\/2023\/wp-content\/uploads\/2025\/07\/wp-header-logo-124.png",960,540,false],"newsium-medium":["https:\/\/radiofenix.com.ar\/2023\/wp-content\/uploads\/2025\/07\/wp-header-logo-124-720x475.png",720,475,true]},"author_info":{"info":[""]},"category_info":"<a href=\"https:\/\/radiofenix.com.ar\/2023\/category\/economia\/\" rel=\"category tag\">Economia<\/a>","tag_info":"Economia","comment_count":"0","_links":{"self":[{"href":"https:\/\/radiofenix.com.ar\/2023\/wp-json\/wp\/v2\/posts\/199340","targetHints":{"allow":["GET"]}}],"collection":[{"href":"https:\/\/radiofenix.com.ar\/2023\/wp-json\/wp\/v2\/posts"}],"about":[{"href":"https:\/\/radiofenix.com.ar\/2023\/wp-json\/wp\/v2\/types\/post"}],"replies":[{"embeddable":true,"href":"https:\/\/radiofenix.com.ar\/2023\/wp-json\/wp\/v2\/comments?post=199340"}],"version-history":[{"count":0,"href":"https:\/\/radiofenix.com.ar\/2023\/wp-json\/wp\/v2\/posts\/199340\/revisions"}],"wp:featuredmedia":[{"embeddable":true,"href":"https:\/\/radiofenix.com.ar\/2023\/wp-json\/wp\/v2\/media\/199341"}],"wp:attachment":[{"href":"https:\/\/radiofenix.com.ar\/2023\/wp-json\/wp\/v2\/media?parent=199340"}],"wp:term":[{"taxonomy":"category","embeddable":true,"href":"https:\/\/radiofenix.com.ar\/2023\/wp-json\/wp\/v2\/categories?post=199340"},{"taxonomy":"post_tag","embeddable":true,"href":"https:\/\/radiofenix.com.ar\/2023\/wp-json\/wp\/v2\/tags?post=199340"}],"curies":[{"name":"wp","href":"https:\/\/api.w.org\/{rel}","templated":true}]}}