{"id":199346,"date":"2025-07-22T08:58:10","date_gmt":"2025-07-22T08:58:10","guid":{"rendered":"https:\/\/radiofenix.com.ar\/2023\/ee-uu-una-jueza-exigio-al-gobierno-de-trump-que-justifique-el-recorte-de-fondos-a-harvard\/"},"modified":"2025-07-22T08:58:10","modified_gmt":"2025-07-22T08:58:10","slug":"ee-uu-una-jueza-exigio-al-gobierno-de-trump-que-justifique-el-recorte-de-fondos-a-harvard","status":"publish","type":"post","link":"https:\/\/radiofenix.com.ar\/2023\/ee-uu-una-jueza-exigio-al-gobierno-de-trump-que-justifique-el-recorte-de-fondos-a-harvard\/","title":{"rendered":"EE.UU.: una jueza exigi\u00f3 al gobierno de Trump que justifique el recorte de fondos a Harvard"},"content":{"rendered":"<div><!-- Body --><\/p>\n<p><b>Una jueza estadounidense inst\u00f3 el lunes al gobierno de Donald Trump a justificar los motivos para <a href=\"https:\/\/www.pagina12.com.ar\/836093-estados-unidos-bloquean-un-recorte-de-trump-para-las-univers\">recortar m\u00e1s de 2 mil millones de d\u00f3lares de fondos federales a la Universidad de Harvard<\/a><\/b>, lo que provoc\u00f3 una airada respuesta del presidente. La jueza Allison Burroughs presion\u00f3 al abogado del gobierno para que explique c\u00f3mo la reducci\u00f3n de fondos para investigaci\u00f3n ayudar\u00e1 a proteger a los estudiantes del antisemitismo en el campus, una acusaci\u00f3n que constituye el n\u00facleo de la campa\u00f1a de Trump contra Harvard.<\/p>\n<p>La vista sobre la legalidad del bloqueo de fondos del gobierno de Trump para Harvard concluy\u00f3 este lunes en un tribunal de Boston sin un fallo al respecto. La jueza\u00a0Burroughs indic\u00f3 al final de la vista que intentar\u00e1 pronunciar su fallo \u00ablo antes posible\u00bb aunque, por el tono de la audiencia, parece inclinarse por los argumentos de la universidad y no los del gobierno.<\/p>\n<h2>\u00abUna violaci\u00f3n flagrante de la Primera Enmienda\u00bb<\/h2>\n<p><b>\u00ab\u00bfCu\u00e1l es la relaci\u00f3n entre el antisemitismo y el recorte (de fondos) de, por ejemplo, la financiaci\u00f3n de la investigaci\u00f3n sobre el c\u00e1ncer?\u00bb<\/b>, cuestion\u00f3 <b>Burroughs <\/b>en un tribunal de Boston abarrotado de periodistas y p\u00fablico, seg\u00fan los medios estadounidenses. La jueza, que subray\u00f3 en la corte su propia fe jud\u00eda, cuestion\u00f3 a la administraci\u00f3n Trump por acusar de antisemitismo a toda la entidad y no limitar esa acusaci\u00f3n a empleados concretos que hayan podido incurrir en conductas antisemitas.<\/p>\n<p>\u00ab\u00bfNo tienen que demostrar que cada investigador es antisemita en lugar de hacer una declaraci\u00f3n general y decir &#8216;Harvard es antisemita&#8217;?\u00bb, pregunt\u00f3 la magistrada al abogado del gobierno, Michael Velchik. Por su parte, Velchik argument\u00f3 que la administraci\u00f3n no quiere \u00abfinanciar la investigaci\u00f3n en instituciones que no abordan el antisemitismo\u00bb de la forma en que lo entiende el gobierno. Y se remont\u00f3 a las protestas propalestinas que tuvieron lugar el a\u00f1o pasado en el centro educativo y que tomaron como ejemplo las manifestaciones en favor de Gaza en la Universidad de Columbia, en\u00a0Nueva York.<\/p>\n<p>El abogado que representa a Harvard, Steven P. Lehotsky, asegur\u00f3 que la entidad tom\u00f3 medidas para hacer frente a episodios antisemitas que tuvieron lugar en el campus. Adem\u00e1s calific\u00f3 la congelaci\u00f3n de fondos como \u00abuna violaci\u00f3n flagrante de la Primera Enmienda\u00bb.\u00a0Burroughs finaliz\u00f3 la audiencia despu\u00e9s de m\u00e1s de dos horas sin una decisi\u00f3n, pese a que ambas partes le pidieron que emita un fallo r\u00e1pidamente y sin celebrar un juicio.<\/p>\n<h2>Trump no cede<\/h2>\n<p>Este lunes <b>Trump <\/b>anticip\u00f3 que apelar\u00e1 en caso de que Burroughs emita un fallo en contra de su gobierno y <b>asegur\u00f3 que su administraci\u00f3n \u00abdetendr\u00e1 la pr\u00e1ctica de dar muchos miles de millones a Harvard\u00bb<\/b>. La del lunes era una audiencia clave en la pugna entre Harvard y el gobierno de EE.UU. A principios de este a\u00f1o, el Ejecutivo exigi\u00f3 a la instituci\u00f3n poder supervisar sus admisiones, contrataci\u00f3n y la ideolog\u00eda de los estudiantes y el personal.<\/p>\n<p>Harvard se opuso al requerimiento y la administraci\u00f3n trumpista anunci\u00f3 que congelar\u00eda m\u00e1s de 2 mil millones de d\u00f3lares en fondos federales para la entidad, lo que desencaden\u00f3 una demanda por parte del centro. La universidad apunt\u00f3 en su litigio que el recorte de fondos afecta a programas de investigaci\u00f3n m\u00e9dica, cient\u00edfica y tecnol\u00f3gica.<\/p>\n<p>La tensi\u00f3n entre ambas partes escal\u00f3 hace unos meses, cuando Trump intent\u00f3 prohibir a Harvard la matriculaci\u00f3n de estudiantes extranjeros, una medida que la propia Burroughs bloque\u00f3 de forma indefinida. En junio el republicano dijo que \u00abera posible\u00bb que su gobierno anunciara un acuerdo con Harvard y asegur\u00f3 que estaba trabajando de cerca con la instituci\u00f3n.\u00a0<\/p>\n<p><!-- Live Blog Post --><\/div>\n<p><a href=\"https:\/\/www.pagina12.com.ar\/843709-ee-uu-una-jueza-exigio-al-gobierno-de-trump-que-justifique-e\">source<\/a><\/p>\n","protected":false},"excerpt":{"rendered":"<p>Una jueza estadounidense inst\u00f3 el lunes al gobierno de Donald Trump a justificar los motivos&#8230;<\/p>\n","protected":false},"author":0,"featured_media":199347,"comment_status":"open","ping_status":"open","sticky":false,"template":"","format":"standard","meta":{"footnotes":""},"categories":[60],"tags":[],"class_list":["post-199346","post","type-post","status-publish","format-standard","has-post-thumbnail","hentry","category-internacional"],"featured_image_urls":{"full":["https:\/\/radiofenix.com.ar\/2023\/wp-content\/uploads\/2025\/07\/wp-header-logo-127.png",960,540,false],"thumbnail":["https:\/\/radiofenix.com.ar\/2023\/wp-content\/uploads\/2025\/07\/wp-header-logo-127-150x150.png",150,150,true],"medium":["https:\/\/radiofenix.com.ar\/2023\/wp-content\/uploads\/2025\/07\/wp-header-logo-127-300x169.png",300,169,true],"medium_large":["https:\/\/radiofenix.com.ar\/2023\/wp-content\/uploads\/2025\/07\/wp-header-logo-127-768x432.png",640,360,true],"large":["https:\/\/radiofenix.com.ar\/2023\/wp-content\/uploads\/2025\/07\/wp-header-logo-127.png",640,360,false],"1536x1536":["https:\/\/radiofenix.com.ar\/2023\/wp-content\/uploads\/2025\/07\/wp-header-logo-127.png",960,540,false],"2048x2048":["https:\/\/radiofenix.com.ar\/2023\/wp-content\/uploads\/2025\/07\/wp-header-logo-127.png",960,540,false],"newsium-slider-full":["https:\/\/radiofenix.com.ar\/2023\/wp-content\/uploads\/2025\/07\/wp-header-logo-127.png",960,540,false],"newsium-featured":["https:\/\/radiofenix.com.ar\/2023\/wp-content\/uploads\/2025\/07\/wp-header-logo-127.png",960,540,false],"newsium-medium":["https:\/\/radiofenix.com.ar\/2023\/wp-content\/uploads\/2025\/07\/wp-header-logo-127-720x475.png",720,475,true]},"author_info":{"info":[""]},"category_info":"<a href=\"https:\/\/radiofenix.com.ar\/2023\/category\/internacional\/\" rel=\"category tag\">Internacional<\/a>","tag_info":"Internacional","comment_count":"0","_links":{"self":[{"href":"https:\/\/radiofenix.com.ar\/2023\/wp-json\/wp\/v2\/posts\/199346","targetHints":{"allow":["GET"]}}],"collection":[{"href":"https:\/\/radiofenix.com.ar\/2023\/wp-json\/wp\/v2\/posts"}],"about":[{"href":"https:\/\/radiofenix.com.ar\/2023\/wp-json\/wp\/v2\/types\/post"}],"replies":[{"embeddable":true,"href":"https:\/\/radiofenix.com.ar\/2023\/wp-json\/wp\/v2\/comments?post=199346"}],"version-history":[{"count":0,"href":"https:\/\/radiofenix.com.ar\/2023\/wp-json\/wp\/v2\/posts\/199346\/revisions"}],"wp:featuredmedia":[{"embeddable":true,"href":"https:\/\/radiofenix.com.ar\/2023\/wp-json\/wp\/v2\/media\/199347"}],"wp:attachment":[{"href":"https:\/\/radiofenix.com.ar\/2023\/wp-json\/wp\/v2\/media?parent=199346"}],"wp:term":[{"taxonomy":"category","embeddable":true,"href":"https:\/\/radiofenix.com.ar\/2023\/wp-json\/wp\/v2\/categories?post=199346"},{"taxonomy":"post_tag","embeddable":true,"href":"https:\/\/radiofenix.com.ar\/2023\/wp-json\/wp\/v2\/tags?post=199346"}],"curies":[{"name":"wp","href":"https:\/\/api.w.org\/{rel}","templated":true}]}}