{"id":199356,"date":"2025-07-23T08:58:30","date_gmt":"2025-07-23T08:58:30","guid":{"rendered":"https:\/\/radiofenix.com.ar\/2023\/franco-colapinto-vuelve-a-correr-con-alpine-horarios-del-gp-de-belgica\/"},"modified":"2025-07-23T08:58:30","modified_gmt":"2025-07-23T08:58:30","slug":"franco-colapinto-vuelve-a-correr-con-alpine-horarios-del-gp-de-belgica","status":"publish","type":"post","link":"https:\/\/radiofenix.com.ar\/2023\/franco-colapinto-vuelve-a-correr-con-alpine-horarios-del-gp-de-belgica\/","title":{"rendered":"Franco Colapinto vuelve a correr con Alpine: horarios del GP de B\u00e9lgica"},"content":{"rendered":"<div><!-- Body --><\/p>\n<p><b><a href=\"https:\/\/www.pagina12.com.ar\/840211-formula-1-franco-colapinto-y-el-runrun-entre-alpine-y-merced\">Franco Colapinto<\/a><\/b> participar\u00e1 este fin de semana en<b>\u00a0B\u00e9lgica<\/b>\u00a0de la decimotercera fecha del Campeonato de F\u00f3rmula 1. El Gran Premio se correr\u00e1 en el emblem\u00e1tico circuito de Spa-Francorchamps y ser\u00e1 el s\u00e9ptimo del argentina con Alpine.<\/p>\n<p>El joven piloto de Pilar, de solo 22 a\u00f1os, <b>intentar\u00e1 dejar atr\u00e1s los flojos resultados que viene teniendo<\/b>, ya que en seis Grandes Premios solo tuvo como mejor resultado el decimotercer puesto obtenido en M\u00f3naco y Austria.<\/p>\n<p>El<b> \u00faltimo Gran Premio, que fue el de Gran Breta\u00f1a, fue una verdadera pesadilla<\/b> para el argentino ya que choc\u00f3 durante la clasificaci\u00f3n y en la carrera ni siquiera pudo largar por problemas en su monoplaza.<\/p>\n<p>Incluso, se lo escuch\u00f3 casi llorando por radio mientras se comunicaba con los ingenieros de Alpine.<\/p>\n<h2><b>Los horarios del GP de B\u00e9lgica<\/b><\/h2>\n<p>La actividad este fin de semana ser\u00e1 muy intensa para todos los pilotos, ya que el viernes solo tendr\u00e1n una sesi\u00f3n de entrenamientos antes de la clasificaci\u00f3n para la <b>carrera sprint<\/b>.<\/p>\n<p>El s\u00e1bado continuar\u00e1 la actividad con la carrera sprint, que comenzar\u00e1 a las 7 de la ma\u00f1ana (hora de Argentina), mientras que la clasificaci\u00f3n para la carrera principal ser\u00e1 solo cuatro horas despu\u00e9s, a las 11. Finalmente, la carrera del GP de B\u00e9lgica comenzar\u00e1\u00a0<\/p>\n<h3>El cronograma en detalle<\/h3>\n<p><b>Viernes:<\/b><\/p>\n<p>Pr\u00e1ctica libre a las 7:30<\/p>\n<p>Clasificaci\u00f3n sprint a las 11:30<\/p>\n<p><b>S\u00e1bado:<\/b><\/p>\n<p>Carrera sprint a las 7<\/p>\n<p>Clasificaci\u00f3n a las 11<\/p>\n<p><b>Domingo:<\/b><\/p>\n<p>Carrera a las 10<\/p>\n<h2>C\u00f3mo ver el Gran Premio de B\u00e9lgica de F\u00f3rmula 1 en vivo online o por TV<\/h2>\n<p>Toda la acci\u00f3n del <b>Gran Premio de B\u00e9lgica<\/b> podr\u00e1 verse en vivo a trav\u00e9s de <b>Fox Sports<\/b> y la plataforma <b>Disney+<\/b> <b>Premium<\/b>. La se\u00f1al televisiva se puede sintonizar mediante plataformas de streaming como <b>DGO, Flow y Telecentro Play<\/b>, entre otras. Otra alternativa es <a href=\"https:\/\/www.formula1.com\/es-ar\/subscribe-to-f1-tv?gad_source=1&amp;gad_campaignid=22382609504&amp;gclid=Cj0KCQjwmK_CBhCEARIsAMKwcD7VS9vQyMkBhS_HykBTiNdVGtbQwTITEJ4b7jCR4b9C5FlMrllKPwsaAsv1EALw_wcB&amp;gclsrc=aw.ds\" target=\"_blank\">el <b>canal oficial F1TV<\/b><\/a>, que tiene planes desde los 8 d\u00f3lares mensuales.<\/p>\n<p>C\u00f3mo es el circuito de Spa-Francorchamps<\/p>\n<p>El <b>Gran Premio de B\u00e9lgica<\/b> se desarrolla en el <b>Circuito de Spa-Francorchamps<\/b>. Construido en 1921, recibi\u00f3 a la F\u00f3rmula 1 desde sus inicios en 1950. De hecho, <b>el ganador de la primera carrera fue el argentino Juan Manuel Fangio a bordo de su Alfa Romeo<\/b>. Desde aquel entonces, salvo contadas excepciones, la pista es parte del calendario oficial.<img loading=\"lazy\" decoding=\"async\" src=\"https:\/\/images.pagina12.com.ar\/styles\/width960\/public\/2025-07\/956549-gp-20b-c3-a9lgica.png?itok=aroICCxk\" width=\"960\" height=\"540\"\/><\/p>\n<figure>\n<figure><figcaption>Mapa del Circuito de Spa-Francorchamps.<\/figcaption><\/figure>\n<\/figure>\n<p>Consta de <b>44 vueltas de 7 kil\u00f3metros cada una<\/b>, por lo que<b> la distancia total de carrera es de 308 kilometros<\/b>. La marca de la vuelta m\u00e1s r\u00e1pida corresponde al mexicano <b>Sergio <i>Checo <\/i>P\u00e9rez<\/b> <b>con su 1:44.701<\/b> para Red Bull.<\/p>\n<p>Es uno de los circuitos favoritos de los pilotos de F\u00f3rmula 1, gracias a su<b> combinaci\u00f3n de largas rectas y desafiantes curvas r\u00e1pidas <\/b>que les permite llevar sus veh\u00edculos al l\u00edmite de sus capacidades, siempre y cuando la pista est\u00e9 seca. <\/p>\n<p>La extensi\u00f3n del circuito y la naturaleza del clima belga implican que, en ocasiones, puede llover en una parte de la pista mientras otra permanece seca, lo que significa que la adherencia puede variar de una curva a la siguiente. <\/p>\n<figure>\n<figure><img loading=\"lazy\" decoding=\"async\" src=\"https:\/\/images.pagina12.com.ar\/styles\/width960\/public\/2025-07\/956549-curva-20gp-20b-c3-a9lgica.jpg?itok=fgnxWyDK\" width=\"960\" height=\"540\"\/><figcaption>La Eau Rouge es una de las curvas m\u00e1s atrapantes y peligrosas de la F\u00f3rmula 1.<\/figcaption><\/figure>\n<\/figure>\n<p><b>La F\u00f3rmula 1 define a la<i> Eau Rouge <\/i>como \u00abposiblemente la secuencia de curvas m\u00e1s famosa del mundo\u00bb<\/b>. Esa zona est\u00e1 formada por una curva a la izquierda en descenso y otra en ascenso que va de derecha a izquierda y que se conoce como Raidillon, que significa rampa. <b>All\u00ed los pilotos alcanzan velocidades de m\u00e1s de 320 km\/h y el m\u00e1s m\u00ednimo error puede ocasionar un accidente<\/b>.\u00a0<\/p>\n<p><!-- Live Blog Post --><\/div>\n<p><a href=\"https:\/\/www.pagina12.com.ar\/843821-franco-colapinto-vuelve-a-correr-con-alpine-horarios-del-gp-\">source<\/a><\/p>\n","protected":false},"excerpt":{"rendered":"<p>Franco Colapinto participar\u00e1 este fin de semana en\u00a0B\u00e9lgica\u00a0de la decimotercera fecha del Campeonato de F\u00f3rmula&#8230;<\/p>\n","protected":false},"author":0,"featured_media":199357,"comment_status":"open","ping_status":"open","sticky":false,"template":"","format":"standard","meta":{"footnotes":""},"categories":[3],"tags":[],"class_list":["post-199356","post","type-post","status-publish","format-standard","has-post-thumbnail","hentry","category-deportes"],"featured_image_urls":{"full":["https:\/\/radiofenix.com.ar\/2023\/wp-content\/uploads\/2025\/07\/wp-header-logo-132.png",960,540,false],"thumbnail":["https:\/\/radiofenix.com.ar\/2023\/wp-content\/uploads\/2025\/07\/wp-header-logo-132-150x150.png",150,150,true],"medium":["https:\/\/radiofenix.com.ar\/2023\/wp-content\/uploads\/2025\/07\/wp-header-logo-132-300x169.png",300,169,true],"medium_large":["https:\/\/radiofenix.com.ar\/2023\/wp-content\/uploads\/2025\/07\/wp-header-logo-132-768x432.png",640,360,true],"large":["https:\/\/radiofenix.com.ar\/2023\/wp-content\/uploads\/2025\/07\/wp-header-logo-132.png",640,360,false],"1536x1536":["https:\/\/radiofenix.com.ar\/2023\/wp-content\/uploads\/2025\/07\/wp-header-logo-132.png",960,540,false],"2048x2048":["https:\/\/radiofenix.com.ar\/2023\/wp-content\/uploads\/2025\/07\/wp-header-logo-132.png",960,540,false],"newsium-slider-full":["https:\/\/radiofenix.com.ar\/2023\/wp-content\/uploads\/2025\/07\/wp-header-logo-132.png",960,540,false],"newsium-featured":["https:\/\/radiofenix.com.ar\/2023\/wp-content\/uploads\/2025\/07\/wp-header-logo-132.png",960,540,false],"newsium-medium":["https:\/\/radiofenix.com.ar\/2023\/wp-content\/uploads\/2025\/07\/wp-header-logo-132-720x475.png",720,475,true]},"author_info":{"info":[""]},"category_info":"<a href=\"https:\/\/radiofenix.com.ar\/2023\/category\/deportes\/\" rel=\"category tag\">Deportes<\/a>","tag_info":"Deportes","comment_count":"0","_links":{"self":[{"href":"https:\/\/radiofenix.com.ar\/2023\/wp-json\/wp\/v2\/posts\/199356","targetHints":{"allow":["GET"]}}],"collection":[{"href":"https:\/\/radiofenix.com.ar\/2023\/wp-json\/wp\/v2\/posts"}],"about":[{"href":"https:\/\/radiofenix.com.ar\/2023\/wp-json\/wp\/v2\/types\/post"}],"replies":[{"embeddable":true,"href":"https:\/\/radiofenix.com.ar\/2023\/wp-json\/wp\/v2\/comments?post=199356"}],"version-history":[{"count":0,"href":"https:\/\/radiofenix.com.ar\/2023\/wp-json\/wp\/v2\/posts\/199356\/revisions"}],"wp:featuredmedia":[{"embeddable":true,"href":"https:\/\/radiofenix.com.ar\/2023\/wp-json\/wp\/v2\/media\/199357"}],"wp:attachment":[{"href":"https:\/\/radiofenix.com.ar\/2023\/wp-json\/wp\/v2\/media?parent=199356"}],"wp:term":[{"taxonomy":"category","embeddable":true,"href":"https:\/\/radiofenix.com.ar\/2023\/wp-json\/wp\/v2\/categories?post=199356"},{"taxonomy":"post_tag","embeddable":true,"href":"https:\/\/radiofenix.com.ar\/2023\/wp-json\/wp\/v2\/tags?post=199356"}],"curies":[{"name":"wp","href":"https:\/\/api.w.org\/{rel}","templated":true}]}}