{"id":199360,"date":"2025-07-23T08:58:33","date_gmt":"2025-07-23T08:58:33","guid":{"rendered":"https:\/\/radiofenix.com.ar\/2023\/el-gesto-de-milei-a-china-sus-ciudadanos-podran-ingresar-a-la-argentina-sin-visa\/"},"modified":"2025-07-23T08:58:33","modified_gmt":"2025-07-23T08:58:33","slug":"el-gesto-de-milei-a-china-sus-ciudadanos-podran-ingresar-a-la-argentina-sin-visa","status":"publish","type":"post","link":"https:\/\/radiofenix.com.ar\/2023\/el-gesto-de-milei-a-china-sus-ciudadanos-podran-ingresar-a-la-argentina-sin-visa\/","title":{"rendered":"El gesto de Milei a China: sus ciudadanos podr\u00e1n ingresar a la Argentina sin visa"},"content":{"rendered":"<div id=\"\">\n<p data-start=\"722\" data-end=\"1222\">Se interpreta como una se\u00f1al concreta de reciprocidad hacia el gobierno de <strong>Xi Jinping<\/strong>, que<strong> desde el 1 de junio de este a\u00f1o hab\u00eda comenzado un per\u00edodo de prueba que exime de visa a los argentinos, brasile\u00f1os, chilenos, peruanos y uruguayos que viajen a China hasta el 31 de mayo de 2026.<\/strong><\/p>\n<div contenteditable=\"false\" class=\"embed_cont type_imagen\" id=\"8007496-Libre-1694386182_wrap\">\n<p> Milei Xi Jinping G20 <span onclick=\"parent.parent.TinyMCETdcuerpo.preview_embed('8007496-Libre-1694386182')\" class=\"embed_colapse less\" id=\"8007496-Libre-1694386182_colapse\"\/> <span onclick=\"parent.parent.TinyMCETdcuerpo.delete_embed('8007496-Libre-1694386182')\" class=\"embed_delete less\" id=\"8007496-Libre-1694386182_delete\"\/><\/p>\n<div id=\"8007496-Libre-1694386182_content\" class=\"embed_content\"><img loading=\"lazy\" decoding=\"async\" src=\"https:\/\/media.minutouno.com\/p\/1e3d98e6efc97ed223a76a6f45934418\/adjuntos\/150\/imagenes\/041\/978\/0041978111\/milei-xi-jinping-g20.jpg\" alt=\"\" title=\"\" width=\"610\" height=\"456\" id=\"8007496-Libre-1694386182_embed\"\/><\/div>\n<\/p><\/div>\n<p data-start=\"1224\" data-end=\"1788\">El contexto pol\u00edtico global le a\u00f1ade otra capa de tensi\u00f3n a la decisi\u00f3n. Mientras una delegaci\u00f3n argentina permanece en Washington esperando luz verde para avanzar en un acuerdo comercial arancelario con el gobierno de Donald Trump, desde la Casa Rosada siguen multiplicando los gestos hacia Beijing, pese a la presi\u00f3n de Estados Unidos para tomar distancia del gigante asi\u00e1tico.<\/p>\n<p data-start=\"1224\" data-end=\"1788\"><strong>\u201cEstamos bien pero no tan bien como queremos\u201d<\/strong>, expres\u00f3 una fuente del gobierno chino al diario <em data-start=\"1699\" data-end=\"1707\">Clar\u00edn<\/em>, reflejando un v\u00ednculo que, si bien se ha reactivado, a\u00fan transita zonas grises.<\/p>\n<div contenteditable=\"false\" class=\"embed_cont type_imagen\" id=\"2723963-Libre-609951342_wrap\">\n<p> celulares china carril.jpg <span onclick=\"parent.parent.TinyMCETdcuerpo.preview_embed('2723963-Libre-609951342')\" class=\"embed_colapse less\" id=\"2723963-Libre-609951342_colapse\"\/>  <span onclick=\"parent.parent.TinyMCETdcuerpo.delete_embed('2723963-Libre-609951342')\" class=\"embed_delete less\" id=\"2723963-Libre-609951342_delete\"\/><\/p>\n<div id=\"2723963-Libre-609951342_content\" class=\"embed_content\"><img decoding=\"async\" src=\"https:\/\/media.minutouno.com\/p\/f851d2fa56c27d91eb9cf8e67caeccf5\/adjuntos\/150\/imagenes\/029\/186\/0029186747\/610x0\/smart\/los-chinos-tienen-su-propia-senda-el-celular.jpg\" alt=\"Los chinos tienen su propia senda para el celular\" title=\"Los chinos tienen su propia senda para el celular\" width=\"610\" height=\"undefined\" id=\"2723963-Libre-609951342_embed\"\/><\/div>\n<p>Los chinos tienen su propia senda para el celular<\/p>\n<\/p><\/div>\n<p data-start=\"1790\" data-end=\"2246\">El viernes pasado, otro gesto de sinton\u00eda fue la firma de un memor\u00e1ndum entre ambos pa\u00edses para reanudar las obras de las represas Jorge Cepernic y N\u00e9stor Kirchner, paralizadas durante a\u00f1os en la provincia de Santa Cruz. Adem\u00e1s, el Ejecutivo elimin\u00f3 los aranceles de importaci\u00f3n para los autos el\u00e9ctricos de la marca china BYD, lo que tambi\u00e9n fue le\u00eddo como un paso en la apertura del mercado argentino hacia la industria tecnol\u00f3gica y energ\u00e9tica de China.<\/p>\n<p data-start=\"2248\" data-end=\"2694\">A pesar de su ret\u00f3rica liberal alineada con Occidente, el mandatario parece entender que la relaci\u00f3n con China es indispensable para sostener inversiones estrat\u00e9gicas, exportaciones y cooperaci\u00f3n tecnol\u00f3gica en un escenario internacional cada vez m\u00e1s polarizado.<\/p>\n<div contenteditable=\"false\" class=\"embed_cont type_freetext\" rel=\"freetext\" id=\"embed6_wrap\">\n<p> Embed <span onclick=\"parent.parent.TinyMCETdcuerpo.preview_embed('embed6')\" class=\"embed_colapse less\" id=\"embed6_colapse\"\/>  <span onclick=\"parent.parent.TinyMCETdcuerpo.delete_embed('embed6')\" class=\"embed_delete less\" id=\"embed6_delete\"\/><\/p>\n<div id=\"embed6_content\" class=\"embed_content\">\n<div id=\"embed6_embed\">\n<figure class=\"figure\"><a href=\"https:\/\/t.me\/minutounocom\" target=\"_blank\" rel=\"noopener\"><img decoding=\"async\" src=\"https:\/\/media.minutouno.com\/adjuntos\/150\/banners\/039\/099\/0039099175.jpg\" class=\"figure-img img-fluid\" style=\"width:100%;height:auto;\"\/><\/a><\/figure>\n<\/p><\/div>\n<\/div><\/div>\n<\/div>\n<p><a href=\"https:\/\/www.minutouno.com\/politica\/el-gesto-milei-china-sus-ciudadanos-podran-ingresar-la-argentina-visa-n6169318\">source<\/a><\/p>\n","protected":false},"excerpt":{"rendered":"<p>Se interpreta como una se\u00f1al concreta de reciprocidad hacia el gobierno de Xi Jinping, que&#8230;<\/p>\n","protected":false},"author":0,"featured_media":199361,"comment_status":"open","ping_status":"open","sticky":false,"template":"","format":"standard","meta":{"footnotes":""},"categories":[2],"tags":[],"class_list":["post-199360","post","type-post","status-publish","format-standard","has-post-thumbnail","hentry","category-politica"],"featured_image_urls":{"full":["https:\/\/radiofenix.com.ar\/2023\/wp-content\/uploads\/2025\/07\/wp-header-logo-134.png",610,456,false],"thumbnail":["https:\/\/radiofenix.com.ar\/2023\/wp-content\/uploads\/2025\/07\/wp-header-logo-134-150x150.png",150,150,true],"medium":["https:\/\/radiofenix.com.ar\/2023\/wp-content\/uploads\/2025\/07\/wp-header-logo-134-300x224.png",300,224,true],"medium_large":["https:\/\/radiofenix.com.ar\/2023\/wp-content\/uploads\/2025\/07\/wp-header-logo-134.png",610,456,false],"large":["https:\/\/radiofenix.com.ar\/2023\/wp-content\/uploads\/2025\/07\/wp-header-logo-134.png",610,456,false],"1536x1536":["https:\/\/radiofenix.com.ar\/2023\/wp-content\/uploads\/2025\/07\/wp-header-logo-134.png",610,456,false],"2048x2048":["https:\/\/radiofenix.com.ar\/2023\/wp-content\/uploads\/2025\/07\/wp-header-logo-134.png",610,456,false],"newsium-slider-full":["https:\/\/radiofenix.com.ar\/2023\/wp-content\/uploads\/2025\/07\/wp-header-logo-134.png",610,456,false],"newsium-featured":["https:\/\/radiofenix.com.ar\/2023\/wp-content\/uploads\/2025\/07\/wp-header-logo-134.png",610,456,false],"newsium-medium":["https:\/\/radiofenix.com.ar\/2023\/wp-content\/uploads\/2025\/07\/wp-header-logo-134.png",610,456,false]},"author_info":{"info":[""]},"category_info":"<a href=\"https:\/\/radiofenix.com.ar\/2023\/category\/politica\/\" rel=\"category tag\">Pol\u00edtica<\/a>","tag_info":"Pol\u00edtica","comment_count":"0","_links":{"self":[{"href":"https:\/\/radiofenix.com.ar\/2023\/wp-json\/wp\/v2\/posts\/199360","targetHints":{"allow":["GET"]}}],"collection":[{"href":"https:\/\/radiofenix.com.ar\/2023\/wp-json\/wp\/v2\/posts"}],"about":[{"href":"https:\/\/radiofenix.com.ar\/2023\/wp-json\/wp\/v2\/types\/post"}],"replies":[{"embeddable":true,"href":"https:\/\/radiofenix.com.ar\/2023\/wp-json\/wp\/v2\/comments?post=199360"}],"version-history":[{"count":0,"href":"https:\/\/radiofenix.com.ar\/2023\/wp-json\/wp\/v2\/posts\/199360\/revisions"}],"wp:featuredmedia":[{"embeddable":true,"href":"https:\/\/radiofenix.com.ar\/2023\/wp-json\/wp\/v2\/media\/199361"}],"wp:attachment":[{"href":"https:\/\/radiofenix.com.ar\/2023\/wp-json\/wp\/v2\/media?parent=199360"}],"wp:term":[{"taxonomy":"category","embeddable":true,"href":"https:\/\/radiofenix.com.ar\/2023\/wp-json\/wp\/v2\/categories?post=199360"},{"taxonomy":"post_tag","embeddable":true,"href":"https:\/\/radiofenix.com.ar\/2023\/wp-json\/wp\/v2\/tags?post=199360"}],"curies":[{"name":"wp","href":"https:\/\/api.w.org\/{rel}","templated":true}]}}