{"id":199370,"date":"2025-07-24T08:58:14","date_gmt":"2025-07-24T08:58:14","guid":{"rendered":"https:\/\/radiofenix.com.ar\/2023\/el-supremo-de-brasil-rechaza-la-injerencia-de-estados-unidos-en-su-independencia-judicial\/"},"modified":"2025-07-24T08:58:14","modified_gmt":"2025-07-24T08:58:14","slug":"el-supremo-de-brasil-rechaza-la-injerencia-de-estados-unidos-en-su-independencia-judicial","status":"publish","type":"post","link":"https:\/\/radiofenix.com.ar\/2023\/el-supremo-de-brasil-rechaza-la-injerencia-de-estados-unidos-en-su-independencia-judicial\/","title":{"rendered":"El Supremo de Brasil rechaza la injerencia de Estados Unidos en su independencia judicial"},"content":{"rendered":"<div><!-- Body --><\/p>\n<p>El <b>Supremo Tribunal Federal<\/b> (STF) de <b>Brasil <\/b>critic\u00f3 este martes los \u00ab<b\/><a href=\"https:\/\/www.pagina12.com.ar\/842818-brasil-lula-respondio-a-trump-con-firmeza-y-propuesta-de-dia\"><b>intentos de injerencia pol\u00edtica, <\/b>nacional o internacional<\/a>\u00bb tras las <b>sanciones <\/b>impuestas por<b> Estados Unidos <\/b>sobre <a href=\"https:\/\/www.pagina12.com.ar\/841931-el-juez-barroso-responde-a-trump-en-brasil-no-hay-persecucio\">sus miembros<\/a>, que incluyeron la revocaci\u00f3n del visado al juez <b>Alexandre de Moraes<\/b><i> (foto)<\/i>, encargado del <b><a href=\"https:\/\/www.pagina12.com.ar\/842271-la-fiscalia-brasilena-exige-pena-de-carcel-para-bolsonaro-po\">proceso judicial<\/a><\/b> contra el expresidente <b><a href=\"https:\/\/www.pagina12.com.ar\/832940-bolsonaro-nego-haber-tramado-un-golpe-pero-admitio-haber-bus\">Jair Bolsonaro<\/a><\/b>, as\u00ed como a <b>sus familiares y a aquellos considerados sus \u00abaliados\u00bb en el Tribunal.<\/b><\/p>\n<p>\u00abLa injerencia, tanto <b>interna como externa<\/b>, en el libre ejercicio del Poder Judicial <b>atenta contra los pilares del Estado de Derecho<\/b>, ya que erosiona la independencia, imparcialidad y honestidad que deben regir la labor de los jueces\u00bb, afirm\u00f3 la mesa directiva del STF en un comunicado publicado en su sitio web. En \u00e9l, subrayan que \u00abdesde cualquier perspectiva, resultan <b>injustificables <\/b>los intentos de interferencia pol\u00edtica en su funcionamiento y en la actuaci\u00f3n independiente de sus miembros\u00bb.<\/p>\n<p>El pronunciamiento \u2014firmado, entre otros, por el presidente del Tribunal, <b>Antonio Herman Benjamin<\/b>\u2014 se conoci\u00f3 apenas cuatro d\u00edas despu\u00e9s de que el secretario de Estado de Estados Unidos, <b>Marco Rubio<\/b>, ordenara <b>retirar el visado a de Moraes, sus allegados en la Corte y sus familiares<\/b>. Esta decisi\u00f3n se produjo luego de que el magistrado dictara <b>medidas cautelares<\/b> contra Bolsonaro, acusado de financiar desde Estados Unidos una operaci\u00f3n para sostener su inocencia.<\/p>\n<p>\u00abBrasil se rige por principios como la <b>igualdad entre naciones, la no intervenci\u00f3n y la soluci\u00f3n pac\u00edfica de los conflictos<\/b>\u00ab, recoge el comunicado. En este contexto, el m\u00e1ximo \u00f3rgano judicial brasile\u00f1o advirti\u00f3 que \u00ab<b>presionar o amenazar a jueces y a sus familias con el objetivo de alterar o distorsionar la aplicaci\u00f3n de la ley debilita y deslegitima la esencia misma de un sistema de justicia fundado en el principio de que la ley se aplica por igual a todos<\/b>\u00ab.<\/p>\n<p><!-- Live Blog Post --><\/div>\n<p><a href=\"https:\/\/www.pagina12.com.ar\/844199-el-supremo-de-brasil-rechaza-injerencia-de-estados-unidos-en\">source<\/a><\/p>\n","protected":false},"excerpt":{"rendered":"<p>El Supremo Tribunal Federal (STF) de Brasil critic\u00f3 este martes los \u00abintentos de injerencia pol\u00edtica,&#8230;<\/p>\n","protected":false},"author":0,"featured_media":199371,"comment_status":"open","ping_status":"open","sticky":false,"template":"","format":"standard","meta":{"footnotes":""},"categories":[60],"tags":[],"class_list":["post-199370","post","type-post","status-publish","format-standard","has-post-thumbnail","hentry","category-internacional"],"featured_image_urls":{"full":["https:\/\/radiofenix.com.ar\/2023\/wp-content\/uploads\/2025\/07\/wp-header-logo-139.png",960,540,false],"thumbnail":["https:\/\/radiofenix.com.ar\/2023\/wp-content\/uploads\/2025\/07\/wp-header-logo-139-150x150.png",150,150,true],"medium":["https:\/\/radiofenix.com.ar\/2023\/wp-content\/uploads\/2025\/07\/wp-header-logo-139-300x169.png",300,169,true],"medium_large":["https:\/\/radiofenix.com.ar\/2023\/wp-content\/uploads\/2025\/07\/wp-header-logo-139-768x432.png",640,360,true],"large":["https:\/\/radiofenix.com.ar\/2023\/wp-content\/uploads\/2025\/07\/wp-header-logo-139.png",640,360,false],"1536x1536":["https:\/\/radiofenix.com.ar\/2023\/wp-content\/uploads\/2025\/07\/wp-header-logo-139.png",960,540,false],"2048x2048":["https:\/\/radiofenix.com.ar\/2023\/wp-content\/uploads\/2025\/07\/wp-header-logo-139.png",960,540,false],"newsium-slider-full":["https:\/\/radiofenix.com.ar\/2023\/wp-content\/uploads\/2025\/07\/wp-header-logo-139.png",960,540,false],"newsium-featured":["https:\/\/radiofenix.com.ar\/2023\/wp-content\/uploads\/2025\/07\/wp-header-logo-139.png",960,540,false],"newsium-medium":["https:\/\/radiofenix.com.ar\/2023\/wp-content\/uploads\/2025\/07\/wp-header-logo-139-720x475.png",720,475,true]},"author_info":{"info":[""]},"category_info":"<a href=\"https:\/\/radiofenix.com.ar\/2023\/category\/internacional\/\" rel=\"category tag\">Internacional<\/a>","tag_info":"Internacional","comment_count":"0","_links":{"self":[{"href":"https:\/\/radiofenix.com.ar\/2023\/wp-json\/wp\/v2\/posts\/199370","targetHints":{"allow":["GET"]}}],"collection":[{"href":"https:\/\/radiofenix.com.ar\/2023\/wp-json\/wp\/v2\/posts"}],"about":[{"href":"https:\/\/radiofenix.com.ar\/2023\/wp-json\/wp\/v2\/types\/post"}],"replies":[{"embeddable":true,"href":"https:\/\/radiofenix.com.ar\/2023\/wp-json\/wp\/v2\/comments?post=199370"}],"version-history":[{"count":0,"href":"https:\/\/radiofenix.com.ar\/2023\/wp-json\/wp\/v2\/posts\/199370\/revisions"}],"wp:featuredmedia":[{"embeddable":true,"href":"https:\/\/radiofenix.com.ar\/2023\/wp-json\/wp\/v2\/media\/199371"}],"wp:attachment":[{"href":"https:\/\/radiofenix.com.ar\/2023\/wp-json\/wp\/v2\/media?parent=199370"}],"wp:term":[{"taxonomy":"category","embeddable":true,"href":"https:\/\/radiofenix.com.ar\/2023\/wp-json\/wp\/v2\/categories?post=199370"},{"taxonomy":"post_tag","embeddable":true,"href":"https:\/\/radiofenix.com.ar\/2023\/wp-json\/wp\/v2\/tags?post=199370"}],"curies":[{"name":"wp","href":"https:\/\/api.w.org\/{rel}","templated":true}]}}