{"id":199372,"date":"2025-07-24T08:58:15","date_gmt":"2025-07-24T08:58:15","guid":{"rendered":"https:\/\/radiofenix.com.ar\/2023\/sebastian-pareja-le-marco-la-cancha-a-santiago-caputo-tabula-rasa\/"},"modified":"2025-07-24T08:58:15","modified_gmt":"2025-07-24T08:58:15","slug":"sebastian-pareja-le-marco-la-cancha-a-santiago-caputo-tabula-rasa","status":"publish","type":"post","link":"https:\/\/radiofenix.com.ar\/2023\/sebastian-pareja-le-marco-la-cancha-a-santiago-caputo-tabula-rasa\/","title":{"rendered":"Sebasti\u00e1n Pareja le marc\u00f3 la cancha a Santiago Caputo: &quot;T\u00e1bula rasa&quot;"},"content":{"rendered":"<div id=\"\">\n<p>\u201cHay paz interna. Hicimos un cierre de listas espectacular, no tuvimos los problemas que tuvo el peronismo. Estas cuestiones que se ven en los diarios a m\u00ed no me lo vinieron a manifestar nadie. No tuve reproches de nadie. <span class=\"saysCMSEmphasis\" id=\"saysCMSEmphasisapu8lhoxhq5\">Estamos hablando de un mundo virtual. Aquel que ataca a los candidatos del Presidente est\u00e1 atacando al modelo del Presidente\u00bb<\/span><span id=\"saysCMSEmphasisj5hfj80lp2c\"\/>, sostuvo Pareja sobre la repercusi\u00f3n que se dio mayormente en redes sociales.<\/p>\n<div contenteditable=\"false\" class=\"embed_cont type_imagen\" id=\"8102517-Libre-1415555370_wrap\">\n<p> sebastian pareja <span onclick=\"parent.parent.TinyMCETdcuerpo.preview_embed('8102517-Libre-1415555370')\" class=\"embed_colapse less\" id=\"8102517-Libre-1415555370_colapse\"\/> <span onclick=\"parent.parent.TinyMCETdcuerpo.delete_embed('8102517-Libre-1415555370')\" class=\"embed_delete less\" id=\"8102517-Libre-1415555370_delete\"\/><\/p>\n<div id=\"8102517-Libre-1415555370_content\" class=\"embed_content\"><img decoding=\"async\" src=\"https:\/\/media.minutouno.com\/p\/c8c13853743d69c728645b9fe5bac447\/adjuntos\/150\/imagenes\/042\/602\/0042602293\/610x0\/smart\/sebastian-pareja.png\" alt=\"\" title=\"\" width=\"610\" height=\"undefined\" id=\"8102517-Libre-1415555370_embed\"\/><\/div>\n<\/p><\/div>\n<p>Y explic\u00f3: \u201cLa Libertad Avanza en la provincia de Buenos Aires se fue conformando con distintas estructuras y sectores. <strong>Si bien Las Fuerzas del Cielo tienen revalencia en materia digital y una relaci\u00f3n personal muy buena con Javier y Karina Milei, atr\u00e1s de ellos hay muchas agrupaciones pol\u00edticas que no tienen tanta visibilidad,<\/strong> como la escuela de formaci\u00f3n de gobierno, la l\u00ednea de trabajo p\u00farpura, la l\u00ednea de trabajo en las secundarias y universidades, la de docentes por la libertad&#8230; Hay estructuras que le fueron dando solidez al partido y de todas ellas tratamos de extraer lo mejor\u201d.<\/p>\n<div contenteditable=\"false\" class=\"embed_cont type_imagen\" id=\"8103797-Libre-2105134681_wrap\">\n<p>karina milei santiago caputo <span onclick=\"parent.parent.TinyMCETdcuerpo.preview_embed('8103797-Libre-2105134681')\" class=\"embed_colapse less\" id=\"8103797-Libre-2105134681_colapse\"\/>  <span onclick=\"parent.parent.TinyMCETdcuerpo.delete_embed('8103797-Libre-2105134681')\" class=\"embed_delete less\" id=\"8103797-Libre-2105134681_delete\"\/><\/p>\n<div id=\"8103797-Libre-2105134681_content\" class=\"embed_content\"><img loading=\"lazy\" decoding=\"async\" src=\"https:\/\/media.minutouno.com\/p\/cfd29df38a509e858dd9ca78b8da2d9e\/adjuntos\/150\/imagenes\/042\/610\/0042610455\/karina-milei-santiago-caputo.jpg\" alt=\"Karina Milei y Santiago Caputo.\" title=\"Karina Milei y Santiago Caputo.\" width=\"610\" height=\"428\" id=\"8103797-Libre-2105134681_embed\"\/><\/div>\n<div id=\"8103797-Libre-2105134681_epigrafe\" class=\"embed_epigrafe\">\n<p> Karina Milei y Santiago Caputo.<\/p>\n<\/div><\/div>\n<p><strong> \u201cTratamos de cumplir, no con cupos, porque caer\u00edamos en una l\u00f3gica de anta\u00f1o, sino m\u00e1s bien por el m\u00e9rito, el trabajo, el aporte y el futuro <\/strong>que le vemos a lo que hay que hacer en la provincia de Buenos Aires. A partir de ah\u00ed se fueron delimitando las candidaturas\u201d, sostuvo Pareja.<\/p>\n<p>En ese sentido, enfatiz\u00f3: \u201cHoy para nosotros lo puro radica en aquellas personas que abrazan las ideas de la libertad, que defienden al Presidente de la Naci\u00f3n y sus modelos. Si encuentro perfiles de personas por su capacidad t\u00e9cnica, profesional y trabajo que llevan a delante, defienden a rajatabla las ideas de este Gobierno, m\u00e1s puro que eso no hay. <strong>Puede haber gente que tenga un antecedente en el tiempo vinculado con el liberalismo, pero a la hora de defenderlo es un desastre. Hay que poner las cosas en la balanza y elegir lo mejor para el Gobierno<\/strong>\u201d.<\/p>\n<p><span class=\"saysCMSEmphasis\" id=\"saysCMSEmphasis995geq1f1do\">\u201cEl Presidente ha dado una gran definici\u00f3n como es la \u2018tabula rasa\u2019, que implica un barrido con todo lo que fue anterior al 2023. Aquel que no lo entienda, est\u00e1 combatiendo directamente al Presidente de la Naci\u00f3n\u00bb,<\/span> afirm\u00f3 Pareja en di\u00e1logo con <em>Radio Rivadavia.<\/em><\/p>\n<p>Se refiri\u00f3 entonces a la candidatura de <strong>Pablo Morillo<\/strong> en la Segunda Secci\u00f3n Electoral, quien en 2021 hab\u00eda elogiado al gobernador bonaerense Axel Kicillof: \u201c<strong>Cualquiera tiene derecho a cambiar.<\/strong> No estamos hablando de un militante K. Y aunque fuera el caso, vayamos a buscarlos. No a los \u2018kukas\u2019 porque ya est\u00e1n identificados con una idea y la van a seguir cueste lo que cueste. Tenemos que rescatar a los que pueden abrazar las ideas de la libertad, defender un proyecto de provincia y de pa\u00eds\u201d, sostuvo.<\/p>\n<p>A su vez, no dej\u00f3 de mencionar que \u00aben el medio hab\u00eda un acuerdo con un partido importante como lo es el <strong>PRO<\/strong>, a quien hab\u00eda que respetarle no en el cupo sino la posibilidad de expresarse en las listas. Tambi\u00e9n hay sectores como el de<strong> Patricia Bullrich<\/strong>, desprendidos del PRO e incorporados a La Libertad Avanza pero que tambi\u00e9n ten\u00edan que tener un reconocimiento porque tienen su tarea territorial\u201d.<\/p>\n<p>\u201cEn ese combo, hay expectativas que quiz\u00e1s no se terminaron de cumplir, pero las listas de La Libertad Avanza son muy representativas\u201d, sostuvo.<\/p>\n<div contenteditable=\"false\" class=\"embed_cont type_freetext\" rel=\"freetext\" id=\"embed20_wrap\">\n<p>Embed <span onclick=\"parent.parent.TinyMCETdcuerpo.preview_embed('embed20')\" class=\"embed_colapse less\" id=\"embed20_colapse\"\/>  <span onclick=\"parent.parent.TinyMCETdcuerpo.delete_embed('embed20')\" class=\"embed_delete less\" id=\"embed20_delete\"\/><\/p>\n<div id=\"embed20_content\" class=\"embed_content\">\n<div id=\"embed20_embed\">\n<figure class=\"figure\"><a href=\"https:\/\/t.me\/minutounocom\" target=\"_blank\"><img decoding=\"async\" src=\"https:\/\/media.minutouno.com\/adjuntos\/150\/banners\/039\/099\/0039099175.jpg\" class=\"figure-img img-fluid\" style=\"width:100%;height:auto;\"\/><\/a><\/figure>\n<\/p><\/div>\n<\/div><\/div>\n<\/p><\/div>\n<p><a href=\"https:\/\/www.minutouno.com\/politica\/sebastian-pareja-le-marco-la-cancha-santiago-caputo-tabula-rasa-n6170219\">source<\/a><\/p>\n","protected":false},"excerpt":{"rendered":"<p>\u201cHay paz interna. Hicimos un cierre de listas espectacular, no tuvimos los problemas que tuvo&#8230;<\/p>\n","protected":false},"author":0,"featured_media":199373,"comment_status":"open","ping_status":"open","sticky":false,"template":"","format":"standard","meta":{"footnotes":""},"categories":[2],"tags":[],"class_list":["post-199372","post","type-post","status-publish","format-standard","has-post-thumbnail","hentry","category-politica"],"featured_image_urls":{"full":["https:\/\/radiofenix.com.ar\/2023\/wp-content\/uploads\/2025\/07\/wp-header-logo-140.png",610,358,false],"thumbnail":["https:\/\/radiofenix.com.ar\/2023\/wp-content\/uploads\/2025\/07\/wp-header-logo-140-150x150.png",150,150,true],"medium":["https:\/\/radiofenix.com.ar\/2023\/wp-content\/uploads\/2025\/07\/wp-header-logo-140-300x176.png",300,176,true],"medium_large":["https:\/\/radiofenix.com.ar\/2023\/wp-content\/uploads\/2025\/07\/wp-header-logo-140.png",610,358,false],"large":["https:\/\/radiofenix.com.ar\/2023\/wp-content\/uploads\/2025\/07\/wp-header-logo-140.png",610,358,false],"1536x1536":["https:\/\/radiofenix.com.ar\/2023\/wp-content\/uploads\/2025\/07\/wp-header-logo-140.png",610,358,false],"2048x2048":["https:\/\/radiofenix.com.ar\/2023\/wp-content\/uploads\/2025\/07\/wp-header-logo-140.png",610,358,false],"newsium-slider-full":["https:\/\/radiofenix.com.ar\/2023\/wp-content\/uploads\/2025\/07\/wp-header-logo-140.png",610,358,false],"newsium-featured":["https:\/\/radiofenix.com.ar\/2023\/wp-content\/uploads\/2025\/07\/wp-header-logo-140.png",610,358,false],"newsium-medium":["https:\/\/radiofenix.com.ar\/2023\/wp-content\/uploads\/2025\/07\/wp-header-logo-140.png",610,358,false]},"author_info":{"info":[""]},"category_info":"<a href=\"https:\/\/radiofenix.com.ar\/2023\/category\/politica\/\" rel=\"category tag\">Pol\u00edtica<\/a>","tag_info":"Pol\u00edtica","comment_count":"0","_links":{"self":[{"href":"https:\/\/radiofenix.com.ar\/2023\/wp-json\/wp\/v2\/posts\/199372","targetHints":{"allow":["GET"]}}],"collection":[{"href":"https:\/\/radiofenix.com.ar\/2023\/wp-json\/wp\/v2\/posts"}],"about":[{"href":"https:\/\/radiofenix.com.ar\/2023\/wp-json\/wp\/v2\/types\/post"}],"replies":[{"embeddable":true,"href":"https:\/\/radiofenix.com.ar\/2023\/wp-json\/wp\/v2\/comments?post=199372"}],"version-history":[{"count":0,"href":"https:\/\/radiofenix.com.ar\/2023\/wp-json\/wp\/v2\/posts\/199372\/revisions"}],"wp:featuredmedia":[{"embeddable":true,"href":"https:\/\/radiofenix.com.ar\/2023\/wp-json\/wp\/v2\/media\/199373"}],"wp:attachment":[{"href":"https:\/\/radiofenix.com.ar\/2023\/wp-json\/wp\/v2\/media?parent=199372"}],"wp:term":[{"taxonomy":"category","embeddable":true,"href":"https:\/\/radiofenix.com.ar\/2023\/wp-json\/wp\/v2\/categories?post=199372"},{"taxonomy":"post_tag","embeddable":true,"href":"https:\/\/radiofenix.com.ar\/2023\/wp-json\/wp\/v2\/tags?post=199372"}],"curies":[{"name":"wp","href":"https:\/\/api.w.org\/{rel}","templated":true}]}}