{"id":199378,"date":"2025-07-25T08:58:10","date_gmt":"2025-07-25T08:58:10","guid":{"rendered":"https:\/\/radiofenix.com.ar\/2023\/el-gobierno-anulo-examenes-de-aspirantes-a-residentes\/"},"modified":"2025-07-25T08:58:10","modified_gmt":"2025-07-25T08:58:10","slug":"el-gobierno-anulo-examenes-de-aspirantes-a-residentes","status":"publish","type":"post","link":"https:\/\/radiofenix.com.ar\/2023\/el-gobierno-anulo-examenes-de-aspirantes-a-residentes\/","title":{"rendered":"El Gobierno anul\u00f3 ex\u00e1menes de aspirantes a residentes"},"content":{"rendered":"<div><!-- Body --><\/p>\n<p>El vocero presidencial,\u00a0<b>Manuel Adorni,<\/b>\u00a0anunci\u00f3 que <b>los ex\u00e1menes de los aspirantes a residentes que aprobaron con m\u00e1s de 86 puntos ser\u00e1n anulados y deber\u00e1n ser reprogramados<\/b>\u00a0debido a que una investigaci\u00f3n habr\u00eda arrojado <b>\u00abresultados sospechosos\u00bb<\/b>. En ese contexto, el vocero resalt\u00f3 que \u00abaparecen notas sospechosas mayores a 90 puntos\u00bb y, de forma xen\u00f3foba,<b> apunt\u00f3 contra los estudiantes recibidos en universidades extranjeras<\/b>. El funcionario especific\u00f3 que <b>la medida afecta a \u00ab268 postulantes, de los cuales 149 poseen t\u00edtulos habilitantes de universidades extranjeras y 119 con t\u00edtulos habilitantes de universidades nacionales\u00bb<\/b>.\u00a0<\/p>\n<p>Adorni intent\u00f3 argumentar que \u00abun diploma de honor de la Universidad de Buenos Aires obtiene entre 80 y 90 puntos en el examen\u00bb, pero que en esta \u00faltima oportunidad existi\u00f3 <b>\u00abun patr\u00f3n de desempe\u00f1o an\u00f3malo con resultados inusuales\u00bb<\/b>.\u00a0<\/p>\n<p>Para Adorni, esta situaci\u00f3n fue \u00abllamativa\u00bb luego de que se corrigiera \u00abuna injusticia que perjudicaba a los m\u00e9dicos formados en universidades argentinas por sobre quienes lo hicieron en las universidades extranjeras\u00bb. Las\u00a0<b>medidas contra los residentes extranjeros fueron cuestionadas<\/b> por los profesionales.<\/p>\n<h2>La respuesta de los residentes\u00a0<\/h2>\n<p>El residente del Hospital Penna\u00a0<b>Franco Capone<\/b>\u00a0record\u00f3 el <b>cambio institucional por el que los residentes dejar\u00e1n de ser considerados como tales y pasar\u00e1n a ser becarios<\/b>. \u00abSe<b>\u00a0rindi\u00f3 un examen que ten\u00eda un contrato y al d\u00eda siguiente lo cambi\u00f3 el Ejecutivo<\/b>\u00ab, sostuvo. Capone tambi\u00e9n asegur\u00f3 que \u00abel examen de residencia tiene bastante que ver con <i>Los Juegos del Hambre<\/i>\u00bb ya que<b> \u00abhay muy pocos cupos para especialidades como dermatolog\u00eda,\u00a0otorrinolaringolog\u00eda y neurocirug\u00eda\u00bb<\/b>. Sin embargo, el residente del Penna reproch\u00f3 que esto ocurre \u00abporque\u00a0<b>no se quiere invertir<\/b>\u00a0en una mayor cantidad de cupos\u00bb.<\/p>\n<p>Respecto al examen, el profesional del Hospital Penna entiende que <b>\u00abdeber\u00eda haber una comisi\u00f3n investigadora independiente compuesta por nosotros residentes, por docentes o coordinadores de las residencias y estudiantes\u00bb<\/b>, y no por el Gobierno \u00abque lo \u00fanico que viene haciendo es campa\u00f1a contra los extranjeros\u00bb. Adem\u00e1s calific\u00f3 al hecho como <b>un paso m\u00e1s para \u00abel vaciamiento de las residencias\u00bb<\/b> y como una respuesta frente a los masivos apoyos que reciben.\u00a0<\/p>\n<p>Por su parte, <b>Mariana Rueda<\/b>, psic\u00f3loga residente del Prin Lan\u00fas e integrante de la Comisi\u00f3n Provincial de Residentes, consider\u00f3\u00a0esta decisi\u00f3n como <b>\u00abun ataque del gobierno de Milei y de Adorni para deslegitimar a los residentes en su conjunto y desalentar el ingreso a las residencias\u00bb<\/b>.<\/p>\n<p>La residente advirti\u00f3 que el examen al que se presentaron 13.000 personas sufri\u00f3\u00a0\u00abun ataque ideol\u00f3gico sobre la bibliograf\u00eda porque se <b>sacaron\u00a0contenidos con perspectiva de g\u00e9nero<\/b> con poca anticipaci\u00f3n\u00bb y lament\u00f3 que<b> hubo \u00abcorrecciones mal hechas\u00bb<\/b>. Indic\u00f3 que eso se hizo \u00abpara volver a hablar de las residencias, que hoy es parte de la agenda nacional, y siempre desde un \u00e1ngulo peyorativo\u00bb.<\/p>\n<h2>Residentes contra la xenofobia<\/h2>\n<p>Franco Capone catalog\u00f3 la medida del gobierno nacional como <b>\u00abuna campa\u00f1a xen\u00f3foba impresionante\u00bb<\/b>\u00a0y lament\u00f3 que<b> \u00aben la salud en general hay un fuerte mensaje xen\u00f3fobo\u00bb<\/b>, por ejemplo cuando \u00aba la gente que viene de otro pa\u00eds en algunas provincias se les cobra, algo que no pas\u00f3 nunca en nuestro pa\u00eds\u00bb en la salud p\u00fablica. El residente<b> agradeci\u00f3 que hubiera profesionales extranjeros \u00abporque sino, no habr\u00eda nadie para atender\u00bb<\/b>, tanto en barrios humildes como en zonas de clase alta.<\/p>\n<p>Adem\u00e1s, anunci\u00f3 que este viernes habr\u00e1 una asamblea para discutir un paro y movilizaci\u00f3n por el reclamo salarial y contra el sistema de becas. \u00ab<b>Habr\u00e1 una respuesta antixen\u00f3foba\u00bb, adelant\u00f3<\/b>.<\/p>\n<p>Mariana Rueda tambi\u00e9n rechaz\u00f3 la xenofobia del Gobierno porque <b>centraron la acusaci\u00f3n \u00aben los profesionales extranjeros\u00bb<\/b>. De todas formas, la psic\u00f3loga residente reconoci\u00f3 que \u00abno es el primer ataque que estamos viendo para las residencias y los residentes extranjeros\u00bb.\u00a0<\/p>\n<p><i>Informe: Juan Mart\u00edn Bravo<\/i><\/p>\n<p><!-- Live Blog Post --><\/div>\n<p><a href=\"https:\/\/www.pagina12.com.ar\/844516-el-gobierno-anulo-examenes-de-aspirantes-a-residentes\">source<\/a><\/p>\n","protected":false},"excerpt":{"rendered":"<p>El vocero presidencial,\u00a0Manuel Adorni,\u00a0anunci\u00f3 que los ex\u00e1menes de los aspirantes a residentes que aprobaron con&#8230;<\/p>\n","protected":false},"author":0,"featured_media":199379,"comment_status":"open","ping_status":"open","sticky":false,"template":"","format":"standard","meta":{"footnotes":""},"categories":[7],"tags":[],"class_list":["post-199378","post","type-post","status-publish","format-standard","has-post-thumbnail","hentry","category-sociedad"],"featured_image_urls":{"full":["https:\/\/radiofenix.com.ar\/2023\/wp-content\/uploads\/2025\/07\/wp-header-logo-143.png",960,540,false],"thumbnail":["https:\/\/radiofenix.com.ar\/2023\/wp-content\/uploads\/2025\/07\/wp-header-logo-143-150x150.png",150,150,true],"medium":["https:\/\/radiofenix.com.ar\/2023\/wp-content\/uploads\/2025\/07\/wp-header-logo-143-300x169.png",300,169,true],"medium_large":["https:\/\/radiofenix.com.ar\/2023\/wp-content\/uploads\/2025\/07\/wp-header-logo-143-768x432.png",640,360,true],"large":["https:\/\/radiofenix.com.ar\/2023\/wp-content\/uploads\/2025\/07\/wp-header-logo-143.png",640,360,false],"1536x1536":["https:\/\/radiofenix.com.ar\/2023\/wp-content\/uploads\/2025\/07\/wp-header-logo-143.png",960,540,false],"2048x2048":["https:\/\/radiofenix.com.ar\/2023\/wp-content\/uploads\/2025\/07\/wp-header-logo-143.png",960,540,false],"newsium-slider-full":["https:\/\/radiofenix.com.ar\/2023\/wp-content\/uploads\/2025\/07\/wp-header-logo-143.png",960,540,false],"newsium-featured":["https:\/\/radiofenix.com.ar\/2023\/wp-content\/uploads\/2025\/07\/wp-header-logo-143.png",960,540,false],"newsium-medium":["https:\/\/radiofenix.com.ar\/2023\/wp-content\/uploads\/2025\/07\/wp-header-logo-143-720x475.png",720,475,true]},"author_info":{"info":[""]},"category_info":"<a href=\"https:\/\/radiofenix.com.ar\/2023\/category\/sociedad\/\" rel=\"category tag\">Sociedad<\/a>","tag_info":"Sociedad","comment_count":"0","_links":{"self":[{"href":"https:\/\/radiofenix.com.ar\/2023\/wp-json\/wp\/v2\/posts\/199378","targetHints":{"allow":["GET"]}}],"collection":[{"href":"https:\/\/radiofenix.com.ar\/2023\/wp-json\/wp\/v2\/posts"}],"about":[{"href":"https:\/\/radiofenix.com.ar\/2023\/wp-json\/wp\/v2\/types\/post"}],"replies":[{"embeddable":true,"href":"https:\/\/radiofenix.com.ar\/2023\/wp-json\/wp\/v2\/comments?post=199378"}],"version-history":[{"count":0,"href":"https:\/\/radiofenix.com.ar\/2023\/wp-json\/wp\/v2\/posts\/199378\/revisions"}],"wp:featuredmedia":[{"embeddable":true,"href":"https:\/\/radiofenix.com.ar\/2023\/wp-json\/wp\/v2\/media\/199379"}],"wp:attachment":[{"href":"https:\/\/radiofenix.com.ar\/2023\/wp-json\/wp\/v2\/media?parent=199378"}],"wp:term":[{"taxonomy":"category","embeddable":true,"href":"https:\/\/radiofenix.com.ar\/2023\/wp-json\/wp\/v2\/categories?post=199378"},{"taxonomy":"post_tag","embeddable":true,"href":"https:\/\/radiofenix.com.ar\/2023\/wp-json\/wp\/v2\/tags?post=199378"}],"curies":[{"name":"wp","href":"https:\/\/api.w.org\/{rel}","templated":true}]}}