{"id":199380,"date":"2025-07-25T08:58:11","date_gmt":"2025-07-25T08:58:11","guid":{"rendered":"https:\/\/radiofenix.com.ar\/2023\/los-hinchas-de-boca-y-un-banderazo-contra-la-dirigencia\/"},"modified":"2025-07-25T08:58:11","modified_gmt":"2025-07-25T08:58:11","slug":"los-hinchas-de-boca-y-un-banderazo-contra-la-dirigencia","status":"publish","type":"post","link":"https:\/\/radiofenix.com.ar\/2023\/los-hinchas-de-boca-y-un-banderazo-contra-la-dirigencia\/","title":{"rendered":"Los hinchas de Boca y un banderazo contra la dirigencia"},"content":{"rendered":"<div><!-- Body --><\/p>\n<p>Boca perdi\u00f3 2-1 con Atl\u00e9tico Tucum\u00e1n en Santiago del Estero y qued\u00f3 eliminado de la Copa Argentina. La derrota cal\u00f3 hondo en Miguel angel Russo y en los jugadores, incluido el reci\u00e9n llegado Leandro Paredes. Los hinchas manifestaron su bronca en las redes con cuestionamientos dirigidos tambi\u00e9n a Juan Rom\u00e1n Riquelme, y desde cuentas opositoras se lanz\u00f3 la propuesta de un banderazo en contra de la gesti\u00f3n del presidente.<\/p>\n<p>El club atraviesa su hora m\u00e1s dif\u00edcil desde que Riquelme est\u00e1 a cargo del f\u00fatbol profesional, primero en su rol de vicepresidente y ahora como m\u00e1xima autoridad tras ganar las elecciones de diciembre de 2023. El equipo que conduce Russo se qued\u00f3 afuera de la Copa Argentina tras caer ante Atl\u00e9tico Tucum\u00e1n, y acumula diez partidos sin victorias. El que sali\u00f3 a dar explicaciones del mal momento deportivo fue Mauricio Serna, miembro del Consejo de F\u00fatbol.\u00a0<\/p>\n<p>El colombiano le pidi\u00f3 a los fan\u00e1ticos que contin\u00faen apoyando al equipo, a pesar de que acumula diez partidos sin victorias, la peor racha de su historia. \u00abEl primer paso es hacer autocr\u00edtica. Somos los primeros que queremos ganar siempre. Le pedimos disculpas a los hinchas\u00bb, dijo. Adem\u00e1s, le dej\u00f3 un mensaje al plantel: \u00abDe ac\u00e1 en adelante, cada partido lo tenemos que jugar como si fuese el \u00faltimo\u00bb.<\/p>\n<p>En di\u00e1logo con <i>ESPN<\/i>, el exvolante central revel\u00f3 que Russo \u00abest\u00e1 golpeado\u00bb, pero que tiene la fuerza y la experiencia para revertir la situaci\u00f3n. El entrenador a\u00fan no conoce la victoria en su tercer ciclo en el club: acumula cuatro empates y dos derrotas. Sobre el duelo con los tucumanos, Serna asegur\u00f3: \u00abCreamos muchas oportunidades, pero sabemos que no alcanza\u00bb.<\/p>\n<p>En relaci\u00f3n a los \u00faltimos d\u00edas de Carlos Palacios, que estuvo ausente en los convocados para el compromiso en Santiago, Serna revalid\u00f3 la versi\u00f3n del futbolista. \u00abPalacios jug\u00f3 en el Mundial de Clubes con molestias. Despu\u00e9s del partido con Uni\u00f3n se hizo estudios y tiene inflamadas las dos rodillas. No viaj\u00f3 a Santiago del Estero por decisi\u00f3n del cuerpo m\u00e9dico y del cuerpo t\u00e9cnico\u00bb, confirm\u00f3.\u00a0<\/p>\n<p>El que habl\u00f3 tambi\u00e9n fue Mario Pergolini, quien\u00a0fue vicepresidente de Boca cuando Ameal y Riquelme le ganaron las elecciones de 2019 al macrismo. Sin embargo, el conductor termin\u00f3 renunciando al a\u00f1o de su arribo al club como consecuencia de sus roces con el exfutbolista. \u00abEs una dirigencia que dej\u00f3 de funcionar. Compra mal. Juega gente que no se sabe porqu\u00e9. Parece que lo hacen para provocar. Como grupo social hemos dado nuestro veredicto: los chiflamos&#8230;\u00bb, dijo como parte del grupo que asiste a a la cancha y se manifiesta en contra de algunos jugadores.<\/p>\n<p>\u00abNuestro presidente no sabe comprar, qued\u00f3 demostrado. Y si lo sabe es un perverso porque est\u00e1 comprando gente que no sirve\u00bb, continu\u00f3 el hombre que fue parte del inicio de esta gesti\u00f3n que arranc\u00f3 con Amor Ameal como cabeza.<\/p>\n<p><!-- Live Blog Post --><\/div>\n<p><a href=\"https:\/\/www.pagina12.com.ar\/844549-los-hinchas-de-boca-y-un-banderazo-contra-la-dirigencia\">source<\/a><\/p>\n","protected":false},"excerpt":{"rendered":"<p>Boca perdi\u00f3 2-1 con Atl\u00e9tico Tucum\u00e1n en Santiago del Estero y qued\u00f3 eliminado de la&#8230;<\/p>\n","protected":false},"author":0,"featured_media":199381,"comment_status":"open","ping_status":"open","sticky":false,"template":"","format":"standard","meta":{"footnotes":""},"categories":[3],"tags":[],"class_list":["post-199380","post","type-post","status-publish","format-standard","has-post-thumbnail","hentry","category-deportes"],"featured_image_urls":{"full":["https:\/\/radiofenix.com.ar\/2023\/wp-content\/uploads\/2025\/07\/wp-header-logo-144.png",960,540,false],"thumbnail":["https:\/\/radiofenix.com.ar\/2023\/wp-content\/uploads\/2025\/07\/wp-header-logo-144-150x150.png",150,150,true],"medium":["https:\/\/radiofenix.com.ar\/2023\/wp-content\/uploads\/2025\/07\/wp-header-logo-144-300x169.png",300,169,true],"medium_large":["https:\/\/radiofenix.com.ar\/2023\/wp-content\/uploads\/2025\/07\/wp-header-logo-144-768x432.png",640,360,true],"large":["https:\/\/radiofenix.com.ar\/2023\/wp-content\/uploads\/2025\/07\/wp-header-logo-144.png",640,360,false],"1536x1536":["https:\/\/radiofenix.com.ar\/2023\/wp-content\/uploads\/2025\/07\/wp-header-logo-144.png",960,540,false],"2048x2048":["https:\/\/radiofenix.com.ar\/2023\/wp-content\/uploads\/2025\/07\/wp-header-logo-144.png",960,540,false],"newsium-slider-full":["https:\/\/radiofenix.com.ar\/2023\/wp-content\/uploads\/2025\/07\/wp-header-logo-144.png",960,540,false],"newsium-featured":["https:\/\/radiofenix.com.ar\/2023\/wp-content\/uploads\/2025\/07\/wp-header-logo-144.png",960,540,false],"newsium-medium":["https:\/\/radiofenix.com.ar\/2023\/wp-content\/uploads\/2025\/07\/wp-header-logo-144-720x475.png",720,475,true]},"author_info":{"info":[""]},"category_info":"<a href=\"https:\/\/radiofenix.com.ar\/2023\/category\/deportes\/\" rel=\"category tag\">Deportes<\/a>","tag_info":"Deportes","comment_count":"0","_links":{"self":[{"href":"https:\/\/radiofenix.com.ar\/2023\/wp-json\/wp\/v2\/posts\/199380","targetHints":{"allow":["GET"]}}],"collection":[{"href":"https:\/\/radiofenix.com.ar\/2023\/wp-json\/wp\/v2\/posts"}],"about":[{"href":"https:\/\/radiofenix.com.ar\/2023\/wp-json\/wp\/v2\/types\/post"}],"replies":[{"embeddable":true,"href":"https:\/\/radiofenix.com.ar\/2023\/wp-json\/wp\/v2\/comments?post=199380"}],"version-history":[{"count":0,"href":"https:\/\/radiofenix.com.ar\/2023\/wp-json\/wp\/v2\/posts\/199380\/revisions"}],"wp:featuredmedia":[{"embeddable":true,"href":"https:\/\/radiofenix.com.ar\/2023\/wp-json\/wp\/v2\/media\/199381"}],"wp:attachment":[{"href":"https:\/\/radiofenix.com.ar\/2023\/wp-json\/wp\/v2\/media?parent=199380"}],"wp:term":[{"taxonomy":"category","embeddable":true,"href":"https:\/\/radiofenix.com.ar\/2023\/wp-json\/wp\/v2\/categories?post=199380"},{"taxonomy":"post_tag","embeddable":true,"href":"https:\/\/radiofenix.com.ar\/2023\/wp-json\/wp\/v2\/tags?post=199380"}],"curies":[{"name":"wp","href":"https:\/\/api.w.org\/{rel}","templated":true}]}}