{"id":199390,"date":"2025-07-26T08:58:08","date_gmt":"2025-07-26T08:58:08","guid":{"rendered":"https:\/\/radiofenix.com.ar\/2023\/fuerte-ajuste-a-los-cartoneros\/"},"modified":"2025-07-26T08:58:08","modified_gmt":"2025-07-26T08:58:08","slug":"fuerte-ajuste-a-los-cartoneros","status":"publish","type":"post","link":"https:\/\/radiofenix.com.ar\/2023\/fuerte-ajuste-a-los-cartoneros\/","title":{"rendered":"Fuerte ajuste a los cartoneros\u00a0"},"content":{"rendered":"<div><!-- Body --><\/p>\n<p>El <b>Gobierno de la Ciudad de Buenos Aires<\/b> (GCBA) anunci\u00f3 que <b>dejar\u00e1 de pagar los traslados de los recuperadores urbanos<\/b> que d\u00eda a d\u00eda llegan desde el <b>conurbano <\/b>bonaerense a la ciudad. Los afectados son m\u00e1s de la mitad de los alrededor de <b>6 mil trabajadores y trabajadoras<\/b> cartoneros que hacen esa labor esencial de reciclado y limpieza del territorio porte\u00f1o, y que ahora <b>deber\u00e1n pagar el viaje con sus salarios<\/b> que, aseguran, no llegan ni a los 400 mil pesos mensuales. Sostienen que la decisi\u00f3n hace \u00ab<b>inviable<\/b>\u00bb el traslado de los y las trabajadoras, por lo que \u00abimplica una <b>vulneraci\u00f3n grave<\/b> que pone en riesgo miles de puestos de trabajo\u00bb.\u00a0<\/p>\n<p>La medida ya hab\u00eda sido anticipada por el Gobierno porte\u00f1o, pero se oficializ\u00f3 este viernes a trav\u00e9s de un comunicado del <b>Ministerio de Espacio P\u00fablico e Higiene Urbana<\/b>, que tiene a su cargo el programa BA Recicla. De ese programa dependen los\u00a0m\u00e1s de 6 mil recuperadores urbanos organizados en<strong> 12 cooperativas<\/strong> que prestan el servicio formal de recolecci\u00f3n diferenciada, <b>recorriendo los barrios<\/b>, recolectando los materiales reciclables y clasific\u00e1ndolos en los Centros Verdes.\u00a0<\/p>\n<h2>Llaman \u00abprivilegio\u00bb al traslado<\/h2>\n<p>Algunas de esas cooperativas tienen locaci\u00f3n en la propia Ciudad de Buenos Aires, pero otra buena parte est\u00e1n asentadas en la <b>Provincia<\/b>, por lo que sus trabajadores contaban hasta el momento con <b>traslado diario ida y vuelta en colectivos particulares<\/b> garantizados por el Gobierno porte\u00f1o para viajar desde distintos puntos del conurbano. Para el GCBA, sin embargo, ese viaje constitu\u00eda un \u00ab<b>privilegio<\/b>\u00bb que \u00abbeneficiaba a un grupo reducido de cooperativas\u00bb, ya que el resto de los trabajadores y trabajadoras<b>\u00a0<\/b>que realizan las mismas tareas \u00ab<b>nunca accedieron al mismo trato<\/b>\u00ab.\u00a0<\/p>\n<p>Desde Espacio P\u00fablico sostienen que el traslado diario costaba 6 mil millones de pesos anuales, que ser\u00edan ahora destinados, seg\u00fan indicaron, a\u00a0obras de infraestructura en los centros de reciclaje, en las rutas de recolecci\u00f3n y un aumento de la capacidad operativa. El titular de la cartera de Espacio P\u00fablico e Higiene Urbana, <b>Ignacio Baistrocchi<\/b>, dijo que \u00ab<b>e<\/b><strong>stamos construyendo un esquema transparente, justo y eficiente<\/strong>, donde todos los recuperadores est\u00e9n bajo las mismas reglas\u00bb.<\/p>\n<p>La respuesta a la postura oficial no tard\u00f3 en llegar por parte de las cooperativas, incluso de aquellas con domicilio en la Ciudad y que no necesitaban el traslado diario. Nucleadas en la\u00a0<b>Federaci\u00f3n Argentina de Cartoneros, Carreros y Recicladores<\/b> (FACCyR), emitieron un comunicado en el que advirtieron, primero, que \u00abhoy el incentivo salarial de los cartoneros y cartoneras de CABA se encuentra en <b>390 mil pesos<\/b>\u00bb y que \u00abde suspenderse el traslado, un <b>20 por ciento de los salarios ser\u00edan destinados al transporte<\/b> que nos lleva a laburar\u00bb.<\/p>\n<h2>\u00abCuidamos el ambiente\u00bb<\/h2>\n<p>Desde la cooperativa <b>Amanecer de los Cartoneros<\/b>, dentro del Movimiento de Trabajadores Excluidos, una de las acusadas por el Gobierno porte\u00f1o de recibir el \u00abprivilegio\u00bb del transporte, tambi\u00e9n se expresaron sosteniendo que \u00abahora tenemos que <b>costear el traslado cobrando una miseria<\/b>, mientras los precios de los materiales caen por la apertura de importaciones\u00bb. \u00abLos cartoneros no contaminamos, reciclamos, le ahorramos millones al Estado y <b>cuidamos el ambiente<\/b>\u00ab, a\u00f1adieron. <\/p>\n<p>Los y las trabajadoras de la federaci\u00f3n indicaron que el traslado ida y vuelta al conurbano es un \u00ab<b>derecho adquirido<\/b>\u00bb hace ya <b>18 a\u00f1os<\/b> y \u00abest\u00e1 garantizado como parte del <b>sistema de reciclado de inclusi\u00f3n<\/b>\u00ab. \u00abSurgi\u00f3 ante la imposibilidad de asumir el costo y la falta de capacidad del transporte p\u00fablico\u00bb, precisaron. Y agregaron que hoy en d\u00eda lo utilizan \u00abm\u00e1s de <b>3500 trabajadores<\/b> que pueden acceder a sus recorridos y garantizar el servicio de higiene urbana\u00bb.\u00a0<\/p>\n<p>La federaci\u00f3n hace hincapi\u00e9, as\u00ed, en que la necesidad del traslado no es solamente econ\u00f3mica sino que tiene que ver con la <b>imposibilidad de viajar en transporte p\u00fablico<\/b> desde los distintos puntos del conurbano a la ciudad. No s\u00f3lo porque los colectivos o trenes <b>no dan abasto<\/b> para la demanda de tantos trabajadores al un\u00edsono, sino porque los <b>recorridos y demoras<\/b> en la llegada a la ciudad se har\u00edan mucho m\u00e1s <b>extensos<\/b>, dificultando incluso la puesta en marcha de los recorridos de reciclado.\u00a0<\/p>\n<p>Apuntan que \u00abresulta <b>inviable <\/b>que el servicio p\u00fablico de transporte absorba lo que brinda el GCBA porque las <b>l\u00edneas de colectivos no est\u00e1n preparadas para absorber semejante capacidad de trabajadores<\/b>, viniendo la gran mayor\u00eda todos a la misma hora desde los mismos puntos\u00bb. En este sentido aseguran que \u00abno hubo <b>ning\u00fan tipo de preparaci\u00f3n ni de planificaci\u00f3n<\/b> sobre c\u00f3mo se har\u00eda esta transici\u00f3n\u00bb.<\/p>\n<h2>Retrocede la inclusi\u00f3n<\/h2>\n<p>\u00abEl servicio de traslado para los asociados a las cooperativas que prestan servicio de higiene urbana constituye un <b>est\u00e1ndar de protecci\u00f3n<\/b> que no puede perderse, su eliminaci\u00f3n implicar\u00eda un <b>retroceso en las pol\u00edticas de inclusi\u00f3n <\/b>y reconocimiento del trabajo que desarrollamos, vulnerando el principio de no regresividad en materia de <b>derechos econ\u00f3micos, sociales, culturales y ambientales<\/b>, en especial respecto de grupos hist\u00f3ricamente vulnerados, y tambi\u00e9n afecta a la <b>viabilidad t\u00e9cnica y operativa del funcionamiento general del sistema<\/b>\u00ab, aseveraron. Y a\u00f1adieron que \u00abesto va a contramano de la normativa internacional y local que el GCBA debe garantizar\u00bb.\u00a0<\/p>\n<p>El trabajo de los y las recuperadoras est\u00e1 <b>garantizado por distintas leyes locales<\/b> desde la creaci\u00f3n en <b>2002 <\/b>de esa figura legal a trav\u00e9s de la <b>Ley N\u00b0992<\/b> aprobada ese a\u00f1o por la Legislatura. Desde entonces se sumaron distintas leyes y resoluciones que <b>ampliaron la cobertura de su trabajo,<\/b> as\u00ed como sus derechos y conformaron el actual marco legal por el que funciona el programa que permite a los m\u00e1s de 6 mil trabajadores ir <b>puerta por puerta<\/b> de cada barrio en busca de los materiales reciclables.\u00a0<\/p>\n<p><!-- Live Blog Post --><\/div>\n<p><a href=\"https:\/\/www.pagina12.com.ar\/844820-fuerte-ajuste-a-los-cartoneros\">source<\/a><\/p>\n","protected":false},"excerpt":{"rendered":"<p>El Gobierno de la Ciudad de Buenos Aires (GCBA) anunci\u00f3 que dejar\u00e1 de pagar los&#8230;<\/p>\n","protected":false},"author":0,"featured_media":199391,"comment_status":"open","ping_status":"open","sticky":false,"template":"","format":"standard","meta":{"footnotes":""},"categories":[7],"tags":[],"class_list":["post-199390","post","type-post","status-publish","format-standard","has-post-thumbnail","hentry","category-sociedad"],"featured_image_urls":{"full":["https:\/\/radiofenix.com.ar\/2023\/wp-content\/uploads\/2025\/07\/wp-header-logo-149.png",960,540,false],"thumbnail":["https:\/\/radiofenix.com.ar\/2023\/wp-content\/uploads\/2025\/07\/wp-header-logo-149-150x150.png",150,150,true],"medium":["https:\/\/radiofenix.com.ar\/2023\/wp-content\/uploads\/2025\/07\/wp-header-logo-149-300x169.png",300,169,true],"medium_large":["https:\/\/radiofenix.com.ar\/2023\/wp-content\/uploads\/2025\/07\/wp-header-logo-149-768x432.png",640,360,true],"large":["https:\/\/radiofenix.com.ar\/2023\/wp-content\/uploads\/2025\/07\/wp-header-logo-149.png",640,360,false],"1536x1536":["https:\/\/radiofenix.com.ar\/2023\/wp-content\/uploads\/2025\/07\/wp-header-logo-149.png",960,540,false],"2048x2048":["https:\/\/radiofenix.com.ar\/2023\/wp-content\/uploads\/2025\/07\/wp-header-logo-149.png",960,540,false],"newsium-slider-full":["https:\/\/radiofenix.com.ar\/2023\/wp-content\/uploads\/2025\/07\/wp-header-logo-149.png",960,540,false],"newsium-featured":["https:\/\/radiofenix.com.ar\/2023\/wp-content\/uploads\/2025\/07\/wp-header-logo-149.png",960,540,false],"newsium-medium":["https:\/\/radiofenix.com.ar\/2023\/wp-content\/uploads\/2025\/07\/wp-header-logo-149-720x475.png",720,475,true]},"author_info":{"info":[""]},"category_info":"<a href=\"https:\/\/radiofenix.com.ar\/2023\/category\/sociedad\/\" rel=\"category tag\">Sociedad<\/a>","tag_info":"Sociedad","comment_count":"0","_links":{"self":[{"href":"https:\/\/radiofenix.com.ar\/2023\/wp-json\/wp\/v2\/posts\/199390","targetHints":{"allow":["GET"]}}],"collection":[{"href":"https:\/\/radiofenix.com.ar\/2023\/wp-json\/wp\/v2\/posts"}],"about":[{"href":"https:\/\/radiofenix.com.ar\/2023\/wp-json\/wp\/v2\/types\/post"}],"replies":[{"embeddable":true,"href":"https:\/\/radiofenix.com.ar\/2023\/wp-json\/wp\/v2\/comments?post=199390"}],"version-history":[{"count":0,"href":"https:\/\/radiofenix.com.ar\/2023\/wp-json\/wp\/v2\/posts\/199390\/revisions"}],"wp:featuredmedia":[{"embeddable":true,"href":"https:\/\/radiofenix.com.ar\/2023\/wp-json\/wp\/v2\/media\/199391"}],"wp:attachment":[{"href":"https:\/\/radiofenix.com.ar\/2023\/wp-json\/wp\/v2\/media?parent=199390"}],"wp:term":[{"taxonomy":"category","embeddable":true,"href":"https:\/\/radiofenix.com.ar\/2023\/wp-json\/wp\/v2\/categories?post=199390"},{"taxonomy":"post_tag","embeddable":true,"href":"https:\/\/radiofenix.com.ar\/2023\/wp-json\/wp\/v2\/tags?post=199390"}],"curies":[{"name":"wp","href":"https:\/\/api.w.org\/{rel}","templated":true}]}}