{"id":199396,"date":"2025-07-26T08:58:13","date_gmt":"2025-07-26T08:58:13","guid":{"rendered":"https:\/\/radiofenix.com.ar\/2023\/senadores-de-union-por-la-patria-exigiran-la-expulsion-de-peter-lamelas-si-es-designado-embajador\/"},"modified":"2025-07-26T08:58:13","modified_gmt":"2025-07-26T08:58:13","slug":"senadores-de-union-por-la-patria-exigiran-la-expulsion-de-peter-lamelas-si-es-designado-embajador","status":"publish","type":"post","link":"https:\/\/radiofenix.com.ar\/2023\/senadores-de-union-por-la-patria-exigiran-la-expulsion-de-peter-lamelas-si-es-designado-embajador\/","title":{"rendered":"Senadores de Uni\u00f3n por la Patria exigir\u00e1n la expulsi\u00f3n de Peter Lamelas si es designado embajador"},"content":{"rendered":"<div id=\"\">\n<div contenteditable=\"false\" class=\"embed_cont type_imagen\" id=\"8104531-Libre-1049722516_wrap\">\n<p>florencia lopez senadora de uxp <span onclick=\"parent.parent.TinyMCETdcuerpo.preview_embed('8104531-Libre-1049722516')\" class=\"embed_colapse less\" id=\"8104531-Libre-1049722516_colapse\"\/>  <span onclick=\"parent.parent.TinyMCETdcuerpo.delete_embed('8104531-Libre-1049722516')\" class=\"embed_delete less\" id=\"8104531-Libre-1049722516_delete\"\/><\/p>\n<div id=\"8104531-Libre-1049722516_content\" class=\"embed_content\"><img loading=\"lazy\" decoding=\"async\" src=\"https:\/\/media.minutouno.com\/p\/46e2bbd8cf68f9fc91e4c0ba56862b67\/adjuntos\/150\/imagenes\/042\/615\/0042615327\/florencia-lopez-senadora-uxp.jpg\" alt=\"Florencia L\u00f3pez, senadora nacional de Uni\u00f3n por la Patria por La Rioja\" title=\"Florencia L\u00f3pez, senadora nacional de Uni\u00f3n por la Patria por La Rioja\" width=\"610\" height=\"456\" id=\"8104531-Libre-1049722516_embed\"\/><\/div>\n<div id=\"8104531-Libre-1049722516_epigrafe\" class=\"embed_epigrafe\">\n<p> Florencia L\u00f3pez, senadora nacional de Uni\u00f3n por la Patria por La Rioja<\/p>\n<\/div><\/div>\n<p>\u201c<strong>No se puede aceptar a un embajador que viene y habla de Argentina como que tiene que eliminar pr\u00e1cticamente a las provincias, <\/strong>en contra del sistema federal y de nuestra Constituci\u00f3n Nacional, meti\u00e9ndose en temas internos, aplaudiendo la proscripci\u00f3n de Cristina Fern\u00e1ndez y, hasta inclusive, en un momento la hace responsable del atentado a la AMIA\u201d, afirm\u00f3.<\/p>\n<p>Ante el Comit\u00e9 de Relaciones Exteriores del Congreso estadounidense, Lamelas hab\u00eda expresado: \u201cEl problema con Argentina es un problema multifac\u00e9tico. Hay 23 provincias, cada una con su propio gobierno. Y sus gobiernos podr\u00edan negociar con potencias extranjeras, con China u otros, para realizar proyectos en esa provincia en particular. Esto tambi\u00e9n puede generar corrupci\u00f3n por parte de China.<strong> Una de mis funciones como embajador ser\u00eda viajar a todas las provincias, dialogar y establecer una verdadera colaboraci\u00f3n con esos gobiernos<\/strong>\u201d.<\/p>\n<p>\u201cPresentar como que el problema de Argentina son las provincias, decir que el problema es que el territorio est\u00e1 dividido. Para Estados Unidos el problema es el federalismo y la gente que vivimos en las provincias. Por eso nos parece repudiable como lo ha planteado y peor nos parece la relaci\u00f3n de Argentina con Estados Unidos, pr\u00e1cticamente de s\u00fabditos y de aceptar todos lo que ellos digan como si fu\u00e9ramos una colonia\u201d, a\u00f1adi\u00f3 L\u00f3pez en di\u00e1logo con <em>Radio Rivadavia<\/em>.<\/p>\n<p>\u201c<strong>Espero que ahora se rechace a este embajador y que se impida su ingreso al pa\u00eds. Y si es que \u00e9l ingresa, nosotros vamos a pedir su expulsi\u00f3n que piensa de esta forma de los argentinos y las provincias. <\/strong>\u00bfQu\u00e9 es eso de que ellos van a venir a eliminar la corrupci\u00f3n de las provincias y meterse en la relaci\u00f3n con China? Todo lo que dijo es una afrenta para nuestro pa\u00eds\u201d, sostuvo.<\/p>\n<p>Respecto al proceso de designaci\u00f3n, explic\u00f3 que en este caso \u201cno es como nuestros embajadores que pasan por el Senado a propuesta del Presidente de la Naci\u00f3n\u00bb sino que lo elige el pa\u00eds de origen. \u00abPero s\u00ed Argentina puede reservarse la expulsi\u00f3n de ese embajador. En este caso vendr\u00eda a ser el Poder Ejecutivo. Pero no creo que lo hagan\u201d, a\u00f1adi\u00f3.<\/p>\n<p>En este punto, en un tono m\u00e1s \u00edntimo, la senadora asegur\u00f3 que le da \u201cverg\u00fcenza\u201d la \u201crelaci\u00f3n que tiene el Presidente con Estados Unidos\u201d, con Donald Trump y Elon Musk. \u201cNo creo que nada de lo que haga Estados Unidos afecte al Presidente de la Naci\u00f3n. En ese sentido, ser\u00e1 el Senado el que tenga que tomar la posta en el tema\u201d, dijo.<\/p>\n<p>Por \u00faltimo, lanz\u00f3 una fuerte cr\u00edtica a Javier Milei: \u201c<strong>Para m\u00ed Lamelas va a ser embajador y va a ser aplaudido hasta por el propio Presidente<\/strong>. Qu\u00e9 podemos espera de un extranjero si el propio Presidente aborrece a Argentina. Prefiere ponerse una escarapela de otro pa\u00eds, quiere vanagloriar a Israel, habla mal de los argentinos&#8230; Tuvo un ministro que dijo que Argentina es hermosa, pero el \u00fanico problema que tiene son los argentinos. Tenemos un Presidente que es anti-patria. Y cualquier cosa que se diga en contra de la patria a \u00e9l no le parece mal. En cualquier momento va empezar a izar la bandera de Estados Unidos. Est\u00e1 arrodillado ante la potencia extranjera. Los pa\u00edses ven esta actitud y se aprovechan, porque ven un Presidente y una rep\u00fablica entregada\u201d.<\/p>\n<div contenteditable=\"false\" class=\"embed_cont type_freetext\" rel=\"freetext\" id=\"embed67_wrap\">\n<p>Embed <span onclick=\"parent.parent.TinyMCETdcuerpo.preview_embed('embed67')\" class=\"embed_colapse less\" id=\"embed67_colapse\"\/>  <span onclick=\"parent.parent.TinyMCETdcuerpo.delete_embed('embed67')\" class=\"embed_delete less\" id=\"embed67_delete\"\/><\/p>\n<div id=\"embed67_content\" class=\"embed_content\">\n<div id=\"embed67_embed\">\n<figure class=\"figure\"><a href=\"https:\/\/t.me\/minutounocom\" target=\"_blank\"><img decoding=\"async\" src=\"https:\/\/media.minutouno.com\/adjuntos\/150\/banners\/039\/099\/0039099175.jpg\" class=\"figure-img img-fluid\" style=\"width:100%;height:auto;\"\/><\/a><\/figure>\n<\/p><\/div>\n<\/div><\/div>\n<\/p><\/div>\n<p><a href=\"https:\/\/www.minutouno.com\/politica\/senadores-union-la-patria-exigiran-la-expulsion-peter-lamelas-si-es-designado-embajador-n6170695\">source<\/a><\/p>\n","protected":false},"excerpt":{"rendered":"<p>florencia lopez senadora de uxp Florencia L\u00f3pez, senadora nacional de Uni\u00f3n por la Patria por&#8230;<\/p>\n","protected":false},"author":0,"featured_media":199397,"comment_status":"open","ping_status":"open","sticky":false,"template":"","format":"standard","meta":{"footnotes":""},"categories":[2],"tags":[],"class_list":["post-199396","post","type-post","status-publish","format-standard","has-post-thumbnail","hentry","category-politica"],"featured_image_urls":{"full":["https:\/\/radiofenix.com.ar\/2023\/wp-content\/uploads\/2025\/07\/wp-header-logo-152.png",610,456,false],"thumbnail":["https:\/\/radiofenix.com.ar\/2023\/wp-content\/uploads\/2025\/07\/wp-header-logo-152-150x150.png",150,150,true],"medium":["https:\/\/radiofenix.com.ar\/2023\/wp-content\/uploads\/2025\/07\/wp-header-logo-152-300x224.png",300,224,true],"medium_large":["https:\/\/radiofenix.com.ar\/2023\/wp-content\/uploads\/2025\/07\/wp-header-logo-152.png",610,456,false],"large":["https:\/\/radiofenix.com.ar\/2023\/wp-content\/uploads\/2025\/07\/wp-header-logo-152.png",610,456,false],"1536x1536":["https:\/\/radiofenix.com.ar\/2023\/wp-content\/uploads\/2025\/07\/wp-header-logo-152.png",610,456,false],"2048x2048":["https:\/\/radiofenix.com.ar\/2023\/wp-content\/uploads\/2025\/07\/wp-header-logo-152.png",610,456,false],"newsium-slider-full":["https:\/\/radiofenix.com.ar\/2023\/wp-content\/uploads\/2025\/07\/wp-header-logo-152.png",610,456,false],"newsium-featured":["https:\/\/radiofenix.com.ar\/2023\/wp-content\/uploads\/2025\/07\/wp-header-logo-152.png",610,456,false],"newsium-medium":["https:\/\/radiofenix.com.ar\/2023\/wp-content\/uploads\/2025\/07\/wp-header-logo-152.png",610,456,false]},"author_info":{"info":[""]},"category_info":"<a href=\"https:\/\/radiofenix.com.ar\/2023\/category\/politica\/\" rel=\"category tag\">Pol\u00edtica<\/a>","tag_info":"Pol\u00edtica","comment_count":"0","_links":{"self":[{"href":"https:\/\/radiofenix.com.ar\/2023\/wp-json\/wp\/v2\/posts\/199396","targetHints":{"allow":["GET"]}}],"collection":[{"href":"https:\/\/radiofenix.com.ar\/2023\/wp-json\/wp\/v2\/posts"}],"about":[{"href":"https:\/\/radiofenix.com.ar\/2023\/wp-json\/wp\/v2\/types\/post"}],"replies":[{"embeddable":true,"href":"https:\/\/radiofenix.com.ar\/2023\/wp-json\/wp\/v2\/comments?post=199396"}],"version-history":[{"count":0,"href":"https:\/\/radiofenix.com.ar\/2023\/wp-json\/wp\/v2\/posts\/199396\/revisions"}],"wp:featuredmedia":[{"embeddable":true,"href":"https:\/\/radiofenix.com.ar\/2023\/wp-json\/wp\/v2\/media\/199397"}],"wp:attachment":[{"href":"https:\/\/radiofenix.com.ar\/2023\/wp-json\/wp\/v2\/media?parent=199396"}],"wp:term":[{"taxonomy":"category","embeddable":true,"href":"https:\/\/radiofenix.com.ar\/2023\/wp-json\/wp\/v2\/categories?post=199396"},{"taxonomy":"post_tag","embeddable":true,"href":"https:\/\/radiofenix.com.ar\/2023\/wp-json\/wp\/v2\/tags?post=199396"}],"curies":[{"name":"wp","href":"https:\/\/api.w.org\/{rel}","templated":true}]}}